{"id":3851,"date":"2023-11-30T17:12:44","date_gmt":"2023-11-30T17:12:44","guid":{"rendered":"https:\/\/www.fbycc.org\/?p=3851"},"modified":"2023-11-30T17:14:20","modified_gmt":"2023-11-30T17:14:20","slug":"certificacion-de-absorciones-de-carbono-ultimas-posiciones-del-parlamento-europeo-y-propuesta-de-la-comision-para-impulsar-la-neutralidad-climatica","status":"publish","type":"post","link":"https:\/\/www.fbycc.org\/index.php\/2023\/11\/30\/certificacion-de-absorciones-de-carbono-ultimas-posiciones-del-parlamento-europeo-y-propuesta-de-la-comision-para-impulsar-la-neutralidad-climatica\/","title":{"rendered":"Certificaci\u00f3n de Absorciones de Carbono: \u00daltimas Posiciones del Parlamento Europeo y Propuesta de la Comisi\u00f3n para Impulsar la Neutralidad Clim\u00e1tica"},"content":{"rendered":"<p style=\"text-align: justify;\"><img loading=\"lazy\" decoding=\"async\" class=\"alignnone size-full wp-image-3866\" src=\"https:\/\/www.fbycc.org\/wp-content\/uploads\/2023\/11\/Boletin-DOCUMENTOS.png\" alt=\"\" width=\"2000\" height=\"657\" srcset=\"https:\/\/www.fbycc.org\/wp-content\/uploads\/2023\/11\/Boletin-DOCUMENTOS.png 2000w, https:\/\/www.fbycc.org\/wp-content\/uploads\/2023\/11\/Boletin-DOCUMENTOS-300x99.png 300w, https:\/\/www.fbycc.org\/wp-content\/uploads\/2023\/11\/Boletin-DOCUMENTOS-1024x336.png 1024w, https:\/\/www.fbycc.org\/wp-content\/uploads\/2023\/11\/Boletin-DOCUMENTOS-768x252.png 768w, https:\/\/www.fbycc.org\/wp-content\/uploads\/2023\/11\/Boletin-DOCUMENTOS-1536x505.png 1536w\" sizes=\"auto, (max-width: 2000px) 100vw, 2000px\" \/><\/p>\n<p style=\"text-align: justify;\">La Uni\u00f3n Europea da un nuevo paso hacia su objetivo de neutralidad clim\u00e1tica para 2050 con la propuesta de la Comisi\u00f3n Europea sobre el marco de certificaci\u00f3n de las absorciones de carbono. La propuesta de la Comisi\u00f3n establece un <span style=\"color: #000000;\"><strong>marco voluntario para certificar el almacenamiento de carbono biog\u00e9nico y atmosf\u00e9rico<\/strong><\/span>, abarcando tres tipos de actividades de absorci\u00f3n de carbono: <em>la captura de carbono en suelos agr\u00edcolas, almacenamiento permanente de carbono y almacenamiento duradero de carbono en productos y materiales<\/em>.<\/p>\n<p>&nbsp;<\/p>\n<p style=\"text-align: justify;\"><img loading=\"lazy\" decoding=\"async\" class=\"wp-image-3864 alignleft\" src=\"https:\/\/www.fbycc.org\/wp-content\/uploads\/2023\/11\/Captura-de-pantalla-2023-11-30-175426.png\" alt=\"\" width=\"228\" height=\"305\" srcset=\"https:\/\/www.fbycc.org\/wp-content\/uploads\/2023\/11\/Captura-de-pantalla-2023-11-30-175426.png 413w, https:\/\/www.fbycc.org\/wp-content\/uploads\/2023\/11\/Captura-de-pantalla-2023-11-30-175426-224x300.png 224w\" sizes=\"auto, (max-width: 228px) 100vw, 228px\" \/>La <strong>Comisi\u00f3n Europea<\/strong> considera este marco de certificaciones como una <span style=\"color: #000000;\"><strong>herramienta esencial para alcanzar la neutralidad clim\u00e1tica<\/strong><\/span>, promoviendo el despliegue e inversi\u00f3n en tecnolog\u00edas e iniciativas de absorci\u00f3n de carbono. Bajo esta certificaci\u00f3n, los proyectos de absorci\u00f3n ser\u00e1n sometidos a criterios de calidad y auditor\u00edas independientes para garantizar la autenticidad, durabilidad y control de las eliminaciones de carbono, y supondr\u00e1 un paso fundamental para afrontar la urgencia del cambio clim\u00e1tico, reconociendo que la reducci\u00f3n de emisiones debe complementarse con la eliminaci\u00f3n activa de carbono.<\/p>\n<p style=\"text-align: justify;\">En este sentido, el <strong>Parlamento Europeo<\/strong> ha adoptado una posici\u00f3n destacada, reconociendo la necesidad de incrementar las actividades de absorci\u00f3n de carbono y proteger los sumideros naturales. Con 448 votos a favor, 65 en contra y 114 abstenciones, los eurodiputados <strong>respaldaron la creaci\u00f3n de un sistema que mejore la capacidad de la UE para cuantificar, controlar y verificar las absorciones de carbono<\/strong>, generando confianza y contrarrestando el \u00ablavado verde\u00bb.<\/p>\n<p style=\"text-align: justify;\"><div class=\"tx-spacer clearfix\" style=\"height: 24px\"><\/div>\nLa necesidad de un marco de certificaci\u00f3n se ha destacado en resoluciones anteriores del Parlamento, especialmente en el contexto del Pacto Verde Europeo y el Reglamento sobre el uso de la tierra, el cambio de uso de la tierra y la silvicultura. La propuesta tambi\u00e9n responde a la Resoluci\u00f3n de 2021 sobre el Plan de Acci\u00f3n para la Econom\u00eda Circular y la Resoluci\u00f3n de abril de 2023 sobre los ciclos de carbono sostenibles, y se alinea con la ambici\u00f3n de la UE de convertirse en el primer continente clim\u00e1ticamente neutro para 2050.<\/p>\n<p style=\"text-align: justify;\">Para lograr este objetivo, la UE busca reducir sus emisiones de gases de efecto invernadero y aumentar la eliminaci\u00f3n de carbono de la atm\u00f3sfera, utilizando tecnolog\u00edas innovadoras y soluciones sostenibles. En este sentido<span style=\"color: #000000;\">, la certificaci\u00f3n de absorciones de carbono se presenta como una herramienta esencial e<\/span>n este camino, atrayendo inversiones privadas en proyectos de eliminaci\u00f3n de carbono.<\/p>\n<p style=\"text-align: justify;\">El <strong>siguiente paso<\/strong> implica <strong>negociaciones entre el Parlamento y los Estados miembros de la UE<\/strong>, marcando una fase crucial en el camino hacia un futuro clim\u00e1ticamente sostenible. Esta legislaci\u00f3n responde a las expectativas ciudadanas sobre el cambio clim\u00e1tico y refleja la necesidad de una certificaci\u00f3n basada en una contabilidad del carbono robusta y transparente, seg\u00fan lo expresado en la Conferencia sobre el Futuro de Europa.<\/p>\n<p>&nbsp;<\/p>\n<p><span style=\"font-size: 10pt;\"><em>Para m\u00e1s informaci\u00f3n puedes consultar las siguientes noticias:<br \/>\n<\/em><span style=\"font-size: 11pt;\"><a href=\"https:\/\/www.europarl.europa.eu\/news\/es\/press-room\/20231117IPR12212\/carbon-removals-parliament-wants-eu-certification-scheme-to-boost-uptake\">Carbon removals: Parliament wants EU certification scheme to boost uptake<\/a><\/span><br \/>\n<span style=\"font-size: 11pt;\"><a href=\"https:\/\/ec.europa.eu\/commission\/presscorner\/detail\/en\/ip_22_7156\">European Green Deal: Commission proposes certification of carbon removals to help reach net zero emissions<\/a><br \/>\n<a href=\"https:\/\/ec.europa.eu\/commission\/presscorner\/detail\/es\/ip_22_7156\">Pacto Verde Europeo: La Comisi\u00f3n propone la certificaci\u00f3n de las eliminaciones de CO\u2082 para ayudar a alcanzar las cero emisiones netas<\/a><br \/>\n<\/span><\/span><\/p>\n<p><span style=\"font-size: 10pt;\"><em>[Nota: Este comunicado est\u00e1 basado en informaci\u00f3n proporcionada por fuentes oficiales de la Comisi\u00f3n Europea y el Parlamento Europeo.]<\/em><\/span><\/p>\n","protected":false},"excerpt":{"rendered":"<p>La Uni\u00f3n Europea da un nuevo paso hacia su objetivo de neutralidad clim\u00e1tica para 2050 con la propuesta de la Comisi\u00f3n Europea sobre el marco de certificaci\u00f3n de las absorciones de carbono.<a class=\"moretag\" href=\"https:\/\/www.fbycc.org\/index.php\/2023\/11\/30\/certificacion-de-absorciones-de-carbono-ultimas-posiciones-del-parlamento-europeo-y-propuesta-de-la-comision-para-impulsar-la-neutralidad-climatica\/\">Leer m\u00e1s&#8230;<\/a><\/p>\n","protected":false},"author":5,"featured_media":0,"comment_status":"closed","ping_status":"open","sticky":false,"template":"","format":"standard","meta":{"_monsterinsights_skip_tracking":false,"_monsterinsights_sitenote_active":false,"_monsterinsights_sitenote_note":"","_monsterinsights_sitenote_category":0,"footnotes":""},"categories":[11],"tags":[214,17,209,86,213,215,29,41],"class_list":["post-3851","post","type-post","status-publish","format-standard","hentry","category-noticias","tag-absorcion-de-carbono","tag-cambio-climatico","tag-carbon-removal-certification","tag-comision-europea","tag-net2050","tag-parlamento-europeo","tag-reduccion-de-emisiones","tag-union-europea"],"_links":{"self":[{"href":"https:\/\/www.fbycc.org\/index.php\/wp-json\/wp\/v2\/posts\/3851","targetHints":{"allow":["GET"]}}],"collection":[{"href":"https:\/\/www.fbycc.org\/index.php\/wp-json\/wp\/v2\/posts"}],"about":[{"href":"https:\/\/www.fbycc.org\/index.php\/wp-json\/wp\/v2\/types\/post"}],"author":[{"embeddable":true,"href":"https:\/\/www.fbycc.org\/index.php\/wp-json\/wp\/v2\/users\/5"}],"replies":[{"embeddable":true,"href":"https:\/\/www.fbycc.org\/index.php\/wp-json\/wp\/v2\/comments?post=3851"}],"version-history":[{"count":19,"href":"https:\/\/www.fbycc.org\/index.php\/wp-json\/wp\/v2\/posts\/3851\/revisions"}],"predecessor-version":[{"id":3879,"href":"https:\/\/www.fbycc.org\/index.php\/wp-json\/wp\/v2\/posts\/3851\/revisions\/3879"}],"wp:attachment":[{"href":"https:\/\/www.fbycc.org\/index.php\/wp-json\/wp\/v2\/media?parent=3851"}],"wp:term":[{"taxonomy":"category","embeddable":true,"href":"https:\/\/www.fbycc.org\/index.php\/wp-json\/wp\/v2\/categories?post=3851"},{"taxonomy":"post_tag","embeddable":true,"href":"https:\/\/www.fbycc.org\/index.php\/wp-json\/wp\/v2\/tags?post=3851"}],"curies":[{"name":"wp","href":"https:\/\/api.w.org\/{rel}","templated":true}]}}