{"id":3776,"date":"2023-11-06T16:44:45","date_gmt":"2023-11-06T16:44:45","guid":{"rendered":"https:\/\/www.fbycc.org\/?p=3776"},"modified":"2023-11-06T16:44:45","modified_gmt":"2023-11-06T16:44:45","slug":"cop28-en-el-horizonte-un-llamado-global-para-abordar-el-cambio-climatico","status":"publish","type":"post","link":"https:\/\/www.fbycc.org\/index.php\/2023\/11\/06\/cop28-en-el-horizonte-un-llamado-global-para-abordar-el-cambio-climatico\/","title":{"rendered":"COP28 en el horizonte: Un llamado global para abordar el cambio clim\u00e1tico"},"content":{"rendered":"<p style=\"text-align: justify;\"><img decoding=\"async\" src=\"https:\/\/wwwcdn.imo.org\/localresources\/en\/OurWork\/Environment\/Documents\/UNFCCC\/COP%2028\/Screenshot%202023-09-13%20at%2012.29.59.png?ctag=231018\" alt=\"La OMI en la COP 28\" \/><\/p>\n<p style=\"text-align: justify;\">La Conferencia de las Naciones Unidas sobre el Cambio Clim\u00e1tico (COP), se prepara para su vig\u00e9simo octavo encuentro, que se llevar\u00e1 a cabo en los <strong>Emiratos \u00c1rabes Unidos<\/strong> del <strong>30 de noviembre al 12 de diciembre de 2023<\/strong>, y ser\u00e1 una plataforma para presentar los avances globales en relaci\u00f3n con los objetivos del Acuerdo de Par\u00eds adoptado en la COP21 en 2015.<\/p>\n<p style=\"text-align: left;\"><div class=\"tx-row \">\n<p style=\"text-align: left\"><div class=\"tx-column tx-column-size-1-3\"> <img loading=\"lazy\" decoding=\"async\" class=\"alignnone size-full wp-image-3799\" src=\"https:\/\/www.fbycc.org\/wp-content\/uploads\/2023\/11\/Diseno-sin-titulo.png\" alt=\"\" width=\"856\" height=\"2000\" srcset=\"https:\/\/www.fbycc.org\/wp-content\/uploads\/2023\/11\/Diseno-sin-titulo.png 856w, https:\/\/www.fbycc.org\/wp-content\/uploads\/2023\/11\/Diseno-sin-titulo-128x300.png 128w, https:\/\/www.fbycc.org\/wp-content\/uploads\/2023\/11\/Diseno-sin-titulo-438x1024.png 438w, https:\/\/www.fbycc.org\/wp-content\/uploads\/2023\/11\/Diseno-sin-titulo-768x1794.png 768w, https:\/\/www.fbycc.org\/wp-content\/uploads\/2023\/11\/Diseno-sin-titulo-657x1536.png 657w\" sizes=\"auto, (max-width: 856px) 100vw, 856px\" \/> <\/div>\n<div class=\"tx-column tx-column-size-2-3\">\n<p style=\"text-align: justify\"><div class=\"tx-spacer clearfix\" style=\"height: 4px\"><\/div> Bajo el lema <span style=\"color: #99cc00\"><strong>\u00abUnite.Act.Deliver\u00bb<\/strong><\/span> (Unir, Actuar, Ofrecer resultados), la <span style=\"color: #99cc00\"><strong>COP28<\/strong><\/span> se perfila como un hito crucial en la agenda clim\u00e1tica. Esta conferencia establecer\u00e1 el primer balance mundial de progreso hacia los objetivos del Acuerdo de Par\u00eds, adoptado en la COP21 en 2015, y se centrar\u00e1 en <span style=\"text-decoration: underline\">cuatro ejes fundamentales<\/span>:<\/p>\n<ol>\n<li style=\"text-align: justify\"><strong>Acelerar la Transici\u00f3n Energ\u00e9tica y Reducir las Emisiones para 2030:<\/strong> Uno de los enfoques m\u00e1s destacados de la COP28 es el ambicioso objetivo de triplicar la capacidad de energ\u00eda renovable para 2030. Esto implica un aumento significativo en la producci\u00f3n y uso de fuentes de energ\u00eda limpias y sostenibles.<div class=\"tx-spacer clearfix\" style=\"height: 16px\"><\/div><\/li>\n<li style=\"text-align: justify\"><strong>Avances en Financiaci\u00f3n Clim\u00e1tica:<\/strong> La financiaci\u00f3n clim\u00e1tica es un pilar fundamental de la acci\u00f3n clim\u00e1tica global. Lograr el objetivo de duplicar la financiaci\u00f3n destinada a la adaptaci\u00f3n para 2025 es una prioridad, ya que los pa\u00edses en desarrollo necesitan recursos para enfrentar los desaf\u00edos del cambio clim\u00e1tico. <div class=\"tx-spacer clearfix\" style=\"height: 16px\"><\/div><\/li>\n<li style=\"text-align: justify\"><strong>Poner en el Centro de la Acci\u00f3n Clim\u00e1tica a la Naturaleza y las Personas:<\/strong> La COP28 tiene un fuerte enfoque en la protecci\u00f3n de la naturaleza y en mejorar la calidad de vida de las personas. Esto incluye la implementaci\u00f3n del Fondo para P\u00e9rdidas y Da\u00f1os, aprobado en la COP27, con el prop\u00f3sito de ayudar a los pa\u00edses en desarrollo particularmente vulnerables a los efectos adversos del cambio clim\u00e1tico.<div class=\"tx-spacer clearfix\" style=\"height: 16px\"><\/div><\/li>\n<li style=\"text-align: justify\"><strong>Movilizaci\u00f3n de Todos los Actores para una Conferencia Inclusiva:<\/strong> La COP28 se esfuerza por ser un espacio verdaderamente inclusivo. La colaboraci\u00f3n de todos los actores, desde gobiernos hasta la sociedad civil y el sector privado, es esencial para impulsar el progreso hacia los objetivos clim\u00e1ticos globales.<\/li>\n<\/ol>\n<div class=\"tx-spacer clearfix\" style=\"height: 24px\"><\/div><strong><a href=\"https:\/\/www.cop28.com\/thematic-program\">\u00a0 \u00a0 \u00a0 \u00a0 \u00a0Enlace al programa tem\u00e1tico COP28<\/a><\/strong><\/p>\n<\/div>\n<\/div>\n<p>&nbsp;<\/p>\n<p><strong><div class=\"tx-heading\" style=\"margin-bottom:24px; text-align: left;\"><h3 class=\"tx-heading-tag\" style=\"font-size:24px;\">Or\u00edgenes de la COP<\/h3><\/div><\/strong><\/p>\n<p style=\"text-align: justify;\">La primera COP se celebr\u00f3 en <strong>1995<\/strong> como parte de la <span style=\"color: #000000;\"><strong>Convenci\u00f3n Marco de las Naciones Unidas sobre el Cambio Clim\u00e1tico<\/strong><\/span> (CMNUCC). Su objetivo principal es abordar las preocupaciones globales sobre el cambio clim\u00e1tico y forjar acuerdos internacionales para limitar las emisiones de gases de efecto invernadero y mitigar los efectos del calentamiento global.<\/p>\n<p style=\"text-align: justify;\">Desde sus modestos comienzos como reuniones de trabajo hasta convertirse en los mayores eventos anuales bajo el paraguas de las Naciones Unidas, las conferencias de las Naciones Unidas sobre el cambio clim\u00e1tico se han convertido en uno de los mayores foros mundiales de debate multilateral y una de las principales reuniones internacionales en todo el mundo. Este evento anual es fundamental en la lucha mundial contra el cambio clim\u00e1tico y re\u00fane a l\u00edderes y representantes de pa\u00edses de todo el mundo para abordar cuestiones cruciales relacionadas con el calentamiento global y sus impactos.<\/p>\n<p style=\"text-align: justify;\">Hasta la fecha, <strong>se han celebrado 27 ediciones<\/strong> de la COP. La \u00faltima, COP27, se llev\u00f3 a cabo en noviembre de 2022 en Sharm el Sheikh (Egipto). Esta edici\u00f3n se centr\u00f3 en cuestiones clave como la implementaci\u00f3n de acciones concretas contra el cambio clim\u00e1tico, la financiaci\u00f3n para pa\u00edses en desarrollo, la mitigaci\u00f3n de emisiones, la adaptaci\u00f3n al cambio clim\u00e1tico, la compensaci\u00f3n por p\u00e9rdidas y da\u00f1os, y la importancia de la cooperaci\u00f3n internacional para alcanzar objetivos clim\u00e1ticos.<\/p>\n<p style=\"text-align: justify;\">Cada COP ha sido una oportunidad crucial para que los pa\u00edses refuercen su compromiso en la lucha contra el cambio clim\u00e1tico y acuerden medidas concretas para proteger el planeta.<\/p>\n<p>&nbsp;<\/p>\n<p style=\"text-align: left;\"><strong><a href=\"https:\/\/unfccc.int\/process-and-meetings\/conferences\/past-conferences\/past-conferences-overview#_022---Sharm-El-Sheikh-Bonn\">M\u00e1s informaci\u00f3n sobre ediciones pasadas<\/a><\/strong><\/p>\n<p>&nbsp;<\/p>\n","protected":false},"excerpt":{"rendered":"<p>La Conferencia de las Naciones Unidas sobre el Cambio Clim\u00e1tico (COP), se prepara para su vig\u00e9simo octavo encuentro, que se llevar\u00e1 a cabo en los Emiratos \u00c1rabes Unidos del 30 de noviembre<a class=\"moretag\" href=\"https:\/\/www.fbycc.org\/index.php\/2023\/11\/06\/cop28-en-el-horizonte-un-llamado-global-para-abordar-el-cambio-climatico\/\">Leer m\u00e1s&#8230;<\/a><\/p>\n","protected":false},"author":5,"featured_media":0,"comment_status":"closed","ping_status":"open","sticky":false,"template":"","format":"standard","meta":{"_monsterinsights_skip_tracking":false,"_monsterinsights_sitenote_active":false,"_monsterinsights_sitenote_note":"","_monsterinsights_sitenote_category":0,"footnotes":""},"categories":[11],"tags":[19,17,90,212,35],"class_list":["post-3776","post","type-post","status-publish","format-standard","hentry","category-noticias","tag-acuerdo-de-paris","tag-cambio-climatico","tag-cop","tag-cop28","tag-naciones-unidas"],"_links":{"self":[{"href":"https:\/\/www.fbycc.org\/index.php\/wp-json\/wp\/v2\/posts\/3776","targetHints":{"allow":["GET"]}}],"collection":[{"href":"https:\/\/www.fbycc.org\/index.php\/wp-json\/wp\/v2\/posts"}],"about":[{"href":"https:\/\/www.fbycc.org\/index.php\/wp-json\/wp\/v2\/types\/post"}],"author":[{"embeddable":true,"href":"https:\/\/www.fbycc.org\/index.php\/wp-json\/wp\/v2\/users\/5"}],"replies":[{"embeddable":true,"href":"https:\/\/www.fbycc.org\/index.php\/wp-json\/wp\/v2\/comments?post=3776"}],"version-history":[{"count":46,"href":"https:\/\/www.fbycc.org\/index.php\/wp-json\/wp\/v2\/posts\/3776\/revisions"}],"predecessor-version":[{"id":3823,"href":"https:\/\/www.fbycc.org\/index.php\/wp-json\/wp\/v2\/posts\/3776\/revisions\/3823"}],"wp:attachment":[{"href":"https:\/\/www.fbycc.org\/index.php\/wp-json\/wp\/v2\/media?parent=3776"}],"wp:term":[{"taxonomy":"category","embeddable":true,"href":"https:\/\/www.fbycc.org\/index.php\/wp-json\/wp\/v2\/categories?post=3776"},{"taxonomy":"post_tag","embeddable":true,"href":"https:\/\/www.fbycc.org\/index.php\/wp-json\/wp\/v2\/tags?post=3776"}],"curies":[{"name":"wp","href":"https:\/\/api.w.org\/{rel}","templated":true}]}}