{"id":3690,"date":"2023-10-20T11:04:49","date_gmt":"2023-10-20T11:04:49","guid":{"rendered":"https:\/\/www.fbycc.org\/?p=3690"},"modified":"2024-01-17T11:27:43","modified_gmt":"2024-01-17T11:27:43","slug":"los-lideres-de-finlandia-y-suecia-destacan-la-importancia-de-los-bosques-europeos-en-una-carta-a-la-presidenta-de-la-comision-europea","status":"publish","type":"post","link":"https:\/\/www.fbycc.org\/index.php\/2023\/10\/20\/los-lideres-de-finlandia-y-suecia-destacan-la-importancia-de-los-bosques-europeos-en-una-carta-a-la-presidenta-de-la-comision-europea\/","title":{"rendered":"Los l\u00edderes de Finlandia y Suecia destacan la importancia de los bosques europeos en una carta a la Presidenta de la Comisi\u00f3n Europea"},"content":{"rendered":"<p style=\"text-align: justify;\"><img loading=\"lazy\" decoding=\"async\" class=\"alignleft\" src=\"https:\/\/media.istockphoto.com\/id\/1289180804\/es\/foto\/sendero-en-el-colorido-bosque-verde-de-primavera-en-hungr%C3%ADa.jpg?s=612x612&amp;w=0&amp;k=20&amp;c=0mmnXeEGw_aIwgbzEZuRRiADvn-BPO47tVPvv8mNPYk=\" alt=\"Sendero en el colorido bosque verde de primavera en Hungr\u00eda - foto de stock\" width=\"585\" height=\"390\" \/><\/p>\n<p style=\"text-align: justify;\">Los l\u00edderes de Finlandia y Suecia han unido sus voces para <strong>enfatizar la importancia cr\u00edtica de los bosques europeos en la lucha contra el cambio clim\u00e1tico<\/strong> en una <a href=\"https:\/\/valtioneuvosto.fi\/documents\/10616\/334517\/Letter+to+Ursula+von+der+Leyen.pdf\/650b8579-67ce-040e-fa35-8699956ae1d4\/Letter+to+Ursula+von+der+Leyen.pdf?t=1696853278371\">carta dirigida a la Presidenta de la Comisi\u00f3n Europea<\/a>, Ursula von der Leyen.<\/p>\n<p style=\"text-align: justify;\">El Primer Ministro Petteri Orpo de Finlandia y el Primer Ministro Ulf Kristersson de Suecia subrayaron la importancia de los bosques como una <strong>fuente esencial de bienes y servicios<\/strong>, incluyendo la absorci\u00f3n de carbono, la provisi\u00f3n de materiales como la madera y la creaci\u00f3n de suelos saludables.\u00a0Adem\u00e1s, enfatizaron que estas funciones cruciales que desempe\u00f1an los bosques son mejor preservadas a mediante la adopci\u00f3n de pr\u00e1cticas y conocimientos nacionales.<\/p>\n<div class=\"tx-spacer clearfix\" style=\"height: 20px\"><\/div>\n<p style=\"text-align: justify;\">La carta tambi\u00e9n abord\u00f3 los desaf\u00edos planteados por la reciente legislaci\u00f3n de la Uni\u00f3n Europea en torno a la energ\u00eda, el clima y el medio ambiente, y c\u00f3mo esta afecta a los bosques y la silvicultura en Finlandia y Suecia. Los Primeros Ministros enfatizaron la importancia de centrarse en la implementaci\u00f3n de la legislaci\u00f3n y en analizar su impacto general en los bosques.<\/p>\n<p style=\"text-align: justify;\">Asimismo, hicieron hincapi\u00e9 en que la silvicultura, como parte integral de la bioeconom\u00eda, desempe\u00f1a un papel esencial en la pol\u00edtica de transici\u00f3n ecol\u00f3gica de la Uni\u00f3n Europea. La creciente demanda de productos sostenibles y el potencial en desarrollo de productos basados en la madera ofrecen una amplia oportunidad para fomentar una industria europea altamente competitiva.<\/p>\n<p style=\"text-align: justify;\">El comunicado subraya la <strong>necesidad de regulaciones claras y predecibles para impulsar la transici\u00f3n hacia una econom\u00eda m\u00e1s sostenible<\/strong>. Los Primeros Ministros se comprometieron a trabajar con la Uni\u00f3n Europea para garantizar que los bosques sigan desempe\u00f1ando un papel crucial en la lucha contra el cambio clim\u00e1tico y en la construcci\u00f3n de una econom\u00eda m\u00e1s ecol\u00f3gica y sostenible.<\/p>\n<div class=\"tx-spacer clearfix\" style=\"height: 25px\"><\/div>\n<p style=\"text-align: center;\"><strong><em><span style=\"color: #008080;\">\u00abForests are an irreplaceable source of goods and services, absorbing carbon dioxide,<\/span><br \/>\n<span style=\"color: #008080;\">supplying wood and other products, generating fertile soils, and filtering air and water.\u00bb<\/span><br \/>\n<\/em><\/strong><span style=\"font-size: 10pt;\"><em><span style=\"font-size: 8pt;\">\u00abLos bosques son una fuente insustituible de bienes y servicios, <\/span><\/em><em><span style=\"font-size: 8pt;\">absorben di\u00f3xido de carbono,<br \/>\nsuministran madera y otros productos, <\/span><\/em><em><span style=\"font-size: 8pt;\">generan suelos f\u00e9rtiles y filtran el aire y el agua\u00bb<\/span><\/em><\/span><\/p>\n<div class=\"tx-spacer clearfix\" style=\"height: 25px\"><\/div>\n<p style=\"text-align: justify;\">Para avanzar en esta direcci\u00f3n, han invitado a la Presidenta de la Comisi\u00f3n Europea a visitar Finlandia o Suecia en un futuro pr\u00f3ximo para discutir c\u00f3mo aprovechar al m\u00e1ximo el potencial de los bosques y la silvicultura en la transici\u00f3n de Europa hacia un futuro m\u00e1s verde y competitivo.<\/p>\n<p style=\"text-align: justify;\">Este gesto conjunto de Finlandia y Suecia pone de relieve la importancia de los bosques como recursos naturales vitales en la lucha contra el cambio clim\u00e1tico y en el avance hacia una econom\u00eda europea m\u00e1s sostenible.<\/p>\n<div class=\"tx-spacer clearfix\" style=\"height: 30px\"><\/div>\n<table style=\"border-collapse: collapse; width: 100%;\">\n<tbody>\n<tr>\n<td style=\"width: 50%;\"><span style=\"color: #000000;\"><div class=\"tx-spacer clearfix\" style=\"height: 20px\"><\/div><\/span><\/p>\n<p><strong style=\"text-align: right; font-size: 16px;\"><em><span style=\"color: #008080;\">\u00abActive forestry, as a part of the bioeconomy should be<br \/>\nan elementary part of the EU\u2019s green transition policy.<\/span><span style=\"color: #008080;\">\u00ab<\/span><br \/>\n<\/em><\/strong><em style=\"text-align: right; font-size: 16px;\"><span style=\"font-size: 8pt;\">\u00abLa silvicultura, como parte de la bioeconom\u00eda, debe ser<br \/>\nuna parte fundamental de la pol\u00edtica de transici\u00f3n verde de la UE.\u00bb<\/span><\/em><\/p>\n<p><span style=\"color: #000000;\"><div class=\"tx-spacer clearfix\" style=\"height: 20px\"><\/div><\/span><\/td>\n<td style=\"width: 50%; text-align: right;\"><span style=\"color: #000000;\"><div class=\"tx-spacer clearfix\" style=\"height: 20px\"><\/div><\/span><\/p>\n<p><strong style=\"text-align: right; font-size: 16px;\"><em><span style=\"color: #008080;\">\u00abForestry makes the EU stronger <\/span><\/em><\/strong><strong style=\"text-align: right; font-size: 16px;\"><em><span style=\"color: #008080;\">and more resilient.<\/span><span style=\"color: #008080;\">\u00ab<\/span><br \/>\n<\/em><\/strong><em style=\"text-align: right; font-size: 16px;\"><span style=\"font-size: 8pt;\">\u00abLa silvicultura fortalece a la Uni\u00f3n Europea y la hace m\u00e1s resistente.\u00bb<\/span><\/em><\/p>\n<p><span style=\"color: #000000;\"><div class=\"tx-spacer clearfix\" style=\"height: 20px\"><\/div><\/span><\/td>\n<\/tr>\n<\/tbody>\n<\/table>\n<p><a href=\"https:\/\/www.fbycc.org\/wp-content\/uploads\/2023\/10\/Letter-to-Ursula-von-der-Leyen.pdf\">&gt;&gt; Documento: Carta a Ursula von der Leyen<\/a><\/p>\n<p><span style=\"font-size: 10pt;\">Fuente: <a href=\"https:\/\/valtioneuvosto.fi\/en\/frontpage\">Finnish Goverment<\/a><\/span><\/p>\n<div class=\"tx-spacer clearfix\" style=\"height: 30px\"><\/div>\n<p style=\"text-align: center;\"><a class=\"tx-button\" href=\"https:\/\/valtioneuvosto.fi\/en\/-\/\/10616\/suomen-ja-ruotsin-paaministerit-kirjelmoivat-komission-puheenjohtajalle-metsien-merkittavasta-roolistaprime-ministers-of-finland-and-sweden-stress-important-role-of-forests-in-letter-to-european-commission-president\" target=\"_blank\" style=\"color: #ffffff; background-color: #87b237\">Ver la noticia en la p\u00e1gina web del Gobierno de Finlandia<\/a>\n<p>&nbsp;<\/p>\n","protected":false},"excerpt":{"rendered":"<p>Los l\u00edderes de Finlandia y Suecia han unido sus voces para enfatizar la importancia cr\u00edtica de los bosques europeos en la lucha contra el cambio clim\u00e1tico en una carta dirigida a la<a class=\"moretag\" href=\"https:\/\/www.fbycc.org\/index.php\/2023\/10\/20\/los-lideres-de-finlandia-y-suecia-destacan-la-importancia-de-los-bosques-europeos-en-una-carta-a-la-presidenta-de-la-comision-europea\/\">Leer m\u00e1s&#8230;<\/a><\/p>\n","protected":false},"author":5,"featured_media":0,"comment_status":"closed","ping_status":"open","sticky":false,"template":"","format":"standard","meta":{"_monsterinsights_skip_tracking":false,"_monsterinsights_sitenote_active":false,"_monsterinsights_sitenote_note":"","_monsterinsights_sitenote_category":0,"footnotes":""},"categories":[11],"tags":[87,210,121,17,109,211,41],"class_list":["post-3690","post","type-post","status-publish","format-standard","hentry","category-noticias","tag-bioeconomia","tag-bosques-europeos","tag-cabon-silviculture","tag-cambio-climatico","tag-gestion-forestal","tag-silvicultura","tag-union-europea"],"_links":{"self":[{"href":"https:\/\/www.fbycc.org\/index.php\/wp-json\/wp\/v2\/posts\/3690","targetHints":{"allow":["GET"]}}],"collection":[{"href":"https:\/\/www.fbycc.org\/index.php\/wp-json\/wp\/v2\/posts"}],"about":[{"href":"https:\/\/www.fbycc.org\/index.php\/wp-json\/wp\/v2\/types\/post"}],"author":[{"embeddable":true,"href":"https:\/\/www.fbycc.org\/index.php\/wp-json\/wp\/v2\/users\/5"}],"replies":[{"embeddable":true,"href":"https:\/\/www.fbycc.org\/index.php\/wp-json\/wp\/v2\/comments?post=3690"}],"version-history":[{"count":52,"href":"https:\/\/www.fbycc.org\/index.php\/wp-json\/wp\/v2\/posts\/3690\/revisions"}],"predecessor-version":[{"id":4094,"href":"https:\/\/www.fbycc.org\/index.php\/wp-json\/wp\/v2\/posts\/3690\/revisions\/4094"}],"wp:attachment":[{"href":"https:\/\/www.fbycc.org\/index.php\/wp-json\/wp\/v2\/media?parent=3690"}],"wp:term":[{"taxonomy":"category","embeddable":true,"href":"https:\/\/www.fbycc.org\/index.php\/wp-json\/wp\/v2\/categories?post=3690"},{"taxonomy":"post_tag","embeddable":true,"href":"https:\/\/www.fbycc.org\/index.php\/wp-json\/wp\/v2\/tags?post=3690"}],"curies":[{"name":"wp","href":"https:\/\/api.w.org\/{rel}","templated":true}]}}