{"id":3577,"date":"2023-09-26T10:46:17","date_gmt":"2023-09-26T10:46:17","guid":{"rendered":"https:\/\/www.fbycc.org\/?p=3577"},"modified":"2023-10-01T22:21:19","modified_gmt":"2023-10-01T22:21:19","slug":"el-foro-de-bosques-y-cambio-climatico-se-une-al-foro-abc-defender-el-futuro-de-los-bosques","status":"publish","type":"post","link":"https:\/\/www.fbycc.org\/index.php\/2023\/09\/26\/el-foro-de-bosques-y-cambio-climatico-se-une-al-foro-abc-defender-el-futuro-de-los-bosques\/","title":{"rendered":"Participamos en la jornada de ABC &#8216;Defender el Futuro de los Bosques&#8217;"},"content":{"rendered":"<p>&nbsp;<\/p>\n<p style=\"text-align: justify;\">El pasado 30 de junio se celebr\u00f3 el <b>Foro ABC \u00abDefender del futuro de los bosques\u00bb<\/b>, evento liderado por FSC Espa\u00f1a con el objetivo de destacar el papel crucial que juegan los bosques en la sostenibilidad del planeta.<\/p>\n<p style=\"text-align: center;\"><img loading=\"lazy\" decoding=\"async\" class=\"size-full wp-image-3578 aligncenter\" src=\"https:\/\/www.fbycc.org\/wp-content\/uploads\/2023\/09\/1.png\" alt=\"\" width=\"850\" height=\"456\" srcset=\"https:\/\/www.fbycc.org\/wp-content\/uploads\/2023\/09\/1.png 850w, https:\/\/www.fbycc.org\/wp-content\/uploads\/2023\/09\/1-300x161.png 300w, https:\/\/www.fbycc.org\/wp-content\/uploads\/2023\/09\/1-768x412.png 768w\" sizes=\"auto, (max-width: 850px) 100vw, 850px\" \/><span style=\"font-size: 8pt;\"><em>Fuente: https:\/\/players.brightcove.net\/55814260001\/rkDAq3Wf_default\/index.html?videoId=6330671065112<\/em><\/span><\/p>\n<p style=\"text-align: justify;\">Los bosques juegan un papel crucial al almacenar carbono, combatir el cambio clim\u00e1tico y preservar la biodiversidad, pero se enfrentan a amenazas como el abandono rural, la falta de gesti\u00f3n y el cambio clim\u00e1tico.\u00a0El evento, <em>ofreci\u00f3 una visi\u00f3n integral de la importancia de los bosques en Espa\u00f1a y destac\u00f3 la importancia de utilizar y aprovechar los montes de manera sostenible<\/em>, se enfoc\u00f3 en la certificaci\u00f3n como base para desbloquear el potencial de estas \u00e1reas y subray\u00f3 su relevancia en el contexto econ\u00f3mico y medioambiental de Espa\u00f1a.<\/p>\n<p><img loading=\"lazy\" decoding=\"async\" class=\" wp-image-3579 alignright\" src=\"https:\/\/www.fbycc.org\/wp-content\/uploads\/2023\/09\/Imagen2.png\" alt=\"\" width=\"567\" height=\"312\" align=\"right\/\" hspace=\"1000\" vspace=\"1000\" srcset=\"https:\/\/www.fbycc.org\/wp-content\/uploads\/2023\/09\/Imagen2.png 850w, https:\/\/www.fbycc.org\/wp-content\/uploads\/2023\/09\/Imagen2-300x165.png 300w, https:\/\/www.fbycc.org\/wp-content\/uploads\/2023\/09\/Imagen2-768x423.png 768w\" sizes=\"auto, (max-width: 567px) 100vw, 567px\" \/><\/p>\n<p style=\"text-align: justify;\">El Foro ABC &#8216;Defender el Futuro de los Bosques&#8217;, reuni\u00f3 a representantes de instituciones y organizaciones especializadas, as\u00ed como a expertos en el campo forestal. El <b>Foro de Bosques y Cambio Clim\u00e1tico<\/b> tambi\u00e9n cont\u00f3 con representaci\u00f3n en el evento por parte de \u00c1lvaro Picardo, secretario del Foro.<\/p>\n<p style=\"text-align: justify;\">El evento subray\u00f3 los desaf\u00edos y oportunidades que los bosques ofrecen en Espa\u00f1a, donde la titularidad privada de estas \u00e1reas es predominante. La gesti\u00f3n eficiente y sostenible de los bosques puede generar empleo y riqueza para la sociedad.<\/p>\n<p><span style=\"font-size: 10pt;\"><em>Nota: Este comunicado se basa en la noticia original publicada en ABC.<br \/>\nSe pueden encontrar m\u00e1s detalles en el art\u00edculo completo: <a href=\"https:\/\/www.abc.es\/sociedad\/activos-economicos-sociales-ambientales-sociedad-20230703140139-nt.html\">https:\/\/www.abc.es\/sociedad\/activos-economicos-sociales-ambientales-sociedad-20230703140139-nt.html<\/a><\/em><\/span><\/p>\n<p>&nbsp;<\/p>\n<p><strong><div class=\"tx-heading\" style=\"margin-bottom:24px; text-align: left;\"><h2 class=\"tx-heading-tag\" style=\"font-size:24px;\">Foro ABC &#039;Defender el futuro de los bosques<\/h2><\/div><\/strong><\/p>\n<div class=\"tx-youtube-outerwarp\" style=\"width: 100%\"><div class=\"tx-youtube-warp\" style=\"\"><iframe src=\"https:\/\/www.youtube.com\/embed\/8JHagvsyOwk?controls=1&amp;showinfo=0&amp;rel=0&amp;autoplay=0\" frameborder=\"0\" allow=\"autoplay\" allowfullscreen><\/iframe><\/div><\/div>\n<p style=\"text-align: center;\">\n","protected":false},"excerpt":{"rendered":"<p>&nbsp; El pasado 30 de junio se celebr\u00f3 el Foro ABC \u00abDefender del futuro de los bosques\u00bb, evento liderado por FSC Espa\u00f1a con el objetivo de destacar el papel crucial que juegan<a class=\"moretag\" href=\"https:\/\/www.fbycc.org\/index.php\/2023\/09\/26\/el-foro-de-bosques-y-cambio-climatico-se-une-al-foro-abc-defender-el-futuro-de-los-bosques\/\">Leer m\u00e1s&#8230;<\/a><\/p>\n","protected":false},"author":5,"featured_media":0,"comment_status":"closed","ping_status":"open","sticky":false,"template":"","format":"standard","meta":{"_monsterinsights_skip_tracking":false,"_monsterinsights_sitenote_active":false,"_monsterinsights_sitenote_note":"","_monsterinsights_sitenote_category":0,"footnotes":""},"categories":[11],"tags":[16,17,204],"class_list":["post-3577","post","type-post","status-publish","format-standard","hentry","category-noticias","tag-bosques","tag-cambio-climatico","tag-foro"],"_links":{"self":[{"href":"https:\/\/www.fbycc.org\/index.php\/wp-json\/wp\/v2\/posts\/3577","targetHints":{"allow":["GET"]}}],"collection":[{"href":"https:\/\/www.fbycc.org\/index.php\/wp-json\/wp\/v2\/posts"}],"about":[{"href":"https:\/\/www.fbycc.org\/index.php\/wp-json\/wp\/v2\/types\/post"}],"author":[{"embeddable":true,"href":"https:\/\/www.fbycc.org\/index.php\/wp-json\/wp\/v2\/users\/5"}],"replies":[{"embeddable":true,"href":"https:\/\/www.fbycc.org\/index.php\/wp-json\/wp\/v2\/comments?post=3577"}],"version-history":[{"count":28,"href":"https:\/\/www.fbycc.org\/index.php\/wp-json\/wp\/v2\/posts\/3577\/revisions"}],"predecessor-version":[{"id":3605,"href":"https:\/\/www.fbycc.org\/index.php\/wp-json\/wp\/v2\/posts\/3577\/revisions\/3605"}],"wp:attachment":[{"href":"https:\/\/www.fbycc.org\/index.php\/wp-json\/wp\/v2\/media?parent=3577"}],"wp:term":[{"taxonomy":"category","embeddable":true,"href":"https:\/\/www.fbycc.org\/index.php\/wp-json\/wp\/v2\/categories?post=3577"},{"taxonomy":"post_tag","embeddable":true,"href":"https:\/\/www.fbycc.org\/index.php\/wp-json\/wp\/v2\/tags?post=3577"}],"curies":[{"name":"wp","href":"https:\/\/api.w.org\/{rel}","templated":true}]}}