{"id":3476,"date":"2023-08-28T14:19:08","date_gmt":"2023-08-28T14:19:08","guid":{"rendered":"https:\/\/www.fbycc.org\/?p=3476"},"modified":"2023-10-01T22:22:11","modified_gmt":"2023-10-01T22:22:11","slug":"foro-de-bosques-y-cambio-climatico-en-la-cumbre-del-pniec","status":"publish","type":"post","link":"https:\/\/www.fbycc.org\/index.php\/2023\/08\/28\/foro-de-bosques-y-cambio-climatico-en-la-cumbre-del-pniec\/","title":{"rendered":"Foro de Bosques y Cambio Clim\u00e1tico en la Cumbre del PNIEC"},"content":{"rendered":"<p>&nbsp;<\/p>\n<p>El pasado 27 de abril, el Foro de Bosques y Cambio Clim\u00e1tico particip\u00f3 en la primera jornada organizada por el Ministerio de Transici\u00f3n Ecol\u00f3gica y Reto Demogr\u00e1fico para el an\u00e1lisis y dise\u00f1o de los nuevos objetivos del futuro Plan Nacional de Energ\u00eda y Clima (PNIEC). Este evento reuni\u00f3 a destacados expertos y actores clave para discutir estrategias con miras a un futuro m\u00e1s sostenible y resiliente en materia de energ\u00eda y cambio clim\u00e1tico. La cumbre cont\u00f3 con varias mesas de debate sobre las distintas dimensiones del PNIEC, entre ellas la Descarbonizaci\u00f3n, Eficiencia energ\u00e9tica, Mercado Interior, Seguridad energ\u00e9tica e I+i+C.<\/p>\n<p><img loading=\"lazy\" decoding=\"async\" class=\" wp-image-3505 alignright\" src=\"https:\/\/www.fbycc.org\/wp-content\/uploads\/2023\/08\/PNIEC_Alvaro.jpeg\" alt=\"\" width=\"599\" height=\"420\" srcset=\"https:\/\/www.fbycc.org\/wp-content\/uploads\/2023\/08\/PNIEC_Alvaro.jpeg 800w, https:\/\/www.fbycc.org\/wp-content\/uploads\/2023\/08\/PNIEC_Alvaro-300x210.jpeg 300w, https:\/\/www.fbycc.org\/wp-content\/uploads\/2023\/08\/PNIEC_Alvaro-768x539.jpeg 768w\" sizes=\"auto, (max-width: 599px) 100vw, 599px\" \/><\/p>\n<p>\u00c1lvaro Picardo, secretario del Foro de Bosques y Cambio Clim\u00e1tico, particip\u00f3 en la mesa de debate que abordaba la dimensi\u00f3n de la \u00abDescarbonizaci\u00f3n\u00bb dentro del PNIEC.\u00a0Picardo comparti\u00f3 valiosas perspectivas sobre c\u00f3mo los bosques pueden contribuir de manera significativa a la reducci\u00f3n de emisiones de carbono y a la descarbonizaci\u00f3n de la econom\u00eda, adem\u00e1s de destacar la importancia de incluir la gesti\u00f3n forestal sostenible como un componente integral en la planificaci\u00f3n y ejecuci\u00f3n del PNIEC.<\/p>\n<p style=\"text-align: left;\"><span style=\"font-size: 12pt;\"><strong><em>\u00abHay que revertir la espiral negativa de los incendios<br \/>\nforestales <\/em><em>y activar una espiral positiva de utilizaci\u00f3n<br \/>\nde los bosques y promoci\u00f3n de la bioenerg\u00eda y el uso<br \/>\nla madera en construcci\u00f3n: la Bioeconom\u00eda\u00bb<\/em><\/strong><\/span><\/p>\n<p style=\"text-align: left;\"><span style=\"font-size: 12pt;\"><strong><em>-\u00c1lvaro Picardo-<\/em><\/strong><\/span><\/p>\n<p>En su participaci\u00f3n, nuestro secretario enfatiz\u00f3 el papel que desempe\u00f1an los bosques en la mitigaci\u00f3n del cambio clim\u00e1tico al actuar como sumideros naturales de carbono. As\u00ed como, la necesidad de promover pr\u00e1cticas forestales responsables que fomenten la biodiversidad y la resiliencia de los ecosistemas frente a los desaf\u00edos clim\u00e1ticos. Alcanzar una sinergia entre la conservaci\u00f3n forestal y las pol\u00edticas de energ\u00eda y clima puede conducir a resultados m\u00e1s s\u00f3lidos y beneficiosos tanto para la naturaleza como para la sociedad.<\/p>\n<p style=\"text-align: right;\">\n","protected":false},"excerpt":{"rendered":"<p>&nbsp; El pasado 27 de abril, el Foro de Bosques y Cambio Clim\u00e1tico particip\u00f3 en la primera jornada organizada por el Ministerio de Transici\u00f3n Ecol\u00f3gica y Reto Demogr\u00e1fico para el an\u00e1lisis y<a class=\"moretag\" href=\"https:\/\/www.fbycc.org\/index.php\/2023\/08\/28\/foro-de-bosques-y-cambio-climatico-en-la-cumbre-del-pniec\/\">Leer m\u00e1s&#8230;<\/a><\/p>\n","protected":false},"author":5,"featured_media":0,"comment_status":"closed","ping_status":"open","sticky":false,"template":"","format":"standard","meta":{"_monsterinsights_skip_tracking":false,"_monsterinsights_sitenote_active":false,"_monsterinsights_sitenote_note":"","_monsterinsights_sitenote_category":0,"footnotes":""},"categories":[11],"tags":[16,17,203,205,65,202],"class_list":["post-3476","post","type-post","status-publish","format-standard","hentry","category-noticias","tag-bosques","tag-cambio-climatico","tag-clima","tag-descarbonizacion","tag-energia","tag-pniec"],"_links":{"self":[{"href":"https:\/\/www.fbycc.org\/index.php\/wp-json\/wp\/v2\/posts\/3476","targetHints":{"allow":["GET"]}}],"collection":[{"href":"https:\/\/www.fbycc.org\/index.php\/wp-json\/wp\/v2\/posts"}],"about":[{"href":"https:\/\/www.fbycc.org\/index.php\/wp-json\/wp\/v2\/types\/post"}],"author":[{"embeddable":true,"href":"https:\/\/www.fbycc.org\/index.php\/wp-json\/wp\/v2\/users\/5"}],"replies":[{"embeddable":true,"href":"https:\/\/www.fbycc.org\/index.php\/wp-json\/wp\/v2\/comments?post=3476"}],"version-history":[{"count":39,"href":"https:\/\/www.fbycc.org\/index.php\/wp-json\/wp\/v2\/posts\/3476\/revisions"}],"predecessor-version":[{"id":3517,"href":"https:\/\/www.fbycc.org\/index.php\/wp-json\/wp\/v2\/posts\/3476\/revisions\/3517"}],"wp:attachment":[{"href":"https:\/\/www.fbycc.org\/index.php\/wp-json\/wp\/v2\/media?parent=3476"}],"wp:term":[{"taxonomy":"category","embeddable":true,"href":"https:\/\/www.fbycc.org\/index.php\/wp-json\/wp\/v2\/categories?post=3476"},{"taxonomy":"post_tag","embeddable":true,"href":"https:\/\/www.fbycc.org\/index.php\/wp-json\/wp\/v2\/tags?post=3476"}],"curies":[{"name":"wp","href":"https:\/\/api.w.org\/{rel}","templated":true}]}}