{"id":3382,"date":"2023-03-17T22:45:44","date_gmt":"2023-03-17T22:45:44","guid":{"rendered":"https:\/\/www.fbycc.org\/?p=3382"},"modified":"2023-03-17T22:52:13","modified_gmt":"2023-03-17T22:52:13","slug":"evento-soluciones-climaticas-forestales","status":"publish","type":"post","link":"https:\/\/www.fbycc.org\/index.php\/2023\/03\/17\/evento-soluciones-climaticas-forestales\/","title":{"rendered":"Evento &#8216;SOLUCIONES CLIM\u00c1TICAS FORESTALES&#8217;"},"content":{"rendered":"<p style=\"text-align: center;\"><span style=\"font-size: 18pt;\"><em><br \/>\nExpertos y empresas se re\u00fanen en el evento \u00abSoluciones Clim\u00e1ticas Forestales\u00bb para debatir sobre la importancia de la gesti\u00f3n forestal sostenible y la compensaci\u00f3n de emisiones.<\/em><\/span><\/p>\n<p style=\"text-align: justify;\">El pasado jueves 16 de marzo tuvo lugar el evento \u00ab<em>Soluciones Clim\u00e1ticas Forestales: Los bosques espa\u00f1oles, sumideros de carbono para la neutralidad clim\u00e1tica empresarial<\/em>\u00ab, en el que expertos y empresas se reunieron para debatir sobre la importancia de la gesti\u00f3n forestal sostenible y la compensaci\u00f3n de emisiones en la lucha contra el cambio clim\u00e1tico.<\/p>\n<p style=\"text-align: justify;\">El presentador del evento Arturo Larena (EFEVerde) resalt\u00f3 en su introducci\u00f3n que aproximadamente el 61% de las emisiones totales de Espa\u00f1a provienen de los sectores difusos, pero la compensaci\u00f3n de la huella de carbono en el pa\u00eds todav\u00eda es residual, con un gran potencial de crecimiento. Adem\u00e1s, otro dato importante es que el \u201cPlan Nacional Integrado de Energ\u00eda y Clima 2021-2030 cataloga el sector forestal como sumidero de carbono y en materia de sostenibilidad y mitigaci\u00f3n del cambio clim\u00e1tico\u201d. Por ello mostr\u00f3 al sector forestal espa\u00f1ol y las \u00e1reas menos pobladas ofrecen oportunidades para enfrentar los retos del sector empresarial. En Espa\u00f1a, alrededor de 9,1 millones de hect\u00e1reas de superficie forestal est\u00e1n sin \u00e1rboles.<\/p>\n<p style=\"text-align: center;\"><img loading=\"lazy\" decoding=\"async\" class=\"aligncenter wp-image-3388 size-full\" src=\"https:\/\/www.fbycc.org\/wp-content\/uploads\/2023\/03\/PRESENTACION-copia.jpg\" alt=\"\" width=\"800\" height=\"532\" srcset=\"https:\/\/www.fbycc.org\/wp-content\/uploads\/2023\/03\/PRESENTACION-copia.jpg 800w, https:\/\/www.fbycc.org\/wp-content\/uploads\/2023\/03\/PRESENTACION-copia-300x200.jpg 300w, https:\/\/www.fbycc.org\/wp-content\/uploads\/2023\/03\/PRESENTACION-copia-768x511.jpg 768w\" sizes=\"auto, (max-width: 800px) 100vw, 800px\" \/><span style=\"font-size: 10pt;\"><strong>La presentaci\u00f3n de la jornada corri\u00f3 a cargo de Arturo Larena, Director de EFEverde<\/strong><\/span><\/p>\n<p style=\"text-align: center;\"><img loading=\"lazy\" decoding=\"async\" class=\"aligncenter wp-image-3384 size-full\" src=\"https:\/\/www.fbycc.org\/wp-content\/uploads\/2023\/03\/INTRODUCCION-copia.jpg\" alt=\"\" width=\"800\" height=\"532\" srcset=\"https:\/\/www.fbycc.org\/wp-content\/uploads\/2023\/03\/INTRODUCCION-copia.jpg 800w, https:\/\/www.fbycc.org\/wp-content\/uploads\/2023\/03\/INTRODUCCION-copia-300x200.jpg 300w, https:\/\/www.fbycc.org\/wp-content\/uploads\/2023\/03\/INTRODUCCION-copia-768x511.jpg 768w\" sizes=\"auto, (max-width: 800px) 100vw, 800px\" \/><span style=\"font-size: 10pt;\"><strong>Salvador Ordo\u00f1ez cofundador de World\u00a0<em>Wood Future<\/em><\/strong><\/span><\/p>\n<p style=\"text-align: justify;\">El evento se estructur\u00f3 en tres mesas de debate moderadas por Susana Posada, vicepresidenta de DIRSE; Juan Picos, director de la Escuela de forestales de la Universidad de Vigo; y Rodrigo G\u00f3mez, socio y responsable de sostenibilidad de AUREN.<\/p>\n<p style=\"text-align: justify;\">Las pol\u00edticas estrat\u00e9gicas de cambio en Espa\u00f1a prev\u00e9n un ritmo de reforestaci\u00f3n de 20.000 hect\u00e1reas al a\u00f1o, aunque muchos consideran que es poco ambicioso dada la crisis clim\u00e1tica. La valorizaci\u00f3n y certificaci\u00f3n de la gesti\u00f3n forestal son retos pendientes. El sector empresarial y profesional maduro puede dar respuesta a las soluciones clim\u00e1ticas forestales, y fomentar la colaboraci\u00f3n tendr\u00eda m\u00faltiples beneficios para las empresas, los montes y la sociedad espa\u00f1ola.<\/p>\n<p style=\"text-align: center;\"><img loading=\"lazy\" decoding=\"async\" class=\"aligncenter wp-image-3385 size-full\" src=\"https:\/\/www.fbycc.org\/wp-content\/uploads\/2023\/03\/MESA-1.-Susana-Posada-Javier-Carbajo-Alvaro-Colino-Cristina-Urrutia-Juan-Antonio-Gomez-Pintado-copia.jpg\" alt=\"\" width=\"800\" height=\"532\" srcset=\"https:\/\/www.fbycc.org\/wp-content\/uploads\/2023\/03\/MESA-1.-Susana-Posada-Javier-Carbajo-Alvaro-Colino-Cristina-Urrutia-Juan-Antonio-Gomez-Pintado-copia.jpg 800w, https:\/\/www.fbycc.org\/wp-content\/uploads\/2023\/03\/MESA-1.-Susana-Posada-Javier-Carbajo-Alvaro-Colino-Cristina-Urrutia-Juan-Antonio-Gomez-Pintado-copia-300x200.jpg 300w, https:\/\/www.fbycc.org\/wp-content\/uploads\/2023\/03\/MESA-1.-Susana-Posada-Javier-Carbajo-Alvaro-Colino-Cristina-Urrutia-Juan-Antonio-Gomez-Pintado-copia-768x511.jpg 768w\" sizes=\"auto, (max-width: 800px) 100vw, 800px\" \/><span style=\"font-size: 13.3333px;\"><b>Participantes de la mesa 1. Susana Posada (DIRSE), Javier Carbajo (Fundaci\u00f3n Corell),<br \/>\n\u00c1lvaro Colino (CaixaBank), Cristina Urrutia (Orange), y Juan Antonio G\u00f3mez-Pintado (V\u00cdA \u00c1GORA)<\/b><\/span><\/p>\n<p style=\"text-align: center;\"><img loading=\"lazy\" decoding=\"async\" class=\"aligncenter wp-image-3386 size-full\" src=\"https:\/\/www.fbycc.org\/wp-content\/uploads\/2023\/03\/MESA-2.-Juan-Picos-Enrique-Enciso-Jose-Luis-Tome-y-Francisco-Carreno-copia.jpg\" alt=\"\" width=\"800\" height=\"532\" srcset=\"https:\/\/www.fbycc.org\/wp-content\/uploads\/2023\/03\/MESA-2.-Juan-Picos-Enrique-Enciso-Jose-Luis-Tome-y-Francisco-Carreno-copia.jpg 800w, https:\/\/www.fbycc.org\/wp-content\/uploads\/2023\/03\/MESA-2.-Juan-Picos-Enrique-Enciso-Jose-Luis-Tome-y-Francisco-Carreno-copia-300x200.jpg 300w, https:\/\/www.fbycc.org\/wp-content\/uploads\/2023\/03\/MESA-2.-Juan-Picos-Enrique-Enciso-Jose-Luis-Tome-y-Francisco-Carreno-copia-768x511.jpg 768w\" sizes=\"auto, (max-width: 800px) 100vw, 800px\" \/><strong><span style=\"font-size: 10pt;\">Participantes de la mesa 2. Juan Picos (Universidad de Vigo), Enrique Enciso (Grupo Sylvestris),<br \/>\nJos\u00e9 Luis Tom\u00e9 (Agresta) y Francisco Carre\u00f1o (COSE).<\/span><\/strong><\/p>\n<p style=\"text-align: center;\"><img loading=\"lazy\" decoding=\"async\" class=\"aligncenter wp-image-3387 size-full\" src=\"https:\/\/www.fbycc.org\/wp-content\/uploads\/2023\/03\/MESA-3.-Rodrigo-Gomez-Cipriano-Garcia-Elvira-Carles-Juan-Prados-y-Alvaro-Picardo-copia.jpg\" alt=\"\" width=\"800\" height=\"532\" srcset=\"https:\/\/www.fbycc.org\/wp-content\/uploads\/2023\/03\/MESA-3.-Rodrigo-Gomez-Cipriano-Garcia-Elvira-Carles-Juan-Prados-y-Alvaro-Picardo-copia.jpg 800w, https:\/\/www.fbycc.org\/wp-content\/uploads\/2023\/03\/MESA-3.-Rodrigo-Gomez-Cipriano-Garcia-Elvira-Carles-Juan-Prados-y-Alvaro-Picardo-copia-300x200.jpg 300w, https:\/\/www.fbycc.org\/wp-content\/uploads\/2023\/03\/MESA-3.-Rodrigo-Gomez-Cipriano-Garcia-Elvira-Carles-Juan-Prados-y-Alvaro-Picardo-copia-768x511.jpg 768w\" sizes=\"auto, (max-width: 800px) 100vw, 800px\" \/><strong><span style=\"font-size: 10pt;\">Participantes de la mesa 3. Rodrigo G\u00f3mez (AUREN), Cipriano Garc\u00eda (Caja Zamora),<br \/>\n<\/span><\/strong><strong><span style=\"font-size: 10pt;\">Elvira Carles (Fundaci\u00f3n Empresa y Clima), Juan Prados (Generandi) y<br \/>\n\u00c1lvaro Picardo (Foro de Bosques y Cambio Clim\u00e1tico)<\/span><\/strong><\/p>\n<p style=\"text-align: justify;\">Espa\u00f1a es un destino de m\u00e1ximo inter\u00e9s en t\u00e9rminos de gesti\u00f3n forestal, con profesionales capacitados, territorio y recursos. Por ello, un punto importante destacado por Juan Picos (Universidad de Vigo), moderador de la segunda mesa fue que las \u00abempresas l\u00edderes en Europa buscan los graduados forestales espa\u00f1oles por su conocimiento tecnol\u00f3gico\u00bb.<\/p>\n<p style=\"text-align: justify;\">La vinculaci\u00f3n con el territorio debe ser a medio y largo plazo, generando lazos estables en el \u00e1rea de actuaci\u00f3n. Enrique Enciso (Grupo Sylvestris) destac\u00f3 que \u00absabemos que lo que estamos haciendo es para las generaciones futuras\u00bb, y present\u00f3 Motor Verde (una iniciativa de reforestaci\u00f3n junto a Fundaci\u00f3n Repsol). Adem\u00e1s, como\u00a0 destac\u00f3 Jose Luis Tom\u00e9 (Agresta) el sector est\u00e1 s\u00faper preparado, y esto no es casual, es una cuesti\u00f3n de inversi\u00f3n de pa\u00eds.\u201d La disponibilidad de datos de alta calidad, esta base tecnol\u00f3gica, este empleo de nuevas tecnolog\u00edas, es la base para dar garant\u00edas a los que van a invertir o tienen que informar a sus clientes en qu\u00e9 est\u00e1n invirtiendo.<\/p>\n<p style=\"text-align: justify;\">Los montes espa\u00f1oles se est\u00e1n expandiendo y poseen un patrimonio forestal valioso, probablemente uno de los m\u00e1s valiosos de la Uni\u00f3n Europea. Invertir en los bosques contribuir\u00e1 a la creaci\u00f3n de espacios de actividad rural y a la conservaci\u00f3n del propio monte.<\/p>\n<p style=\"text-align: justify;\">Todo lo que se pueda invertir en los bosques redundar\u00e1 en la creaci\u00f3n de espacios de actividad rural y en la conservaci\u00f3n del propio monte. Es necesario aprovechar los recursos proporcionados por los bosques de manera sostenible, compatible con la transici\u00f3n ecol\u00f3gica y el desarrollo sostenible. Por \u00faltimo, destacar las palabras de \u00c1lvaro Picardo (Foro Bosques y Cambio Clim\u00e1tico) \u00abSomos capaces de aprovechar los recursos del monte respetando la biodiversidad. La madera le da una segunda vida a los bosques\u00bb. Los montes espa\u00f1oles representan una gran oportunidad para la compensaci\u00f3n de emisiones y para avanzar hacia la neutralidad clim\u00e1tica y la sostenibilidad empresarial.<\/p>\n","protected":false},"excerpt":{"rendered":"<p>Expertos y empresas se re\u00fanen en el evento \u00abSoluciones Clim\u00e1ticas Forestales\u00bb para debatir sobre la importancia de la gesti\u00f3n forestal sostenible y la compensaci\u00f3n de emisiones. El pasado jueves 16 de marzo<a class=\"moretag\" href=\"https:\/\/www.fbycc.org\/index.php\/2023\/03\/17\/evento-soluciones-climaticas-forestales\/\">Leer m\u00e1s&#8230;<\/a><\/p>\n","protected":false},"author":2,"featured_media":0,"comment_status":"closed","ping_status":"open","sticky":false,"template":"","format":"standard","meta":{"_monsterinsights_skip_tracking":false,"_monsterinsights_sitenote_active":false,"_monsterinsights_sitenote_note":"","_monsterinsights_sitenote_category":0,"footnotes":""},"categories":[12,11],"tags":[16,17,198,196,197],"class_list":["post-3382","post","type-post","status-publish","format-standard","hentry","category-jornadas","category-noticias","tag-bosques","tag-cambio-climatico","tag-compensacion","tag-rsc","tag-sostenibilidad"],"_links":{"self":[{"href":"https:\/\/www.fbycc.org\/index.php\/wp-json\/wp\/v2\/posts\/3382","targetHints":{"allow":["GET"]}}],"collection":[{"href":"https:\/\/www.fbycc.org\/index.php\/wp-json\/wp\/v2\/posts"}],"about":[{"href":"https:\/\/www.fbycc.org\/index.php\/wp-json\/wp\/v2\/types\/post"}],"author":[{"embeddable":true,"href":"https:\/\/www.fbycc.org\/index.php\/wp-json\/wp\/v2\/users\/2"}],"replies":[{"embeddable":true,"href":"https:\/\/www.fbycc.org\/index.php\/wp-json\/wp\/v2\/comments?post=3382"}],"version-history":[{"count":11,"href":"https:\/\/www.fbycc.org\/index.php\/wp-json\/wp\/v2\/posts\/3382\/revisions"}],"predecessor-version":[{"id":3398,"href":"https:\/\/www.fbycc.org\/index.php\/wp-json\/wp\/v2\/posts\/3382\/revisions\/3398"}],"wp:attachment":[{"href":"https:\/\/www.fbycc.org\/index.php\/wp-json\/wp\/v2\/media?parent=3382"}],"wp:term":[{"taxonomy":"category","embeddable":true,"href":"https:\/\/www.fbycc.org\/index.php\/wp-json\/wp\/v2\/categories?post=3382"},{"taxonomy":"post_tag","embeddable":true,"href":"https:\/\/www.fbycc.org\/index.php\/wp-json\/wp\/v2\/tags?post=3382"}],"curies":[{"name":"wp","href":"https:\/\/api.w.org\/{rel}","templated":true}]}}