{"id":3202,"date":"2023-01-29T21:59:28","date_gmt":"2023-01-29T21:59:28","guid":{"rendered":"https:\/\/www.fbycc.org\/?p=3202"},"modified":"2023-01-30T16:24:57","modified_gmt":"2023-01-30T16:24:57","slug":"algunas-conclusiones-de-la-cop27","status":"publish","type":"post","link":"https:\/\/www.fbycc.org\/index.php\/2023\/01\/29\/algunas-conclusiones-de-la-cop27\/","title":{"rendered":"Conclusiones de la COP27"},"content":{"rendered":"<p style=\"text-align: justify;\"><img loading=\"lazy\" decoding=\"async\" class=\"alignleft\" style=\"text-align: justify;\" src=\"https:\/\/elperiodicodelaenergia.com\/wp-content\/uploads\/2022\/10\/cop27-logo.jpg\" alt=\"Qu\u00e9 son las COP? Siete claves para entender la 27 cumbre del ...\" width=\"335\" height=\"251\" \/>La 27\u00b0 conferencia de las Naciones Unidas contra el Cambio Clim\u00e1tico que se celebr\u00f3 en Sharm el Sheikh en Egipto el pasado noviembre de 2022 ha sido la sucesora de la anterior, que no estuvo a la altura de sus expectativas. En esta ocasi\u00f3n, como dijo el Secretario General de las Naciones Unidas Ant\u00f3nio Guterres, \u201cla COP27 tiene deberes y muy poco tiempo\u201d. Veremos algunas de las conclusiones y acuerdos all\u00ed tratados.<\/p>\n<p style=\"text-align: justify;\">Con la mente siempre puesta en la COP21 de Par\u00eds de 2015, donde se firm\u00f3 el acuerdo para limitar el calentamiento clim\u00e1tico a 2 \u00baC y donde se inclu\u00eda la aspiraci\u00f3n de limitarlo a 1,5 \u00baC por encima de los niveles preindustriales, se esperaba alcanzar tambi\u00e9n el compromiso de lograr cero emisiones para 2050. Sin embargo, las tendencias globales actuales auguran un incremento de hasta 2,4 \u00baC y Naciones Unidas considera que las emisiones en 2030 ser\u00e1n mayores que en 2010, por lo que se prev\u00e9n escenarios poco optimistas para la disminuci\u00f3n de la temperatura de cara a las d\u00e9cadas que vienen. Especialmente despu\u00e9s de que en la COP26 se cambiara la conversaci\u00f3n del uso del carb\u00f3n de \u201cretirada\u201d a \u201cdisminuci\u00f3n\u201d, que defini\u00f3 bastante bien el tono general de la conferencia. Esta vez se ha pedido a los gobiernos que aceleren los esfuerzos para la eliminaci\u00f3n gradual de la energ\u00eda de carb\u00f3n y de las subvenciones ineficientes a los combustibles f\u00f3siles, apoyando a la vez las energ\u00edas limpias y las explotaciones no intensivas. Sin embargo, bajo el contexto de la guerra de Ucrania, no se lleg\u00f3 a ning\u00fan acuerdo.<\/p>\n<p style=\"text-align: justify;\">Se ha reiterado frenar el calentamiento global, para lo que se estableci\u00f3 un programa de trabajo de mitigaci\u00f3n a efectos inmediatos y que continuar\u00e1 hasta 2026, cuando se revisar\u00e1 estudiar su ampliaci\u00f3n. El primer inventario mundial celebr\u00f3 su segundo di\u00e1logo t\u00e9cnico, y a lo largo de 2023 los pa\u00edses presentar\u00e1n a la secretar\u00eda de ONU Cambio Clim\u00e1tico planes clim\u00e1ticos que contemplen los objetivos deliberados.<\/p>\n<p style=\"text-align: justify;\">En cuanto a financiaci\u00f3n, en la COP15 de Copenhague en 2009 se prometi\u00f3 un fondo clim\u00e1tico de 100.000 millones de d\u00f3lares anuales para los pa\u00edses en v\u00edas desarrollo a partir del a\u00f1o 2020; siendo quiz\u00e1 el objetivo m\u00e1s prometedor de esta edici\u00f3n de la conferencia en la que se ha acordado un fondo para financiar por p\u00e9rdidas y da\u00f1os a los pa\u00edses vulnerables afectados por cat\u00e1strofes clim\u00e1ticas. El objetivo es que los pa\u00edses que m\u00e1s han contribuido a la emisi\u00f3n de gases de efecto invernadero a lo largo de la historia compensen las p\u00e9rdidas y los da\u00f1os que el cambio clim\u00e1tico ha causado en los pa\u00edses en v\u00edas de desarrollo, a los que les afecta a trav\u00e9s de fen\u00f3menos medioambientales como sequ\u00edas o la subida del nivel del mar, pero cuyo impacto tambi\u00e9n es medible en el \u00e1mbito econ\u00f3mico y social. A\u00fan no se cumple la promesa de este fondo, cuya idea representa un hito hist\u00f3rico en el que se responsabiliza a ciertas naciones de los efectos clim\u00e1ticos sobre otros pa\u00edses m\u00e1s vulnerables. Pero para marzo de 2023 un \u2018comit\u00e9 de transici\u00f3n\u2019 se encargar\u00e1 de ponerlo en marcha. El Comit\u00e9 Permanente de Finanzas de la ONU elaborar\u00e1 el informe bienal de progreso sobre el objetivo de los 100 000 millones de d\u00f3lares a partir de 2024, y los pa\u00edses desarrollados participar\u00e1n en la segunda reposici\u00f3n del Fondo Verde para el Clima.<\/p>\n<p style=\"text-align: justify;\">El Fondo de Adaptaci\u00f3n lanzado en 2007 recibir\u00e1 211,58 millones de d\u00f3lares, el Fondo para los Pa\u00edses Menos Adelantados 70,6 millones, y el Fondo Especial para el Cambio Clim\u00e1tico 35 millones. Otra decisi\u00f3n fue la creaci\u00f3n del Plan de Implementaci\u00f3n de Sharm el Sheij, en el que se insta a invertir a gobiernos, bancos centrales, bancos comerciales, inversores institucionales y otros agentes financieros entre 4 y 6 billones de d\u00f3lares al a\u00f1o para la transformaci\u00f3n global hacia una econom\u00eda baja en carbono.<\/p>\n<p style=\"text-align: justify;\"><img loading=\"lazy\" decoding=\"async\" class=\" wp-image-3205 alignright\" src=\"https:\/\/www.fbycc.org\/wp-content\/uploads\/2023\/01\/rfgrfg.png\" alt=\"\" width=\"274\" height=\"201\" srcset=\"https:\/\/www.fbycc.org\/wp-content\/uploads\/2023\/01\/rfgrfg.png 348w, https:\/\/www.fbycc.org\/wp-content\/uploads\/2023\/01\/rfgrfg-300x220.png 300w\" sizes=\"auto, (max-width: 274px) 100vw, 274px\" \/>En materia de bosques, se ha formado la Alianza de L\u00edderes por los Bosques y el Clima (Forest and Climate Leaders\u2019 Partnership &#8211; FCLP), que se reunir\u00e1 anualmente para rendir cuentas y cuyo objetivo es unir la acci\u00f3n de los 140 pa\u00edses comprometidos en la COP26, las empresas y los l\u00edderes comunitarios, para detener la p\u00e9rdida a nivel global de bosques y el aumento de tierras degradadas para 2030. Ya hay 27 pa\u00edses unidos a la alianza que representan el 33% de los bosques del planeta y suman el 60% del PIB mundial. Las l\u00edneas de actuaci\u00f3n para los bosques van por combatir la deforestaci\u00f3n para la creaci\u00f3n de bosques sanos, la conservaci\u00f3n de los bosques ya existentes, y el apoyo a las comunidades locales e ind\u00edgenas potenciando los medios de vida de estas personas que viven y dependen de las masas forestales cercanas para prosperar. No se pierde de vista la biodiversidad como clave para diagnosticar espacios forestales en buen estado.<\/p>\n<p style=\"text-align: justify;\">Se anunci\u00f3 que de los 12.000 millones de d\u00f3lares aportados en la COP26 para proteger y restaurar los bosques durante el per\u00edodo 2021-2025, ya se han gastado 2.670 millones de d\u00f3lares, y se esperan otros 4.500 millones de d\u00f3lares por parte de donantes p\u00fablicos y privados.<\/p>\n<p style=\"text-align: justify;\">Por su parte, los pa\u00edses en desarrollo est\u00e1n tomando medidas para proteger los bosques en el marco del mecanismo de Reducci\u00f3n de Emisiones por Deforestaci\u00f3n y Degradaci\u00f3n de los Bosques (REDD+). Este esfuerzo permitir\u00e1 que participen del marco de medici\u00f3n que ya se emplea en muchas partes del mundo, y que posibilita el seguimiento de las medidas de mitigaci\u00f3n en el sector forestal.<\/p>\n<p style=\"text-align: justify;\">Con muchas tareas pendientes y poco tiempo disponible, en 2023 se celebrar\u00e1 la COP28 en Emiratos \u00c1rabes Unidos.<\/p>\n","protected":false},"excerpt":{"rendered":"<p>La 27\u00b0 conferencia de las Naciones Unidas contra el Cambio Clim\u00e1tico que se celebr\u00f3 en Sharm el Sheikh en Egipto el pasado noviembre de 2022 ha sido la sucesora de la anterior, que no estuvo a la altura de sus expectativas. En esta ocasi\u00f3n, como dijo el Secretario General de las Naciones Unidas Ant\u00f3nio Guterres, \u201cla COP27 tiene deberes y muy poco tiempo\u201d.<\/p>\n","protected":false},"author":5,"featured_media":0,"comment_status":"closed","ping_status":"open","sticky":false,"template":"","format":"standard","meta":{"_monsterinsights_skip_tracking":false,"_monsterinsights_sitenote_active":false,"_monsterinsights_sitenote_note":"","_monsterinsights_sitenote_category":0,"footnotes":""},"categories":[11],"tags":[193,194,16,17,164,163,165,195],"class_list":["post-3202","post","type-post","status-publish","format-standard","hentry","category-noticias","tag-1-5oc","tag-acuerdos","tag-bosques","tag-cambio-climatico","tag-cop27","tag-egipto","tag-financiacion","tag-fondos"],"_links":{"self":[{"href":"https:\/\/www.fbycc.org\/index.php\/wp-json\/wp\/v2\/posts\/3202","targetHints":{"allow":["GET"]}}],"collection":[{"href":"https:\/\/www.fbycc.org\/index.php\/wp-json\/wp\/v2\/posts"}],"about":[{"href":"https:\/\/www.fbycc.org\/index.php\/wp-json\/wp\/v2\/types\/post"}],"author":[{"embeddable":true,"href":"https:\/\/www.fbycc.org\/index.php\/wp-json\/wp\/v2\/users\/5"}],"replies":[{"embeddable":true,"href":"https:\/\/www.fbycc.org\/index.php\/wp-json\/wp\/v2\/comments?post=3202"}],"version-history":[{"count":13,"href":"https:\/\/www.fbycc.org\/index.php\/wp-json\/wp\/v2\/posts\/3202\/revisions"}],"predecessor-version":[{"id":3288,"href":"https:\/\/www.fbycc.org\/index.php\/wp-json\/wp\/v2\/posts\/3202\/revisions\/3288"}],"wp:attachment":[{"href":"https:\/\/www.fbycc.org\/index.php\/wp-json\/wp\/v2\/media?parent=3202"}],"wp:term":[{"taxonomy":"category","embeddable":true,"href":"https:\/\/www.fbycc.org\/index.php\/wp-json\/wp\/v2\/categories?post=3202"},{"taxonomy":"post_tag","embeddable":true,"href":"https:\/\/www.fbycc.org\/index.php\/wp-json\/wp\/v2\/tags?post=3202"}],"curies":[{"name":"wp","href":"https:\/\/api.w.org\/{rel}","templated":true}]}}