{"id":3193,"date":"2023-01-30T11:00:03","date_gmt":"2023-01-30T11:00:03","guid":{"rendered":"https:\/\/www.fbycc.org\/?p=3193"},"modified":"2023-02-11T15:13:49","modified_gmt":"2023-02-11T15:13:49","slug":"into-the-woods-construccion-con-madera-contra-el-cambio-climatico","status":"publish","type":"post","link":"https:\/\/www.fbycc.org\/index.php\/2023\/01\/30\/into-the-woods-construccion-con-madera-contra-el-cambio-climatico\/","title":{"rendered":"Into the Woods: construcci\u00f3n con madera contra el cambio clim\u00e1tico"},"content":{"rendered":"<p style=\"text-align: justify;\"><span style=\"color: #333333;\">El pasado 24 de noviembre tuvo lugar en Finlandia el Webinar \u201c<em>New European Bauhaus goes Into the Woods<\/em>\u201d. Se emiti\u00f3 desde el Centro Finland\u00e9s de la Naturaleza (Haltia), en la ciudad de Espoo. Estuvo organizado por el Ministerio de Medio Ambiente del Gobierno de Finlandia en colaboraci\u00f3n con la Comisi\u00f3n Europea, el Gobierno de Estonia y Gobierno de Suecia.<\/span><\/p>\n<p style=\"text-align: justify;\"><span style=\"color: #333333;\"><img loading=\"lazy\" decoding=\"async\" class=\"wp-image-3199 alignleft\" style=\"text-align: justify;\" src=\"https:\/\/www.fbycc.org\/wp-content\/uploads\/2023\/01\/NEB_logo_negative_small_3_0.png\" alt=\"\" width=\"206\" height=\"207\" srcset=\"https:\/\/www.fbycc.org\/wp-content\/uploads\/2023\/01\/NEB_logo_negative_small_3_0.png 400w, https:\/\/www.fbycc.org\/wp-content\/uploads\/2023\/01\/NEB_logo_negative_small_3_0-300x300.png 300w, https:\/\/www.fbycc.org\/wp-content\/uploads\/2023\/01\/NEB_logo_negative_small_3_0-150x150.png 150w, https:\/\/www.fbycc.org\/wp-content\/uploads\/2023\/01\/NEB_logo_negative_small_3_0-50x50.png 50w, https:\/\/www.fbycc.org\/wp-content\/uploads\/2023\/01\/NEB_logo_negative_small_3_0-250x250.png 250w\" sizes=\"auto, (max-width: 206px) 100vw, 206px\" \/>El evento explora el papel crucial de los bosques, la construcci\u00f3n con madera y la arquitectura, bajo el marco com\u00fan del Nuevo Bauhaus Europeo, iniciativa que naci\u00f3 en el 2021, impulsada por la Presidenta de la Comisi\u00f3n Europea, \u00darsula Von der Leyen, en la que se pretende una mejora de la calidad de vida de los habitantes de pueblos y ciudades a trav\u00e9s de la adaptaci\u00f3n de los espacios en los que se desarrolla la vida cotidiana atendiendo a la cultura de cada lugar, aunque siempre con perspectiva europea.<\/span><\/p>\n<p style=\"text-align: justify;\"><span style=\"color: #333333;\">El Dr. Hans Joachim Schellnhuber, director y fundador del del Instituto de Potsdam para la Investigaci\u00f3n del Impacto Clim\u00e1tico, fue el encargado de la sesi\u00f3n principal sobre la co-transformaci\u00f3n del uso de la tierra y las zonas edificadas.<\/span><\/p>\n<p style=\"text-align: justify;\"><span style=\"color: #333333;\">Explic\u00f3 que el evento de formaci\u00f3n del carb\u00f3n que se encuentra en las capas de la Tierra, y que hoy d\u00eda se explota y utiliza,\u00a0ha dado lugar a que el planeta estuviera cerca de sufrir una glaciaci\u00f3n a nivel global, como ya ha pasado en dos ocasiones en el pasado hace varios millones de a\u00f1os. Gracias al efectivo proceso de fotos\u00edntesis y la sedimentaci\u00f3n, coment\u00f3 el Dr. Schellnhuber, hemos sido capaces de \u201cescapar\u201d dicha glaciaci\u00f3n.<\/span><\/p>\n<p style=\"text-align: justify;\"><span style=\"color: #333333;\">Actualmente, estudiando varias tendencias y escenarios, la Tierra se encuentra cerca de un episodio \u201cinvernadero\u201d, en el que, en los casos menos optimistas, el aumento de temperaturas podr\u00eda ser de entre 1.5 \u00baC y m\u00e1s de 5 \u00baC. Exceder los 1.5 \u00baC podr\u00eda provocar la aparici\u00f3n de puntos cr\u00edticos en elementos como la selva del Amazonas, el permafrost o los glaciares alpinos, y tras ellos se suceder\u00edan cascadas de eventos que pondr\u00edan fin a la civilizaci\u00f3n, seg\u00fan el ponente. Ya nos encontramos en un aumento de 1.2 \u00baC. Aplicando el escenario m\u00e1s buscado por las pol\u00edticas mundiales en el que no solo se frena el calentamiento, sino que adem\u00e1s se reduce en varios grados la temperatura global, la posibilidad m\u00e1s realista consistir\u00e1 en frenar el aumento cuando se produzca el incremento en 2 \u00baC y seguir reduciendo paulatinamente mediante <em>emisiones negativas<\/em>. Solo de este modo el planeta podr\u00e1 mantener diez mil millones de habitantes esperados para el a\u00f1o 2060.<\/span><\/p>\n<p style=\"text-align: justify;\"><span style=\"color: #333333;\">La concentraci\u00f3n de CO2 se encuentra a d\u00eda de hoy en 418 partes por mill\u00f3n, presentando un crecimiento exponencial desde 1960. Los primeros signos de calentamiento global aparecen hacia el 1945-50 con un primer aumento de las temperaturas, pero se enmascaran los a\u00f1os posteriores debido al enorme uso de elementos como aceite, carb\u00f3n o sulfuro. Esto dio lugar a lluvias \u00e1cidas en Escandinavia y Alemania, que produjo la implementaci\u00f3n de filtros en las industrias, pero continu\u00f3 dando rienda suelta al calentamiento.<\/span><\/p>\n<p style=\"text-align: justify;\"><span style=\"color: #333333;\">El experto habl\u00f3 en la sesi\u00f3n sobre c\u00f3mo la construcci\u00f3n es crucial no solo para conseguir la neutralidad, sino tambi\u00e9n para conseguir la acci\u00f3n clim\u00e1tica, revertir y restaurar los efectos mencionados, para lo cual hay que poner el punto de mira en la evoluci\u00f3n de las ciudades y los edificios hacia su uso como el de sumideros de carbono. Ya sabemos que los bosques cumplen esta funci\u00f3n, y desde hace muchos a\u00f1os se explora la construcci\u00f3n con madera como medio de crear estructuras que retengan por muchos a\u00f1os el carbono asimilado por la vegetaci\u00f3n.<\/span><\/p>\n<p><span style=\"color: #333333;\"><img loading=\"lazy\" decoding=\"async\" class=\"aligncenter wp-image-3194\" style=\"text-align: justify;\" src=\"https:\/\/www.fbycc.org\/wp-content\/uploads\/2023\/01\/a.png\" alt=\"Esquema del ponente en el que se representa el ciclo en que el bosque produce madera y biomasa mientras absorbe CO2.\" width=\"709\" height=\"304\" srcset=\"https:\/\/www.fbycc.org\/wp-content\/uploads\/2023\/01\/a.png 1909w, https:\/\/www.fbycc.org\/wp-content\/uploads\/2023\/01\/a-300x129.png 300w, https:\/\/www.fbycc.org\/wp-content\/uploads\/2023\/01\/a-1024x439.png 1024w, https:\/\/www.fbycc.org\/wp-content\/uploads\/2023\/01\/a-768x329.png 768w, https:\/\/www.fbycc.org\/wp-content\/uploads\/2023\/01\/a-1536x658.png 1536w\" sizes=\"auto, (max-width: 709px) 100vw, 709px\" \/><\/span><\/p>\n<p style=\"text-align: justify;\"><span style=\"color: #333333;\">En el hipot\u00e9tico escenario en que\u00a0se continuara haciendo uso del hormig\u00f3n y acero en el sector de la construcci\u00f3n, se producir\u00edan 70 mil millones de toneladas de CO2 a la atm\u00f3sfera, las mismas que se podr\u00edan almacenar si se cambiaran dichos materiales por madera en el \u00e1mbito de la construcci\u00f3n. Para producir dicha madera har\u00eda falta plantar 150 millones de nuevas hect\u00e1reas. El ponente propuso que, ya que\u00a0en el planeta existen 1 mil millones de hect\u00e1reas de tierras degradadas, se podr\u00eda elaborar un\u00a0proyecto mediante el que se reforesten estas \u00e1reas. De este modo, se conseguir\u00edan millones de hect\u00e1reas forestales productoras de madera para construcci\u00f3n sostenible, a la vez que masas arboladas en buen estado que cambiar\u00edan la situaci\u00f3n de degradaci\u00f3n en que actualmente se encuentran estos lugares. Siempre bajo un criterio de sostenibilidad en la extracci\u00f3n y cortas, y con criterios de biodiversidad y aumento de la biomasa del bosque, ya que se consume el 50% de la biomasa en la U.E..<\/span><\/p>\n<p style=\"text-align: justify;\"><span style=\"color: #333333;\">La oportunidad de emplear los bosques para la acci\u00f3n clim\u00e1tica se da, curiosamente, de forma natural, ya que muchas masas forestales prosperan en el clima que hemos creado: en los pa\u00edses del norte el clima m\u00e1s c\u00e1lido conlleva un aumento de las precipitaciones y se produce un efecto de fertilizaci\u00f3n con el aumento del CO2.<\/span><\/p>\n<p style=\"text-align: justify;\"><span style=\"color: #333333;\">As\u00ed, mediante un cambio en la econom\u00eda y el uso de biomateriales como la madera proveniente de masas forestales, se pueden llegar a cambiar las tendencias globales y revertir los efectos del cambio clim\u00e1tico.<\/span><\/p>\n<p style=\"text-align: justify;\"><span style=\"font-size: 10pt;\">Fuente: <a href=\"https:\/\/www.nordicbauhaus.eu\/into-the-woods#\/page=4\">Into the Woods<\/a><\/span><\/p>\n","protected":false},"excerpt":{"rendered":"<p>El pasado 24 de noviembre tuvo lugar en Finlandia el Webinar \u201cNew European Bauhaus goes Into the Woods\u201d. Se emiti\u00f3 desde el Centro Finland\u00e9s de la Naturaleza (Haltia), en la ciudad de Espoo. Estuvo organizado por el Ministerio de Medio Ambiente del Gobierno de Finlandia en colaboraci\u00f3n con la Comisi\u00f3n Europea, el Gobierno de Estonia y Gobierno de Suecia.<\/p>\n","protected":false},"author":5,"featured_media":0,"comment_status":"closed","ping_status":"open","sticky":false,"template":"","format":"standard","meta":{"_monsterinsights_skip_tracking":false,"_monsterinsights_sitenote_active":false,"_monsterinsights_sitenote_note":"","_monsterinsights_sitenote_category":0,"footnotes":""},"categories":[11],"tags":[191,16,192,17,86,184,190,183],"class_list":["post-3193","post","type-post","status-publish","format-standard","hentry","category-noticias","tag-bauhaus","tag-bosques","tag-calentamiento-global","tag-cambio-climatico","tag-comision-europea","tag-construccion-con-madera","tag-finlandia","tag-new-european-bauhaus"],"_links":{"self":[{"href":"https:\/\/www.fbycc.org\/index.php\/wp-json\/wp\/v2\/posts\/3193","targetHints":{"allow":["GET"]}}],"collection":[{"href":"https:\/\/www.fbycc.org\/index.php\/wp-json\/wp\/v2\/posts"}],"about":[{"href":"https:\/\/www.fbycc.org\/index.php\/wp-json\/wp\/v2\/types\/post"}],"author":[{"embeddable":true,"href":"https:\/\/www.fbycc.org\/index.php\/wp-json\/wp\/v2\/users\/5"}],"replies":[{"embeddable":true,"href":"https:\/\/www.fbycc.org\/index.php\/wp-json\/wp\/v2\/comments?post=3193"}],"version-history":[{"count":17,"href":"https:\/\/www.fbycc.org\/index.php\/wp-json\/wp\/v2\/posts\/3193\/revisions"}],"predecessor-version":[{"id":3292,"href":"https:\/\/www.fbycc.org\/index.php\/wp-json\/wp\/v2\/posts\/3193\/revisions\/3292"}],"wp:attachment":[{"href":"https:\/\/www.fbycc.org\/index.php\/wp-json\/wp\/v2\/media?parent=3193"}],"wp:term":[{"taxonomy":"category","embeddable":true,"href":"https:\/\/www.fbycc.org\/index.php\/wp-json\/wp\/v2\/categories?post=3193"},{"taxonomy":"post_tag","embeddable":true,"href":"https:\/\/www.fbycc.org\/index.php\/wp-json\/wp\/v2\/tags?post=3193"}],"curies":[{"name":"wp","href":"https:\/\/api.w.org\/{rel}","templated":true}]}}