{"id":3155,"date":"2022-11-28T22:53:23","date_gmt":"2022-11-28T22:53:23","guid":{"rendered":"https:\/\/www.fbycc.org\/?p=3155"},"modified":"2023-01-30T16:25:55","modified_gmt":"2023-01-30T16:25:55","slug":"mandatarios-del-norte-de-europa-se-reunen-en-el-evento-into-the-woods","status":"publish","type":"post","link":"https:\/\/www.fbycc.org\/index.php\/2022\/11\/28\/mandatarios-del-norte-de-europa-se-reunen-en-el-evento-into-the-woods\/","title":{"rendered":"Mandatarios del norte de Europa se reunieron en el evento &#8216;Into the Woods&#8217;"},"content":{"rendered":"<p>&nbsp;<\/p>\n<p><img loading=\"lazy\" decoding=\"async\" class=\"alignright\" style=\"text-align: center;\" src=\"https:\/\/pbs.twimg.com\/media\/FiTwElrXoAAjjXI?format=jpg&amp;name=large\" width=\"332\" height=\"187\" \/><\/p>\n<p style=\"text-align: justify;\">El pasado 24 de noviembre, responsables europeos de alto nivel se reunieron en el <a href=\"https:\/\/haltia.com\/\" target=\"_blank\" rel=\"noopener\">Centro Finland\u00e9s de la Naturaleza Haltia<\/a>, en Espoo, para estudiar las soluciones que pueden ofrecer los bosques en la b\u00fasqueda de entornos saludables. El evento <span style=\"text-decoration: underline;\"><a href=\"https:\/\/www.nordicbauhaus.eu\/into-the-woods#\/page=1\" target=\"_blank\" rel=\"noopener\"><strong>&#8216;Into the Woods&#8217;<\/strong><\/a><\/span> fue organizado por la Comisi\u00f3n Europea, Suecia y Estonia junto con Finlandia.<\/p>\n<p><span style=\"text-align: justify;\">Los asistentes fueron la Presidenta de la Comisi\u00f3n Europea Ursula von der Leyen, el Comisario Europeo de Medio Ambiente Virginijus Sinkevi\u010dius, la Primera Ministra de Estonia Kaja Kallas y la Viceprimera Ministra de Suecia Ebba Busch.<\/span><\/p>\n<p style=\"text-align: justify;\">Los ministros finlandeses de Medio Ambiente y Cambio Clim\u00e1tico, Maria Ohisalo, y de Agricultura y Silvicultura, Antti Kurvinen, tambi\u00e9n participaron en el acto. Adem\u00e1s de los responsables de la toma de decisiones, el acto reuni\u00f3 a investigadores y expertos en arquitectura y construcci\u00f3n.<\/p>\n<p style=\"text-align: center;\"><img loading=\"lazy\" decoding=\"async\" class=\"aligncenter wp-image-3189 size-large\" src=\"https:\/\/www.fbycc.org\/wp-content\/uploads\/2022\/11\/participantes_itw-1024x669.jpg\" alt=\"\" width=\"604\" height=\"395\" srcset=\"https:\/\/www.fbycc.org\/wp-content\/uploads\/2022\/11\/participantes_itw-1024x669.jpg 1024w, https:\/\/www.fbycc.org\/wp-content\/uploads\/2022\/11\/participantes_itw-300x196.jpg 300w, https:\/\/www.fbycc.org\/wp-content\/uploads\/2022\/11\/participantes_itw-768x502.jpg 768w, https:\/\/www.fbycc.org\/wp-content\/uploads\/2022\/11\/participantes_itw.jpg 1127w\" sizes=\"auto, (max-width: 604px) 100vw, 604px\" \/><\/p>\n<p style=\"text-align: justify;\">El evento &#8216;Into the Woods&#8217; const\u00f3 de un debate de apertura y tres mesas redondas paralelas: \u00abEl futuro de los bosques\u00bb, \u00abConstruir una Europa neutra en carbono con madera\u00bb y \u00abArquitectura inspirada en la naturaleza\u00bb. A continuaci\u00f3n se celebr\u00f3 un debate final en el que se expusieron los puntos de vista de las diversas partes interesadas.<\/p>\n<p>Entre las ponencias destac\u00f3 la realizada por el profesor Hans Joachim Schellnhuber, Director del Postdam Institute for Climate Impact, en la que imparti\u00f3 una conferencia magistral en la que explic\u00f3 el relevante papel de los bosques y los productos forestales en la lucha contra el cambio clim\u00e1tico.<\/p>\n<p style=\"text-align: justify;\">El evento &#8216;Into the Woods&#8217; forma parte de la iniciativa New European Bauhaus, cuyo objetivo es promover el desarrollo sostenible, la inclusi\u00f3n y la belleza en el entorno construido. Bauhaus hace referencia a la escuela de arquitectura y dise\u00f1o creada en Alemania en la d\u00e9cada de 1920, para la reconstrucci\u00f3n del pa\u00eds tras la 1\u00aa Guerra Mundial. La Comisi\u00f3n ha adoptado la Bauhaus N\u00f3rdica como uno de sus cinco programas Bauhaus. El programa Bauhaus N\u00f3rdico se centra en el impacto clim\u00e1tico y la econom\u00eda circular en el entorno construido.<\/p>\n<p>\u00a0<strong> \u00a0 <a href=\"https:\/\/view.taiqa.com\/sites\/all\/files\/admin_files\/nordicbauhaus\/images\/into-the-woods\/IntotheWoods_Programme_online.pdf\" target=\"_blank\" rel=\"noopener\">&gt;&gt; Programa del evento<\/a><\/strong><\/p>\n<p><strong><div class=\"tx-heading\" style=\"margin-bottom:24px; text-align: left;\"><h2 class=\"tx-heading-tag\" style=\"font-size:24px;\">Evento &#039;Into the woods<\/h2><\/div><\/strong><\/p>\n<p>PRESENTACI\u00d3N Y\u00a0MESA REDONDA &#8216;A&#8217;. El futuro de los bosques<\/p>\n<p style=\"text-align: center;\"><iframe loading=\"lazy\" title=\"vimeo-player\" src=\"https:\/\/player.vimeo.com\/video\/773475138?h=b402f35129\" width=\"800\" height=\"480\" frameborder=\"0\" allowfullscreen=\"allowfullscreen\"><span data-mce-type=\"bookmark\" style=\"display: inline-block; width: 0px; overflow: hidden; line-height: 0;\" class=\"mce_SELRES_start\">\ufeff<\/span><span data-mce-type=\"bookmark\" style=\"display: inline-block; width: 0px; overflow: hidden; line-height: 0;\" class=\"mce_SELRES_start\">\ufeff<\/span><\/iframe><\/p>\n<p>RUEDA DE PRENSA<\/p>\n<p style=\"text-align: center;\"><iframe loading=\"lazy\" id=\"videoplayer\" title=\"Visit of Ursula von der Leyen, President of the European Commission, to Finland for the New European\u00a0Bauhaus Event 'Into the Woods': joint press conference\" src=\"https:\/\/audiovisual.ec.europa.eu\/embed\/index.html?ref=I-233844&amp;lg=INT\" width=\"800\" height=\"440\" frameborder=\"0\" scrolling=\"no\" allowfullscreen=\"allowfullscreen\"><span data-mce-type=\"bookmark\" style=\"display: inline-block; width: 0px; overflow: hidden; line-height: 0;\" class=\"mce_SELRES_start\">\ufeff<\/span><span data-mce-type=\"bookmark\" style=\"display: inline-block; width: 0px; overflow: hidden; line-height: 0;\" class=\"mce_SELRES_start\">\ufeff<\/span><\/iframe><\/p>\n<p>Puedes ver el contenido de las otras mesas redondas desde la p\u00e1gina del evento:<\/p>\n<ul>\n<li><a href=\"https:\/\/www.nordicbauhaus.eu\/into-the-woods#\/page=12\" target=\"_blank\" rel=\"noopener\">MESA REDONDA &#8216;B&#8217;. Construir una Europa neutra en carbono<\/a><\/li>\n<li><a href=\"https:\/\/www.nordicbauhaus.eu\/into-the-woods#\/page=16\" target=\"_blank\" rel=\"noopener\">MESA REDONDA &#8216;C&#8217;. Arquitectura inspirada en la naturaleza<\/a><\/li>\n<\/ul>\n<p><strong><div class=\"tx-heading\" style=\"margin-bottom:24px; text-align: left;\"><h2 class=\"tx-heading-tag\" style=\"font-size:24px;\">Las pol\u00edticas europeas sobre bosques a debate<\/h2><\/div><\/strong><\/p>\n<p style=\"text-align: justify;\">En Finlandia se ha producido un animado y muy cr\u00edtico debate sobre las propuestas de la Comisi\u00f3n Europea en materia de bosques. La Gran Comisi\u00f3n del Parlamento finland\u00e9s est\u00e1 formulando una posici\u00f3n final sobre la propuesta de reglamento de restauraci\u00f3n, que ha causado un gran revuelo en Finlandia.<\/p>\n<p style=\"text-align: justify;\">La Sra. von der Leyen dijo que se seguir\u00eda trabajando en la propuesta. Dijo que era importante que la UE se comprometiera con los objetivos comunes sobre el cambio clim\u00e1tico y la biodiversidad. Dijo que el resto de la UE podr\u00eda aprender de la experiencia de Finlandia en materia de bosques.<\/p>\n<p style=\"text-align: justify;\">Se calcula que la normativa sobre restauraci\u00f3n costar\u00e1 a Finlandia unos 930 millones de euros al a\u00f1o. En relaci\u00f3n con el PIB, Finlandia soportar\u00eda los costes m\u00e1s elevados de todos los Estados miembros de la UE. Von der Leyen dijo que los elevados costes para Finlandia se han calculado con cantidades basadas en el peor escenario posible del estado de las zonas naturales de Finlandia.<\/p>\n<p style=\"text-align: justify;\">En cuanto a la financiaci\u00f3n, von der Leyen tambi\u00e9n mencion\u00f3 que la UE dispone de unos 14.000 millones de euros para acciones en materia de biodiversidad cada a\u00f1o, de los cuales \u00ab<em>entre 6.000 y 8.000 millones podr\u00edan destinarse a los bosques, por ejemplo<\/em>\u00ab. No dijo claramente si el dinero podr\u00eda utilizarse para cubrir los costes de Finlandia y Suecia, por ejemplo.<\/p>\n<p style=\"text-align: justify;\">La Presidenta de la Comisi\u00f3n Europea subray\u00f3 que hay suficientes bosques para todos y que cada pa\u00eds seguir\u00e1 decidiendo qu\u00e9 hacer en sus propios bosques:<\/p>\n<p style=\"text-align: justify;\"><em>\u00abQuiero dejar muy claro que somos firmes partidarios del principio de proximidad. Los Estados miembros y las comunidades locales son los encargados de planificar el c\u00f3mo enfocar la cuesti\u00f3n, proteger los bosques y recoger los beneficios econ\u00f3micos\u00bb<\/em><\/p>\n<p style=\"text-align: justify;\">En su intervenci\u00f3n, von der Leyen subray\u00f3 la importancia de los bosques como sumideros de carbono en la lucha contra el cambio clim\u00e1tico, pero al mismo tiempo quiso responder claramente a las cr\u00edticas y preocupaciones de Finlandia y Suecia de que las propuestas de la Comisi\u00f3n, la m\u00e1s reciente el reglamento de restauraci\u00f3n de la naturales, interfieran en la toma de decisiones nacionales sobre los bosques.<\/p>\n<p style=\"text-align: justify;\">\u00ab<em>Sabemos que los bosques son los mejores aliados contra el cambio clim\u00e1tico<\/em>\u00bb \u00ab<em>El reglamento de restauraci\u00f3n no s\u00f3lo se refiere a la sostenibilidad. Tambi\u00e9n es una estrategia empresarial para mantener los recursos [naturales] para su uso empresarial<\/em>\u00ab, dijo von der Leyen.<\/p>\n<p style=\"text-align: justify;\">El principio de proximidad significa que las decisiones deben tomarse lo m\u00e1s cerca posible de las zonas afectadas. Las propuestas de la Comisi\u00f3n Europea han sido controvertidas porque la UE no tiene formalmente una pol\u00edtica forestal com\u00fan, pero s\u00ed una pol\u00edtica medioambiental com\u00fan.<\/p>\n<p><strong><div class=\"tx-heading\" style=\"margin-bottom:24px; text-align: left;\"><h2 class=\"tx-heading-tag\" style=\"font-size:24px;\">Construcci\u00f3n en madera<\/h2><\/div><\/strong><\/p>\n<p style=\"text-align: justify;\">Von der Leyen cree que la voluntad com\u00fan de la UE debe ser encontrar muchas formas de utilizar los bosques de forma que sean buenos para la biodiversidad, el clima y la econom\u00eda.<\/p>\n<p style=\"text-align: justify;\">En su discurso, la Sra. von der Leyen dijo que el sector de la construcci\u00f3n es responsable de un tercio de las emisiones de la UE. En el acto, la presidente de la Comisi\u00f3n Europea y otros responsables se pronunciaron a favor del desarrollo de la construcci\u00f3n en madera, argumentando que los productos de madera de larga duraci\u00f3n secuestran el di\u00f3xido de carbono.<\/p>\n<p style=\"text-align: justify;\">\u00abQ<em>ueremos que nuestros edificios se conviertan en sumideros de carbono<\/em>\u00ab, dijo von der Leyen.<\/p>\n<p>&nbsp;<\/p>\n<p><strong>M\u00e1s informaci\u00f3n:<\/strong><\/p>\n<ul>\n<li><a href=\"https:\/\/www.nordicbauhaus.eu\" target=\"_blank\" rel=\"noopener\">Nordic Carbon Neutral Bauhaus<\/a><\/li>\n<li><a href=\"https:\/\/valtioneuvosto.fi\/en\/-\/10616\/into-the-woods-high-level-decision-makers-to-discuss-role-of-forests-in-building-good-living-environments\" target=\"_blank\" rel=\"noopener\"><span class=\"contributor\">Finnish Government Communications Department<\/span><\/a><span class=\"contributor\">. <\/span><a href=\"https:\/\/valtioneuvosto.fi\/en\/-\/10616\/into-the-woods-high-level-decision-makers-to-discuss-role-of-forests-in-building-good-living-environments\" target=\"_blank\" rel=\"noopener\"><span class=\"contributor\">Ministry of the Environment<\/span><\/a><\/li>\n<li><a href=\"https:\/\/valtioneuvosto.fi\/en\/-\/10616\/speech-of-prime-minister-sanna-marin-at-the-new-european-bauhaus-goes-into-the-woods-event-on-24-november-2022\" target=\"_blank\" rel=\"noopener\">Speech of Prime Minister Sanna Marin. Finnish Government Communications Department<\/a><\/li>\n<li class=\"ecl-heading ecl-heading--h1 ecl-u-color-white\"><a href=\"https:\/\/ec.europa.eu\/commission\/presscorner\/detail\/es\/speech_22_7116\" target=\"_blank\" rel=\"noopener\">Remarks by President von der Leyen. European Commission.<\/a><\/li>\n<li class=\"ecl-heading ecl-heading--h1 ecl-u-color-white\"><a href=\"https:\/\/ec.europa.eu\/commission\/presscorner\/detail\/es\/statement_22_7120\" target=\"_blank\" rel=\"noopener\">Statement by President von der Leyen. European Commission.<\/a><\/li>\n<\/ul>\n<p>&nbsp;<\/p>\n<p>&nbsp;<\/p>\n","protected":false},"excerpt":{"rendered":"<p>El pasado 24 de noviembre, responsables europeos de alto nivel se reunieron en el Centro Finland\u00e9s de la Naturaleza Haltia, en Espoo, para estudiar las soluciones que pueden ofrecer los bosques en la b\u00fasqueda de entornos saludables. El evento &#8216;Into the Woods&#8217; fue organizado por la Comisi\u00f3n Europea, Suecia y Estonia junto con Finlandia.<\/p>\n","protected":false},"author":2,"featured_media":0,"comment_status":"closed","ping_status":"open","sticky":false,"template":"","format":"standard","meta":{"_monsterinsights_skip_tracking":false,"_monsterinsights_sitenote_active":false,"_monsterinsights_sitenote_note":"","_monsterinsights_sitenote_category":0,"footnotes":""},"categories":[11],"tags":[189,16,17,86,184,188,190,182,183,185,187],"class_list":["post-3155","post","type-post","status-publish","format-standard","hentry","category-noticias","tag-arquitectura","tag-bosques","tag-cambio-climatico","tag-comision-europea","tag-construccion-con-madera","tag-estonia","tag-finlandia","tag-into-the-woods","tag-new-european-bauhaus","tag-reglamento-de-restauracion-de-la-naturaleza","tag-suecia"],"_links":{"self":[{"href":"https:\/\/www.fbycc.org\/index.php\/wp-json\/wp\/v2\/posts\/3155","targetHints":{"allow":["GET"]}}],"collection":[{"href":"https:\/\/www.fbycc.org\/index.php\/wp-json\/wp\/v2\/posts"}],"about":[{"href":"https:\/\/www.fbycc.org\/index.php\/wp-json\/wp\/v2\/types\/post"}],"author":[{"embeddable":true,"href":"https:\/\/www.fbycc.org\/index.php\/wp-json\/wp\/v2\/users\/2"}],"replies":[{"embeddable":true,"href":"https:\/\/www.fbycc.org\/index.php\/wp-json\/wp\/v2\/comments?post=3155"}],"version-history":[{"count":36,"href":"https:\/\/www.fbycc.org\/index.php\/wp-json\/wp\/v2\/posts\/3155\/revisions"}],"predecessor-version":[{"id":3608,"href":"https:\/\/www.fbycc.org\/index.php\/wp-json\/wp\/v2\/posts\/3155\/revisions\/3608"}],"wp:attachment":[{"href":"https:\/\/www.fbycc.org\/index.php\/wp-json\/wp\/v2\/media?parent=3155"}],"wp:term":[{"taxonomy":"category","embeddable":true,"href":"https:\/\/www.fbycc.org\/index.php\/wp-json\/wp\/v2\/categories?post=3155"},{"taxonomy":"post_tag","embeddable":true,"href":"https:\/\/www.fbycc.org\/index.php\/wp-json\/wp\/v2\/tags?post=3155"}],"curies":[{"name":"wp","href":"https:\/\/api.w.org\/{rel}","templated":true}]}}