{"id":3094,"date":"2022-11-13T22:05:11","date_gmt":"2022-11-13T22:05:11","guid":{"rendered":"https:\/\/www.fbycc.org\/?p=3094"},"modified":"2023-01-30T16:21:59","modified_gmt":"2023-01-30T16:21:59","slug":"acuerdo-provisional-del-consejo-y-el-parlamento-sobre-la-contribucion-lulucf","status":"publish","type":"post","link":"https:\/\/www.fbycc.org\/index.php\/2022\/11\/13\/acuerdo-provisional-del-consejo-y-el-parlamento-sobre-la-contribucion-lulucf\/","title":{"rendered":"Acuerdo provisional del Consejo y el Parlamento sobre la contribuci\u00f3n LULUCF"},"content":{"rendered":"<p style=\"text-align: justify;\">El Consejo y el Parlamento Europeo han alcanzado en noviembre un acuerdo pol\u00edtico provisional sobre el refuerzo de la contribuci\u00f3n del sector del uso de la tierra, el cambio de uso de la tierra y la silvicultura (UTCUTS) al aumento de la ambici\u00f3n clim\u00e1tica global de la UE para 2030.<\/p>\n<p style=\"text-align: justify;\">A falta de su adopci\u00f3n formal, el Consejo y el Parlamento han establecido un <strong>objetivo global de 310 millones de toneladas equivalentes de CO2 de absorciones netas a escala de la UE<\/strong> para el sector UTCUTS en 2030. El sector UTCUTS abarca el uso de suelos, \u00e1rboles, plantas, biomasa y madera, y es responsable tanto de la emisi\u00f3n de CO2 a la atm\u00f3sfera como de su absorci\u00f3n de la atm\u00f3sfera. La meta es aumentar progresivamente las absorciones y reducir las emisiones para alcanzar el objetivo a escala de la UE.<\/p>\n<p style=\"text-align: justify;\">De conformidad con el acuerdo provisional, las normas actuales que establecen que las emisiones no deben superar las absorciones (el <strong>compromiso de \u00abdeuda cero\u00bb<\/strong>) seguir\u00e1n aplic\u00e1ndose hasta 2025. Para el periodo 2026-2030, cuando las absorciones deber\u00e1n superar las emisiones, se asignar\u00e1 a cada Estado miembro un <strong>objetivo nacional vinculante que deber\u00e1 haber cumplido en 2030<\/strong>. El acuerdo mantiene la distribuci\u00f3n de objetivos entre Estados miembros que propone la Comisi\u00f3n.<\/p>\n<p style=\"text-align: justify;\">Adem\u00e1s de los objetivos nacionales para 2030, el acuerdo establece que cada Estado miembro se comprometer\u00e1 a alcanzar una determinada cantidad neta de emisiones y absorciones de gases de efecto invernadero para la totalidad del periodo 2026-2029 (el \u00abpresupuesto 2026-2029\u00bb). <strong>El presupuesto se basar\u00e1 en una trayectoria de valores indicativos anuales de absorciones y emisiones.<\/strong><\/p>\n<p style=\"text-align: justify;\">El acuerdo provisional mantiene la posibilidad de <strong>comprar y vender unidades de absorci\u00f3n<\/strong> entre Estados miembros y de utilizar las asignaciones anuales de emisiones excedentarias en virtud del <strong>Reglamento de reparto del esfuerzo<\/strong> para alcanzar los objetivos UTCUTS.<\/p>\n<p style=\"text-align: justify;\">El acuerdo mantiene una <strong>flexibilidad general<\/strong> para apoyar a aquellos Estados miembros que tengan dificultades para cumplir sus objetivos debido a <strong>perturbaciones naturales<\/strong> (como incendios forestales, plagas y los efectos del cambio clim\u00e1tico y los suelos org\u00e1nicos en las emisiones), siempre que la Uni\u00f3n en su conjunto cumpla su objetivo para 2030. El acuerdo refuerza los criterios para evaluar si se est\u00e1 cumpliendo el objetivo a escala de la UE y, por consiguiente, si puede utilizarse el mecanismo de flexibilidad.<\/p>\n<p style=\"text-align: justify;\">Los Estados miembros podr\u00e1n utilizar el mecanismo de flexibilidad hasta un l\u00edmite fijo, siempre que, entre otras condiciones, presenten pruebas a la Comisi\u00f3n siguiendo una metodolog\u00eda bien definida.<\/p>\n<p style=\"text-align: justify;\">El acuerdo introduce un <strong>mecanismo de gobernanza<\/strong> en el Reglamento que incluye las medidas que deben adoptarse en caso de que un Estado miembro no cumpla su objetivo nacional en el segundo periodo.<\/p>\n<p style=\"text-align: justify;\">La Comisi\u00f3n presentar\u00e1, en un plazo de seis meses a partir del primer balance mundial realizado en el marco del Acuerdo de Par\u00eds (previsto para 2023), un informe sobre la inclusi\u00f3n en el \u00e1mbito de aplicaci\u00f3n del Reglamento de <strong>las emisiones de gases de efecto invernadero distintos del CO2 procedentes de la agricultura<\/strong> y el establecimiento de objetivos para despu\u00e9s de 2030 relativos al sector del uso de la tierra.<\/p>\n<p style=\"text-align: justify;\">El texto del acuerdo pol\u00edtico provisional estar\u00e1 disponible pr\u00f3ximamente.<\/p>\n<p style=\"text-align: justify;\"><strong>Contexto<\/strong><\/p>\n<p style=\"text-align: justify;\">El acuerdo pol\u00edtico provisional alcanzado hoy en las negociaciones tripartitas tendr\u00e1 ahora que ser adoptado formalmente por el Consejo y el Parlamento.<\/p>\n<p style=\"text-align: justify;\">La propuesta de revisi\u00f3n del Reglamento sobre el uso de la tierra, el cambio de uso de la tierra y la silvicultura forma parte del paquete de medidas \u00abObjetivo 55\u00bb. Este paquete de medidas, presentado por la Comisi\u00f3n Europea el 14 de julio de 2021, tiene por objeto permitir a la UE reducir sus emisiones netas de gases de efecto invernadero en al menos un 55 % de aqu\u00ed a 2030, en comparaci\u00f3n con los valores de 1990, y lograr la neutralidad clim\u00e1tica en 2050. La propuesta de Reglamento UTCUTS supone la revisi\u00f3n de la normativa existente, modificada por \u00faltima vez en 2018. El Reglamento establece un marco para garantizar que las emisiones y absorciones generadas por este sector se tengan en cuenta en las metas y objetivos clim\u00e1ticos de la UE.<\/p>\n<p style=\"text-align: justify;\">El Parlamento adopt\u00f3 una serie de enmiendas a la propuesta de la Comisi\u00f3n en su sesi\u00f3n plenaria del 8 de junio de 2022. El 29 de junio de 2022, el Consejo de Medio Ambiente alcanz\u00f3 una orientaci\u00f3n general sobre la propuesta.<\/p>\n<p style=\"text-align: justify;\">Este es el tercer expediente del paquete de medidas \u00abObjetivo 55\u00bb acordado recientemente, tras las emisiones de CO2 para turismos y furgonetas y las reducciones de emisiones para sectores como la vivienda, el transporte por carretera, la agricultura y los residuos.<\/p>\n<ul class=\"council-link-list padding-bottom-20\">\n<li><a class=\"\" title=\"Paquete de medidas \u00abObjetivo 55\u00bb: el Consejo acuerda orientaciones generales sobre las reducciones de emisiones y sus repercusiones sociales (comunicado de prensa, 29.6.2022)\" href=\"https:\/\/www.consilium.europa.eu\/es\/press\/press-releases\/2022\/06\/29\/fit-for-55-council-reaches-general-approaches-relating-to-emissions-reductions-and-removals-and-their-social-impacts\/\">Paquete de medidas \u00abObjetivo 55\u00bb: el Consejo acuerda orientaciones generales sobre las reducciones de emisiones y sus repercusiones sociales (comunicado de prensa, 29.6.2022)<\/a><\/li>\n<li><a class=\"link-pdf at-file-click\" title=\"Documento PDF - Orientaci\u00f3n general sobre el uso de la tierra, el cambio de uso de la tierra y la silvicultura (UTCUTS)\" href=\"https:\/\/data.consilium.europa.eu\/doc\/document\/ST-10774-2022-INIT\/x\/pdf\" rel=\"nofollow\">Orientaci\u00f3n general sobre el uso de la tierra, el cambio de uso de la tierra y la silvicultura (UTCUTS)<\/a><\/li>\n<li><a class=\"link-pdf at-file-click\" title=\"Documento PDF - Propuesta de la Comisi\u00f3n sobre la revisi\u00f3n del Reglamento UTCUTS\" href=\"https:\/\/data.consilium.europa.eu\/doc\/document\/ST-10857-2021-INIT\/es\/pdf\" rel=\"nofollow\">Propuesta de la Comisi\u00f3n sobre la revisi\u00f3n del Reglamento UTCUTS<\/a><\/li>\n<li><a class=\"\" title=\"Paquete de medidas \u00abObjetivo 55\u00bb (informaci\u00f3n de referencia)\" href=\"https:\/\/www.consilium.europa.eu\/es\/policies\/green-deal\/fit-for-55-the-eu-plan-for-a-green-transition\/\">Paquete de medidas \u00abObjetivo 55\u00bb (informaci\u00f3n de referencia)<\/a><\/li>\n<\/ul>\n<p><strong>Infograf\u00eda<\/strong><\/p>\n<p style=\"text-align: justify;\">Reducir las emisiones no es la \u00fanica forma de lograr la neutralidad clim\u00e1tica. Eliminar el CO2 de la atm\u00f3sfera captur\u00e1ndolo en el suelo y los bosques tambi\u00e9n contribuye a reducir las emisiones totales de gases de efecto invernadero de la UE.<\/p>\n<p style=\"text-align: justify;\">El Consejo ha acordado una orientaci\u00f3n general sobre la revisi\u00f3n del reglamento LULUCF, que establece normas para la reducci\u00f3n de emisiones y la eliminaci\u00f3n de carbono en el sector del uso de la tierra, el cambio de uso de la tierra y la silvicultura (LULUCF) en junio de 2022. En noviembre de 2022, el Consejo y el Parlamento Europeo alcanzaron un acuerdo provisional sobre la revisi\u00f3n del reglamento.<\/p>\n<p style=\"text-align: justify;\">El reglamento revisado se convertir\u00e1 en legislaci\u00f3n de la UE una vez que el Consejo y el Parlamento Europeo aprueben formalmente el nuevo texto.<\/p>\n<p style=\"text-align: center;\"><img loading=\"lazy\" decoding=\"async\" class=\"aligncenter size-full\" src=\"https:\/\/www.consilium.europa.eu\/media\/60054\/2206_ff55-lulucf.jpg\" width=\"1028\" height=\"7046\" \/><\/p>\n<p><span style=\"font-size: 10pt;\">Fuente: Consejo de la Uni\u00f3n Europea<\/span><\/p>\n","protected":false},"excerpt":{"rendered":"<p>El Consejo y el Parlamento Europeo han alcanzado en noviembre un acuerdo pol\u00edtico provisional sobre el refuerzo de la contribuci\u00f3n del sector del uso de la tierra, el cambio de uso de la tierra y la silvicultura (UTCUTS) al aumento de la ambici\u00f3n clim\u00e1tica global de la UE para 2030.<\/p>\n","protected":false},"author":2,"featured_media":0,"comment_status":"closed","ping_status":"open","sticky":false,"template":"","format":"standard","meta":{"_monsterinsights_skip_tracking":false,"_monsterinsights_sitenote_active":false,"_monsterinsights_sitenote_note":"","_monsterinsights_sitenote_category":0,"footnotes":""},"categories":[11],"tags":[180,27,181],"class_list":["post-3094","post","type-post","status-publish","format-standard","hentry","category-noticias","tag-consejo","tag-lulucf","tag-parlamento"],"_links":{"self":[{"href":"https:\/\/www.fbycc.org\/index.php\/wp-json\/wp\/v2\/posts\/3094","targetHints":{"allow":["GET"]}}],"collection":[{"href":"https:\/\/www.fbycc.org\/index.php\/wp-json\/wp\/v2\/posts"}],"about":[{"href":"https:\/\/www.fbycc.org\/index.php\/wp-json\/wp\/v2\/types\/post"}],"author":[{"embeddable":true,"href":"https:\/\/www.fbycc.org\/index.php\/wp-json\/wp\/v2\/users\/2"}],"replies":[{"embeddable":true,"href":"https:\/\/www.fbycc.org\/index.php\/wp-json\/wp\/v2\/comments?post=3094"}],"version-history":[{"count":7,"href":"https:\/\/www.fbycc.org\/index.php\/wp-json\/wp\/v2\/posts\/3094\/revisions"}],"predecessor-version":[{"id":3284,"href":"https:\/\/www.fbycc.org\/index.php\/wp-json\/wp\/v2\/posts\/3094\/revisions\/3284"}],"wp:attachment":[{"href":"https:\/\/www.fbycc.org\/index.php\/wp-json\/wp\/v2\/media?parent=3094"}],"wp:term":[{"taxonomy":"category","embeddable":true,"href":"https:\/\/www.fbycc.org\/index.php\/wp-json\/wp\/v2\/categories?post=3094"},{"taxonomy":"post_tag","embeddable":true,"href":"https:\/\/www.fbycc.org\/index.php\/wp-json\/wp\/v2\/tags?post=3094"}],"curies":[{"name":"wp","href":"https:\/\/api.w.org\/{rel}","templated":true}]}}