{"id":3069,"date":"2022-11-12T19:56:34","date_gmt":"2022-11-12T19:56:34","guid":{"rendered":"https:\/\/www.fbycc.org\/?p=3069"},"modified":"2022-11-12T19:56:34","modified_gmt":"2022-11-12T19:56:34","slug":"el-miteco-impulsa-33-proyectos-para-reducir-casi-2-m-de-toneladas-de-co2","status":"publish","type":"post","link":"https:\/\/www.fbycc.org\/index.php\/2022\/11\/12\/el-miteco-impulsa-33-proyectos-para-reducir-casi-2-m-de-toneladas-de-co2\/","title":{"rendered":"El MITECO impulsa 33 proyectos para reducir casi 2 M de toneladas de CO2"},"content":{"rendered":"<ul>\n<li style=\"text-align: justify;\">Estas iniciativas se desarrollar\u00e1n en sectores como la agricultura, la peque\u00f1a industria, el transporte, el residencial, comercial e institucional, el sector de los gases fluorados o el sector residuos<\/li>\n<li style=\"text-align: justify;\">El Fondo de Carbono FES-CO2 adquirir\u00e1 las reducciones de emisiones verificadas que logren los proyectos, contribuyendo as\u00ed a su viabilidad<\/li>\n<\/ul>\n<p style=\"text-align: justify;\">El Ministerio para la Transici\u00f3n Ecol\u00f3gica y el Reto Demogr\u00e1fico (MITECO) ha seleccionado 33 proyectos destinados a reducir cerca de dos millones de toneladas de CO2 equivalente en los pr\u00f3ximos a\u00f1os en sectores como la agricultura, la peque\u00f1a industria, el transporte, el sector residencial, comercial e institucional, el sector de los gases fluorados o el sector residuos.<\/p>\n<p style=\"text-align: justify;\">As\u00ed lo dictamin\u00f3 la Comisi\u00f3n Ejecutiva del Fondo de Carbono en la resoluci\u00f3n de la Convocatoria 2021 de Proyectos de Reducci\u00f3n de Emisiones en territorio nacional del FES-CO2, para fomentar reducci\u00f3n de emisiones de gases de efecto invernadero en nuestro pa\u00eds. Asimismo, el Fondo adquirir\u00e1 las reducciones de emisiones verificadas que logren los proyectos, contribuyendo as\u00ed a su viabilidad.<\/p>\n<p style=\"text-align: justify;\">Para dar respuesta al reto de la lucha contra el cambio clim\u00e1tico y a los crecientes impactos es esencial proporcionar los instrumentos adecuados que permitan movilizar recursos, tanto p\u00fablicos como privados, para impulsar una transformaci\u00f3n de los actuales modelos de producci\u00f3n y consumo hacia una econom\u00eda solidaria y descarbonizada. Con el Fondo de Carbono FES-CO2, operativo desde el a\u00f1o 2011, se crea un instrumento eficaz de financiaci\u00f3n clim\u00e1tica basado, hasta la fecha, en la adquisici\u00f3n de cr\u00e9ditos de carbono.<\/p>\n<p style=\"text-align: justify;\">Tras 10 a\u00f1os de actividad, el Fondo de Carbono ha recibido alrededor de 1100 solicitudes y aprobado la firma de cerca de 500 contratos de compraventa de reducciones verificadas de emisiones que evitar\u00e1n la emisi\u00f3n de m\u00e1s de 17 millones de toneladas de CO2 a la atm\u00f3sfera.<\/p>\n<p style=\"text-align: justify;\"><strong>NOVEDADES RELEVANTES<\/strong><\/p>\n<p style=\"text-align: justify;\">Por su parte, la Convocatoria 2021 del Fondo, incorpora novedades relevantes respecto a la anterior l\u00ednea de actividad del Fondo, los Proyectos Clima, para adaptarse y responder a un contexto de transici\u00f3n urgente hacia un modelo descarbonizado y justo.<\/p>\n<p style=\"text-align: justify;\">Este nuevo contexto de mayor ambici\u00f3n clim\u00e1tica y de coherencia de las pol\u00edticas sectoriales y econ\u00f3micas con la nueva normativa europea para alcanzar una reducci\u00f3n de gases de efecto invernadero de un 55% en el a\u00f1o 2030, ha motivado la revisi\u00f3n de objetivos y \u00e1mbito de actuaci\u00f3n del Fondo, con la finalidad de maximizar los beneficios y hacer un uso eficiente de sus recursos.<\/p>\n<p style=\"text-align: justify;\">La Convocatoria 2021 persigue optimizar la gesti\u00f3n del Fondo, haciendo un uso m\u00e1s eficiente de sus recursos, y ampliar la cartera de proyectos apoyados hasta la fecha, incorporando nuevas tecnolog\u00edas y fomentando la innovaci\u00f3n. En este sentido, una de las principales novedades ha sido la creaci\u00f3n de una modalidad espec\u00edfica para proyectos innovadores y con alto potencial de mitigaci\u00f3n, adem\u00e1s de la tradicional, relativa a proyectos de mediana y peque\u00f1a escala.<\/p>\n<p style=\"text-align: justify;\">Entre las tecnolog\u00edas novedosas de los proyectos aprobados encontramos sistemas de acumulaci\u00f3n de energ\u00eda solar t\u00e9rmica a trav\u00e9s de sales de fusi\u00f3n a baja temperatura; plantas piloto de captura y uso de CO2 o redes de distrito hibridadas basadas en generaci\u00f3n de energ\u00eda t\u00e9rmica renovable mediante biomasa, hidrogeno y energ\u00eda solar fotovoltaica.<\/p>\n<p style=\"text-align: justify;\"><strong>EL FES-CO2 A FUTURO<\/strong><\/p>\n<p style=\"text-align: justify;\">El Real Decreto-ley 36\/2020, de 30 de diciembre, por el que se aprueban medidas urgentes para la modernizaci\u00f3n de la Administraci\u00f3n P\u00fablica y para la ejecuci\u00f3n del Plan de Recuperaci\u00f3n, Transformaci\u00f3n y Resiliencia, modifica la Ley 2\/2011, de 4 de marzo, de Econom\u00eda Sostenible, que crea el Fondo, ampliando su objeto y \u00e1mbito de actuaci\u00f3n. En concreto, prev\u00e9 que el Fondo se dedique a promover el desarrollo de actuaciones de adaptaci\u00f3n a los efectos del cambio clim\u00e1tico, reducci\u00f3n de emisiones de gases de efecto invernadero, aumento de sumideros de carbono, proyectos emblem\u00e1ticos de desarrollo tecnol\u00f3gico en el sector de generaci\u00f3n el\u00e9ctrica o de la industria; as\u00ed como a la adquisici\u00f3n, con car\u00e1cter complementario, de cr\u00e9ditos de carbono procedentes de los instrumentos de la Convenci\u00f3n Marco de Naciones Unidas sobre Cambio Clim\u00e1tico y su Acuerdo de Par\u00eds.<\/p>\n<p style=\"text-align: justify;\">Esta modificaci\u00f3n supone un primer paso en la reformulaci\u00f3n del Fondo que continuar\u00e1 con la adaptaci\u00f3n de su normativa de desarrollo en los pr\u00f3ximos meses.<\/p>\n<p>Puedes consultar los detalles de los proyectos en el siguiente enlace: <a href=\"https:\/\/www.miteco.gob.es\/es\/cambio-climatico\/temas\/proyectos-clima\/detallesproyectosseleccionados2021_tcm30-546537.pdf\" target=\"_blank\" rel=\"noopener\">Detalles proyectos seleccionados convocatoria 2021<\/a><\/p>\n<p>M\u00e1s informaci\u00f3n de la convocatoria en: <a href=\"https:\/\/www.miteco.gob.es\/es\/cambio-climatico\/temas\/proyectos-clima\/convocatorias-proyectos-seleccionados\/Convocatoria_FES_CO2_2021.aspx\" target=\"_blank\" rel=\"noopener\">https:\/\/www.miteco.gob.es\/es\/cambio-climatico\/temas\/proyectos-clima\/convocatorias-proyectos-seleccionados\/Convocatoria_FES_CO2_2021.aspx<\/a><\/p>\n<p><span style=\"font-size: 10pt;\">Fuente: MITECO<\/span><\/p>\n","protected":false},"excerpt":{"rendered":"<p>Estas iniciativas se desarrollar\u00e1n en sectores como la agricultura, la peque\u00f1a industria, el transporte, el residencial, comercial e institucional, el sector de los gases fluorados o el sector residuos El Fondo de<a class=\"moretag\" href=\"https:\/\/www.fbycc.org\/index.php\/2022\/11\/12\/el-miteco-impulsa-33-proyectos-para-reducir-casi-2-m-de-toneladas-de-co2\/\">Leer m\u00e1s&#8230;<\/a><\/p>\n","protected":false},"author":2,"featured_media":0,"comment_status":"closed","ping_status":"open","sticky":false,"template":"","format":"standard","meta":{"_monsterinsights_skip_tracking":false,"_monsterinsights_sitenote_active":false,"_monsterinsights_sitenote_note":"","_monsterinsights_sitenote_category":0,"footnotes":""},"categories":[11],"tags":[175,174,172,173,29],"class_list":["post-3069","post","type-post","status-publish","format-standard","hentry","category-noticias","tag-fes-co2","tag-fondo-de-carbono","tag-miteco","tag-proyectos-clima","tag-reduccion-de-emisiones"],"_links":{"self":[{"href":"https:\/\/www.fbycc.org\/index.php\/wp-json\/wp\/v2\/posts\/3069","targetHints":{"allow":["GET"]}}],"collection":[{"href":"https:\/\/www.fbycc.org\/index.php\/wp-json\/wp\/v2\/posts"}],"about":[{"href":"https:\/\/www.fbycc.org\/index.php\/wp-json\/wp\/v2\/types\/post"}],"author":[{"embeddable":true,"href":"https:\/\/www.fbycc.org\/index.php\/wp-json\/wp\/v2\/users\/2"}],"replies":[{"embeddable":true,"href":"https:\/\/www.fbycc.org\/index.php\/wp-json\/wp\/v2\/comments?post=3069"}],"version-history":[{"count":6,"href":"https:\/\/www.fbycc.org\/index.php\/wp-json\/wp\/v2\/posts\/3069\/revisions"}],"predecessor-version":[{"id":3075,"href":"https:\/\/www.fbycc.org\/index.php\/wp-json\/wp\/v2\/posts\/3069\/revisions\/3075"}],"wp:attachment":[{"href":"https:\/\/www.fbycc.org\/index.php\/wp-json\/wp\/v2\/media?parent=3069"}],"wp:term":[{"taxonomy":"category","embeddable":true,"href":"https:\/\/www.fbycc.org\/index.php\/wp-json\/wp\/v2\/categories?post=3069"},{"taxonomy":"post_tag","embeddable":true,"href":"https:\/\/www.fbycc.org\/index.php\/wp-json\/wp\/v2\/tags?post=3069"}],"curies":[{"name":"wp","href":"https:\/\/api.w.org\/{rel}","templated":true}]}}