{"id":3042,"date":"2022-11-05T17:02:18","date_gmt":"2022-11-05T17:02:18","guid":{"rendered":"https:\/\/www.fbycc.org\/?p=3042"},"modified":"2022-11-05T17:02:18","modified_gmt":"2022-11-05T17:02:18","slug":"cop27-que-podemos-esperar-de-la-conferencia-climatica-de-este-ano","status":"publish","type":"post","link":"https:\/\/www.fbycc.org\/index.php\/2022\/11\/05\/cop27-que-podemos-esperar-de-la-conferencia-climatica-de-este-ano\/","title":{"rendered":"COP27: \u00bfqu\u00e9 podemos esperar de la conferencia clim\u00e1tica de este\u00a0a\u00f1o?"},"content":{"rendered":"<h1 class=\"legacy\" style=\"text-align: justify;\">COP27: \u00bfqu\u00e9 podemos esperar de la conferencia clim\u00e1tica de este\u00a0a\u00f1o?<\/h1>\n<figure><img decoding=\"async\" class=\"aligncenter\" src=\"https:\/\/images.theconversation.com\/files\/492081\/original\/file-20221027-19202-83k48i.jpg?ixlib=rb-1.1.0&amp;rect=0%2C4%2C3199%2C2122&amp;q=45&amp;auto=format&amp;w=754&amp;fit=clip\" \/><figcaption><span class=\"attribution\"><a class=\"source\" href=\"https:\/\/www.shutterstock.com\/es\/image-photo\/june-14-2022-brazil-united-nations-2167436749\">Rafapress \/ Shutterstock<\/a><\/span><\/figcaption><\/figure>\n<p style=\"text-align: center;\"><a href=\"https:\/\/theconversation.com\/profiles\/victor-resco-de-dios-767249\">V\u00edctor Resco de Dios<\/a>, <em><a href=\"https:\/\/theconversation.com\/institutions\/universitat-de-lleida-3488\">Universitat de Lleida<\/a><\/em> y <a href=\"https:\/\/theconversation.com\/profiles\/miguel-angel-de-zavala-girones-1388492\">Miguel \u00c1ngel de Zavala Giron\u00e9s<\/a>, <em><a href=\"https:\/\/theconversation.com\/institutions\/universidad-de-alcala-3495\">Universidad de Alcal\u00e1<\/a><\/em><\/p>\n<p style=\"text-align: justify;\">La b\u00fasqueda de soluciones al cambio clim\u00e1tico recuerda a la <a href=\"https:\/\/www.science.org\/doi\/abs\/10.1126\/science.162.3859.1243\"><em>tragedia de los comunes<\/em><\/a>, donde los vecinos se benefician de bienes compartidos, como una zona de pasto o una balsa de riego, pero su sobreexplotaci\u00f3n acaba por degradar el recurso compartido. Ante una situaci\u00f3n que perjudica al conjunto \u2013emisiones de gases de efecto invernadero fuera de control\u2013, los actores implicados no son capaces de acceder a posiciones de consenso que garanticen el bien com\u00fan, esto es, limitar el calentamiento clim\u00e1tico por debajo de 2\u00a0\u2103.<\/p>\n<p style=\"text-align: justify;\">Para abordar esta \u201ctragedia\u201d, Naciones Unidas auspiciar\u00e1 la vigesimos\u00e9ptima cumbre sobre cambio clim\u00e1tico (<a href=\"https:\/\/cop27.eg\/#\/\">COP27<\/a>) que se celebrar\u00e1 en Sharm el-Sheikh (Egipto) entre el 6 y el 18 de noviembre de 2022. A continuaci\u00f3n explicaremos brevemente su historia y qu\u00e9 cabe esperar de la COP27.<\/p>\n<h2 style=\"text-align: justify;\">\u00bfQu\u00e9 son y para qu\u00e9 sirven las reuniones COP?<\/h2>\n<p style=\"text-align: justify;\">En 1992 se celebr\u00f3 la <a href=\"https:\/\/www.un.org\/es\/conferences\/environment\/rio1992\">Cumbre de la Tierra en R\u00edo de Janeiro<\/a>, m\u00e1s conocida como la Conferencia de R\u00edo, donde se estableci\u00f3 la <a href=\"https:\/\/unfccc.int\/es\/process-and-meetings\/que-es-la-convencion-marco-de-las-naciones-unidas-sobre-el-cambio-climatico\">Convenci\u00f3n Marco sobre el Cambio Clim\u00e1tico<\/a> (UNFCC, por sus siglas en ingl\u00e9s), entre otros acuerdos. Las cumbres conocidas como COP (de conferencia de las partes) son uno de los instrumentos para intentar alcanzar acuerdos internacionales vinculantes en relaci\u00f3n a la reducci\u00f3n de emisiones.<\/p>\n<p style=\"text-align: justify;\">La UNFCC ha auspiciado una COP anual desde la primera de 1995 en Berl\u00edn hasta <a href=\"https:\/\/theconversation.com\/cop26-avances-y-cuentas-pendientes-de-una-cumbre-poco-comprometida-172110\">la vigesimosexta de Glasgow el a\u00f1o pasado<\/a>. Tal vez la COP m\u00e1s famosa fue la tercera (COP3), en 1997, ya que se estableci\u00f3 el <a href=\"https:\/\/unfccc.int\/es\/kyoto_protocol\">Protocolo de Kioto<\/a>: una serie de compromisos para lograr la descarbonizaci\u00f3n de la sociedad y limitar los da\u00f1os por el cambio clim\u00e1tico.<\/p>\n<p style=\"text-align: justify;\">Otra COP particularmente importante fue la <a href=\"https:\/\/unfccc.int\/es\/acerca-de-las-ndc\/el-acuerdo-de-paris\">COP21 de Par\u00eds de 2015<\/a>, donde se firm\u00f3 un <a href=\"https:\/\/unfccc.int\/sites\/default\/files\/spanish_paris_agreement.pdf\">acuerdo<\/a> para limitar el calentamiento clim\u00e1tico a 2\u00a0\u2103 y donde se inclu\u00eda la aspiraci\u00f3n de limitarlo a 1,5\u00a0\u2103.<\/p>\n<h2 style=\"text-align: justify;\">\u00bfQu\u00e9 ocurri\u00f3 en la COP26?<\/h2>\n<p style=\"text-align: justify;\">Se considera que la COP del a\u00f1o pasado <a href=\"https:\/\/link.springer.com\/article\/10.1007\/s42398-021-00212-7\">no estuvo a la altura de sus expectativas<\/a>, pero se lograron algunos avances.<\/p>\n<p style=\"text-align: justify;\">Se esperaba alcanzar el compromiso firme de lograr cero emisiones para 2050, y poder as\u00ed mantener con vida la posibilidad de limitar el calentamiento clim\u00e1tico a 1,5\u00a0\u2103. Para ello se requer\u00eda rebajar las emisiones en 2030 un 45\u00a0% con respecto a las emisiones en 2010. Sin embargo, los acuerdos firmados nos llevan por la senda de <a href=\"https:\/\/climateactiontracker.org\/global\/temperatures\/\">un aumento en la temperatura media de unos 2,4\u00a0\u2103<\/a>.<\/p>\n<p style=\"text-align: justify;\">Las negociaciones en el \u00faltimo minuto fueron particularmente frustrantes, ya que <a href=\"https:\/\/www.nature.com\/articles\/d41586-021-03431-4\">se cambi\u00f3 la expresi\u00f3n \u201cretirada paulatina\u201d del carb\u00f3n por la de \u201cdisminuci\u00f3n paulatina\u201d<\/a> justo antes de cerrar la negociaci\u00f3n.<\/p>\n<p style=\"text-align: justify;\">Otro de los aspectos clave de la COP26 fue el de la financiaci\u00f3n a pa\u00edses en v\u00edas de desarrollo. Esto es tanto para ayudar al desarrollo limpio de esos pa\u00edses como para compensar por los da\u00f1os de un cambio clim\u00e1tico que ha sido provocado por los pa\u00edses m\u00e1s industrializados. En la COP15 de Copenhague en 2009 se prometi\u00f3 un fondo clim\u00e1tico de 100\u00a0000 millones de d\u00f3lares anuales para los pa\u00edses en v\u00edas desarrollo a partir del a\u00f1o 2020. Las cifras actuales siguen <a href=\"https:\/\/www.nature.com\/articles\/d41586-021-02846-3\">estando muy por debajo de aquel objetivo<\/a>.<\/p>\n<figure class=\"align-center zoomable\"><a href=\"https:\/\/images.theconversation.com\/files\/491662\/original\/file-20221025-11305-2serq3.png?ixlib=rb-1.1.0&amp;q=45&amp;auto=format&amp;w=1000&amp;fit=clip\"><img decoding=\"async\" class=\"aligncenter\" src=\"https:\/\/images.theconversation.com\/files\/491662\/original\/file-20221025-11305-2serq3.png?ixlib=rb-1.1.0&amp;q=45&amp;auto=format&amp;w=754&amp;fit=clip\" sizes=\"(min-width: 1466px) 754px, (max-width: 599px) 100vw, (min-width: 600px) 600px, 237px\" srcset=\"https:\/\/images.theconversation.com\/files\/491662\/original\/file-20221025-11305-2serq3.png?ixlib=rb-1.1.0&amp;q=45&amp;auto=format&amp;w=600&amp;h=600&amp;fit=crop&amp;dpr=1 600w, https:\/\/images.theconversation.com\/files\/491662\/original\/file-20221025-11305-2serq3.png?ixlib=rb-1.1.0&amp;q=30&amp;auto=format&amp;w=600&amp;h=600&amp;fit=crop&amp;dpr=2 1200w, https:\/\/images.theconversation.com\/files\/491662\/original\/file-20221025-11305-2serq3.png?ixlib=rb-1.1.0&amp;q=15&amp;auto=format&amp;w=600&amp;h=600&amp;fit=crop&amp;dpr=3 1800w, https:\/\/images.theconversation.com\/files\/491662\/original\/file-20221025-11305-2serq3.png?ixlib=rb-1.1.0&amp;q=45&amp;auto=format&amp;w=754&amp;h=754&amp;fit=crop&amp;dpr=1 754w, https:\/\/images.theconversation.com\/files\/491662\/original\/file-20221025-11305-2serq3.png?ixlib=rb-1.1.0&amp;q=30&amp;auto=format&amp;w=754&amp;h=754&amp;fit=crop&amp;dpr=2 1508w, https:\/\/images.theconversation.com\/files\/491662\/original\/file-20221025-11305-2serq3.png?ixlib=rb-1.1.0&amp;q=15&amp;auto=format&amp;w=754&amp;h=754&amp;fit=crop&amp;dpr=3 2262w\" alt=\"\" \/><\/a><figcaption><span class=\"caption\">Las emisiones de CO\u2082 y la temperatura han aumentado en las \u00faltimas d\u00e9cadas a pesar de las m\u00faltiples conferencias clim\u00e1ticas.<\/span><br \/>\n<span class=\"attribution\"><a class=\"license\" href=\"http:\/\/creativecommons.org\/licenses\/by\/4.0\/\">CC BY<\/a><\/span><\/figcaption><\/figure>\n<h2 style=\"text-align: justify;\">\u00bfQu\u00e9 cabe esperar de la COP27?<\/h2>\n<p style=\"text-align: justify;\">La COP de este a\u00f1o se plantea como la de las acciones y compromisos concretos en reducci\u00f3n de emisiones y tambi\u00e9n en la financiaci\u00f3n de <em>p\u00e9rdidas y da\u00f1os<\/em> derivados del cambio clim\u00e1tico al sur global.<\/p>\n<p style=\"text-align: justify;\">Se le ha llamado la <a href=\"https:\/\/www.un.org\/africarenewal\/magazine\/october-2022\/cop27-africa%E2%80%99s-cop-it-must-address-africa%E2%80%99s-climate-challenges\">\u201cCOP de \u00c1frica\u201d<\/a> ya que se esperan en particular compromisos importantes <a href=\"https:\/\/www.nejm.org\/doi\/full\/10.1056\/NEJMp2213503\">para el continente africano<\/a>, uno de los m\u00e1s vulnerables al cambio clim\u00e1tico tanto desde un punto de vista ambiental como social, pero parad\u00f3jicamente uno de los menos implicados en la acumulaci\u00f3n hist\u00f3rica de emisiones.<\/p>\n<p style=\"text-align: justify;\">A pesar de los acuerdos en COP anteriores, Naciones Unidas considera que <a href=\"https:\/\/www.un.org\/en\/climatechange\/net-zero-coalition\">las emisiones en 2030 ser\u00e1n mayores que en 2010<\/a>, lo que en la pr\u00e1ctica elimina por completo la posibilidad de limitar el calentamiento por debajo de los 2\u00a0\u2103. Por eso se espera que la COP27 sea la de la implementaci\u00f3n de pol\u00edticas efectivas de reducci\u00f3n de emisiones.<\/p>\n<p style=\"text-align: justify;\">Tambi\u00e9n se espera que la COP27 plantee avances importantes en la lucha contra la deforestaci\u00f3n tropical. Los ecosistemas terrestres resultan esenciales en la lucha contra el cambio clim\u00e1tico, al absorber el 25\u00a0% de las emisiones de gases invernadero. Pero debemos estar atentos a que el posible establecimiento de la <a href=\"https:\/\/www.bmj.com\/content\/379\/bmj.o2391\"><em>Forests and Climate Leaders\u2019 Partnership (FCLP)<\/em><\/a> no acabe siendo una estrategia de propaganda o <em>greenwashing<\/em> que permita a las grandes empresas continuar emitiendo mientras se escudan en plantaciones de \u00e1rboles descontroladas y sin seguimiento, que a menudo generan m\u00e1s perjuicios ambientales que beneficios y socavan los intereses de las comunidades ind\u00edgenas.<\/p>\n<h2 style=\"text-align: justify;\">\u00bfAfectar\u00e1 la guerra de Ucrania a los resultados de la COP27?<\/h2>\n<p style=\"text-align: justify;\">La guerra de Ucrania ha puesto de manifiesto la vulnerabilidad de Europa generada por la <a href=\"https:\/\/theconversation.com\/la-dependencia-energetica-el-talon-de-aquiles-de-europa-177262\">dependencia de combustibles f\u00f3siles<\/a> y la necesidad de replantear su modelo energ\u00e9tico. Tras d\u00e9cadas pidiendo a los pa\u00edses en v\u00edas de desarrollo que crezcan a trav\u00e9s de energ\u00edas renovables, la crisis energ\u00e9tica en Europa le obliga <a href=\"https:\/\/www.nature.com\/articles\/d41586-022-01820-x\">a ser ejemplar<\/a> y a apostar decididamente por las energ\u00edas no f\u00f3siles. De no ser as\u00ed, su credibilidad y su oportunidad de influir en la transici\u00f3n energ\u00e9tica global se ver\u00e1n mermadas.<\/p>\n<p style=\"text-align: justify;\">Igualmente es previsible que EE. UU. intente reforzar su liderazgo tecnol\u00f3gico promoviendo iniciativas ambiciosas y ganar el terreno perdido durante la administraci\u00f3n anterior.<\/p>\n<p style=\"text-align: justify;\">M\u00e1s complejo es saber de qu\u00e9 manera un posible nuevo <em>statu quo<\/em> geopol\u00edtico resultante de esta guerra pueda afectar a las emisiones. Adem\u00e1s de la tradicional influencia de los pa\u00edses occidentales, China tiene una creciente presencia en \u00c1frica, lo que puede incentivar la llegada de acuerdos significativos para reforzar su posici\u00f3n en el continente.<\/p>\n<h2 style=\"text-align: justify;\">\u00bfEs realmente posible la cooperaci\u00f3n internacional?<\/h2>\n<p style=\"text-align: justify;\">Las COP se suelen vivir con cierto optimismo e ilusi\u00f3n antes de su inicio y con decepci\u00f3n tras su clausura. <a href=\"https:\/\/theconversation.com\/como-dejar-de-depender-de-las-importaciones-de-combustibles-fosiles-de-forma-rapida-y-segura-183940\">Reemplazar la principal fuente de energ\u00eda<\/a> \u2013combustibles f\u00f3siles\u2013 y el actual modelo de crecimiento econ\u00f3mico a corto plazo es extremadamente complejo. El resultado no se sabr\u00e1 hasta el final de las 12 horas seguidas de reuni\u00f3n del d\u00eda final.<\/p>\n<p style=\"text-align: justify;\">Sea cual sea ese resultado final, la comunidad cient\u00edfica debe desempe\u00f1ar un papel clave, documentando con rigor los impactos del cambio clim\u00e1tico, los riesgos futuros para diferentes regiones e integrando la perspectiva social con la ecol\u00f3gica. Diferentes estudios muestran ejemplos de posibles <a href=\"https:\/\/www.nature.com\/articles\/340091a0\">soluciones de consenso<\/a> para evitar la sobreexplotaci\u00f3n de los recursos compartidos y, en definitiva, la tragedia.<\/p>\n<p style=\"text-align: justify;\"><a href=\"https:\/\/theconversation.com\/profiles\/victor-resco-de-dios-767249\">V\u00edctor Resco de Dios<\/a>, Profesor de ingenier\u00eda forestal y cambio global, <em><a href=\"https:\/\/theconversation.com\/institutions\/universitat-de-lleida-3488\">Universitat de Lleida<\/a><\/em> y <a href=\"https:\/\/theconversation.com\/profiles\/miguel-angel-de-zavala-girones-1388492\">Miguel \u00c1ngel de Zavala Giron\u00e9s<\/a>, Catedr\u00e1tico de Ecolog\u00eda, <em><a href=\"https:\/\/theconversation.com\/institutions\/universidad-de-alcala-3495\">Universidad de Alcal\u00e1<\/a><\/em><\/p>\n<p style=\"text-align: justify;\">Este art\u00edculo fue publicado originalmente en <a href=\"https:\/\/theconversation.com\">The Conversation<\/a>. Lea el <a href=\"https:\/\/theconversation.com\/cop27-que-podemos-esperar-de-la-conferencia-climatica-de-este-ano-192675\">original<\/a>.<\/p>\n","protected":false},"excerpt":{"rendered":"<p>COP27: \u00bfqu\u00e9 podemos esperar de la conferencia clim\u00e1tica de este\u00a0a\u00f1o? Rafapress \/ Shutterstock V\u00edctor Resco de Dios, Universitat de Lleida y Miguel \u00c1ngel de Zavala Giron\u00e9s, Universidad de Alcal\u00e1 La b\u00fasqueda de<a class=\"moretag\" href=\"https:\/\/www.fbycc.org\/index.php\/2022\/11\/05\/cop27-que-podemos-esperar-de-la-conferencia-climatica-de-este-ano\/\">Leer m\u00e1s&#8230;<\/a><\/p>\n","protected":false},"author":5,"featured_media":0,"comment_status":"closed","ping_status":"open","sticky":false,"template":"","format":"standard","meta":{"_monsterinsights_skip_tracking":false,"_monsterinsights_sitenote_active":false,"_monsterinsights_sitenote_note":"","_monsterinsights_sitenote_category":0,"footnotes":""},"categories":[11],"tags":[170,171,116,164],"class_list":["post-3042","post","type-post","status-publish","format-standard","hentry","category-noticias","tag-cooperacion-internacional","tag-cop21","tag-cop26","tag-cop27"],"_links":{"self":[{"href":"https:\/\/www.fbycc.org\/index.php\/wp-json\/wp\/v2\/posts\/3042","targetHints":{"allow":["GET"]}}],"collection":[{"href":"https:\/\/www.fbycc.org\/index.php\/wp-json\/wp\/v2\/posts"}],"about":[{"href":"https:\/\/www.fbycc.org\/index.php\/wp-json\/wp\/v2\/types\/post"}],"author":[{"embeddable":true,"href":"https:\/\/www.fbycc.org\/index.php\/wp-json\/wp\/v2\/users\/5"}],"replies":[{"embeddable":true,"href":"https:\/\/www.fbycc.org\/index.php\/wp-json\/wp\/v2\/comments?post=3042"}],"version-history":[{"count":7,"href":"https:\/\/www.fbycc.org\/index.php\/wp-json\/wp\/v2\/posts\/3042\/revisions"}],"predecessor-version":[{"id":3616,"href":"https:\/\/www.fbycc.org\/index.php\/wp-json\/wp\/v2\/posts\/3042\/revisions\/3616"}],"wp:attachment":[{"href":"https:\/\/www.fbycc.org\/index.php\/wp-json\/wp\/v2\/media?parent=3042"}],"wp:term":[{"taxonomy":"category","embeddable":true,"href":"https:\/\/www.fbycc.org\/index.php\/wp-json\/wp\/v2\/categories?post=3042"},{"taxonomy":"post_tag","embeddable":true,"href":"https:\/\/www.fbycc.org\/index.php\/wp-json\/wp\/v2\/tags?post=3042"}],"curies":[{"name":"wp","href":"https:\/\/api.w.org\/{rel}","templated":true}]}}