{"id":2976,"date":"2022-10-25T07:48:47","date_gmt":"2022-10-25T07:48:47","guid":{"rendered":"https:\/\/www.fbycc.org\/?p=2976"},"modified":"2022-10-25T07:48:47","modified_gmt":"2022-10-25T07:48:47","slug":"la-cop27-se-celebrara-en-egipto","status":"publish","type":"post","link":"https:\/\/www.fbycc.org\/index.php\/2022\/10\/25\/la-cop27-se-celebrara-en-egipto\/","title":{"rendered":"La COP27 se celebrar\u00e1 en Egipto"},"content":{"rendered":"<p><span style=\"font-weight: 400;\"><div class=\"tx-column tx-column-size-1-4\"><\/span><\/p>\n<p><span style=\"font-weight: 400\"><img loading=\"lazy\" decoding=\"async\" class=\"alignnone wp-image-2977 size-full\" src=\"https:\/\/www.fbycc.org\/wp-content\/uploads\/2022\/10\/Imagen1.png\" alt=\"\" width=\"272\" height=\"286\" \/><\/span><\/p>\n<p><span style=\"font-weight: 400\"><\/div><\/span><\/p>\n<p><span style=\"font-weight: 400;\"><div class=\"tx-column tx-column-size-3-4\"><\/div><\/span><\/p>\n<p style=\"text-align: justify;\">La Conferencia de las Partes es la\u00a0Cumbre Anual que realiza la Convenci\u00f3n Marco de las Naciones Unidas sobre el Cambio Clim\u00e1tico (CMNUCC)\u00a0 donde se re\u00fanen los 196 pa\u00edses m\u00e1s la Uni\u00f3n Europea.<\/p>\n<p style=\"text-align: justify;\">Este a\u00f1o la COP n\u00famero 27 tendr\u00e1 lugar en la ciudad egipcia de Sharm El-Sheikh, localizada en la pen\u00ednsula del Sina\u00ed, en la costa del Mar Rojo. La ciudad ya aloj\u00f3 la Conferencia de los Estados Parte de la Convenci\u00f3n las Naciones Unidas contra la Corrupci\u00f3n en diciembre de 2021, as\u00ed como la 14\u00b0 Conferencia de las Naciones Unidas sobre la Biodiversidad (COP14) en noviembre de 2018.<\/p>\n<p style=\"text-align: justify;\">Tendr\u00e1 una duraci\u00f3n de 13 d\u00edas, entre el 6 y el 18 de noviembre de 2022. Este a\u00f1o tiene un cariz especial, pues se celebra el 50 aniversario de la Primera Cumbre de la Tierra en Estocolmo (1972), y el 30 aniversario de la Segunda Cumbre de la Tierra en R\u00edo de Janeiro (1992).<\/p>\n<p style=\"text-align: justify;\">Los 4 objetivos principales sobre los cuales versar\u00e1 la conversaci\u00f3n ser\u00e1n Mitigaci\u00f3n, Adaptaci\u00f3n, Finanzas y Colaboraci\u00f3n, que se centrar\u00e1n\u00a0en tomar acciones inmediatas, y ejecutarlas armonizando los esfuerzos a nivel global. Las actuaciones deber\u00e1n ser completas, mantenidas en el tiempo, inclusivas y con escala correspondiente al terreno en que se aplican. Se pone especial importancia en la Colaboraci\u00f3n, y en poner el foco de atenci\u00f3n en el ser humano como centro de la conversaci\u00f3n clim\u00e1tica.<\/p>\n<p style=\"text-align: justify;\">En el aspecto de la Mitigaci\u00f3n, la frecuencia e intensidad de los fen\u00f3menos meteorol\u00f3gicos extremos est\u00e1n afectando a la poblaci\u00f3n, y ya hay un aumento de la temperatura media mundial y un r\u00e1pido calentamiento global. Esta crisis clim\u00e1tica continuar\u00e1 agravando las ya existentes amenazas sociales, econ\u00f3micas y medioambientales, por lo que combatir el cambio clim\u00e1tico ser\u00e1 crucial para asegurar un futuro sostenible.<\/p>\n<p style=\"text-align: justify;\"><span style=\"text-align: justify;\">En materia de Mitigaci\u00f3n, se vislumbran en el horizonte acuerdos especialmente relacionados con los oc\u00e9anos, como el de poner mayor ambici\u00f3n para reducir las emisiones de gases de efecto invernadero, implementar medidas reforzadas para aumentar la resiliencia de las comunidades costeras a los impactos del cambio clim\u00e1tico, adem\u00e1s de buscar la financiaci\u00f3n necesaria para ello. Ya el a\u00f1o pasado en la COP26 de Glasgow se habl\u00f3 de incluir m\u00e1s los oc\u00e9anos en el conocido Acuerdo de Par\u00eds surgido de la COP21 en 2015, y en diciembre de 2020 tuvo lugar el <\/span><strong><a style=\"text-align: justify;\" href=\"https:\/\/unfccc.int\/event\/ocean-and-climate-change-dialogue-to-consider-how-to-strengthen-adaptation-and-mitigation-action\">Di\u00e1logo sobre los Oc\u00e9anos y el Cambio Clim\u00e1tico<\/a><\/strong><span style=\"text-align: justify;\"> organizado por la CMNUCC. Estos \u00faltimos a\u00f1os la conversaci\u00f3n sobre involucrar estas masas de agua a la conversaci\u00f3n del cambio clim\u00e1tico ha estado extraordinariamente presente.<\/span><\/p>\n<p style=\"text-align: justify;\">Se revisar\u00e1n los esfuerzos dirigidos a las Contribuciones determinadas a nivel nacional (NDC), que se presentan cada cinco a\u00f1os a la secretar\u00eda de la CMNUCC y consisten en las reducciones previstas de las emisiones de gases de efecto invernadero de cada pa\u00eds, junto con medidas y acciones. Puedes acceder al visor de NDCs de los pa\u00edses firmantes del Acuerdo de Par\u00eds a trav\u00e9s de nuestra web pinchando <strong><a href=\"https:\/\/www.fbycc.org\/index.php\/mapas\/\">aqu\u00ed<\/a><\/strong>.<\/p>\n<p style=\"text-align: justify;\">Sobre la Financiaci\u00f3n, la Directora Ejecutiva del Programa de las Naciones Unidas para el Medio Ambiente, pronunci\u00f3 en septiembre de 2022 que <em>\u00abs\u00f3lo se destinan unos 133.000 millones de d\u00f3lares a soluciones basadas en la naturaleza, y las inversiones deben triplicarse de aqu\u00ed a 2030 para alcanzar los objetivos de neutralidad clim\u00e1tica, natural y territorial<\/em>\u00ab.<\/p>\n<p style=\"text-align: justify;\">El Centro Internacional de Convenciones donde se alojar\u00e1 la COP27 est\u00e1 conformado por dos zonas contiguas: la Zona Azul alojar\u00e1 a los asistentes y dispone de zona de conferencia y exhibiciones, mientras que la Zona Verde ser\u00e1 un conjunto de 5 pabellones de exhibici\u00f3n interconectados, donde las partes interesadas que se inscriban y cumplan los requisitos de inscripci\u00f3n podr\u00e1n reservar un espacio. Los grupos preferentes para ocupar la Zona Verde ser\u00e1n la comunidad empresarial, los j\u00f3venes, las sociedades civiles e ind\u00edgenas, el mundo acad\u00e9mico, los artistas y las comunidades de la moda.<\/p>\n<p style=\"text-align: justify;\">Puedes hacer click <strong><a href=\"https:\/\/unfccc.int\/sites\/default\/files\/resource\/cp2022_01S.pdf\">aqu\u00ed<\/a> <\/strong>para acceder al programa provisional de la Conferencia, y <strong><a href=\"https:\/\/unfccc.int\/sites\/default\/files\/resource\/COP27_OS_18Oct2022.pdf\">aqu\u00ed<\/a> <\/strong>para ver el horario oficial del evento.<\/p>\n<p><strong>M\u00e1s informaci\u00f3n:<\/strong><\/p>\n<p><strong><a href=\"https:\/\/cop27.eg\/\" target=\"_blank\" rel=\"noopener\">&gt;&gt; P\u00e1gina web de la COP27<\/a><\/strong><\/p>\n<p><strong><a href=\"https:\/\/unfccc.int\/es\/cop27\" target=\"_blank\" rel=\"noopener\">&gt;&gt; P\u00e1gina web de la CMNUCC con informaci\u00f3n de sesiones y documentos<\/a><\/strong><\/p>\n","protected":false},"excerpt":{"rendered":"<p>La Conferencia de las Partes es la\u00a0Cumbre Anual que realiza la Convenci\u00f3n Marco de las Naciones Unidas sobre el Cambio Clim\u00e1tico (CMNUCC)\u00a0 donde se re\u00fanen los 196 pa\u00edses m\u00e1s la Uni\u00f3n Europea.<a class=\"moretag\" href=\"https:\/\/www.fbycc.org\/index.php\/2022\/10\/25\/la-cop27-se-celebrara-en-egipto\/\">Leer m\u00e1s&#8230;<\/a><\/p>\n","protected":false},"author":5,"featured_media":0,"comment_status":"closed","ping_status":"open","sticky":false,"template":"","format":"standard","meta":{"_monsterinsights_skip_tracking":false,"_monsterinsights_sitenote_active":false,"_monsterinsights_sitenote_note":"","_monsterinsights_sitenote_category":0,"footnotes":""},"categories":[11],"tags":[129,166,164,163,165,132,37,167,168,41],"class_list":["post-2976","post","type-post","status-publish","format-standard","hentry","category-noticias","tag-adaptacion","tag-colaboracion","tag-cop27","tag-egipto","tag-financiacion","tag-mitigacion","tag-ndc","tag-nnuu","tag-oceano","tag-union-europea"],"_links":{"self":[{"href":"https:\/\/www.fbycc.org\/index.php\/wp-json\/wp\/v2\/posts\/2976","targetHints":{"allow":["GET"]}}],"collection":[{"href":"https:\/\/www.fbycc.org\/index.php\/wp-json\/wp\/v2\/posts"}],"about":[{"href":"https:\/\/www.fbycc.org\/index.php\/wp-json\/wp\/v2\/types\/post"}],"author":[{"embeddable":true,"href":"https:\/\/www.fbycc.org\/index.php\/wp-json\/wp\/v2\/users\/5"}],"replies":[{"embeddable":true,"href":"https:\/\/www.fbycc.org\/index.php\/wp-json\/wp\/v2\/comments?post=2976"}],"version-history":[{"count":6,"href":"https:\/\/www.fbycc.org\/index.php\/wp-json\/wp\/v2\/posts\/2976\/revisions"}],"predecessor-version":[{"id":3617,"href":"https:\/\/www.fbycc.org\/index.php\/wp-json\/wp\/v2\/posts\/2976\/revisions\/3617"}],"wp:attachment":[{"href":"https:\/\/www.fbycc.org\/index.php\/wp-json\/wp\/v2\/media?parent=2976"}],"wp:term":[{"taxonomy":"category","embeddable":true,"href":"https:\/\/www.fbycc.org\/index.php\/wp-json\/wp\/v2\/categories?post=2976"},{"taxonomy":"post_tag","embeddable":true,"href":"https:\/\/www.fbycc.org\/index.php\/wp-json\/wp\/v2\/tags?post=2976"}],"curies":[{"name":"wp","href":"https:\/\/api.w.org\/{rel}","templated":true}]}}