{"id":2893,"date":"2022-10-02T21:32:30","date_gmt":"2022-10-02T21:32:30","guid":{"rendered":"https:\/\/www.fbycc.org\/?p=2893"},"modified":"2022-10-02T21:32:30","modified_gmt":"2022-10-02T21:32:30","slug":"exposicion-los-bosques-ante-el-cambio-climatico","status":"publish","type":"post","link":"https:\/\/www.fbycc.org\/index.php\/2022\/10\/02\/exposicion-los-bosques-ante-el-cambio-climatico\/","title":{"rendered":"Exposici\u00f3n \u2018Los bosques ante el cambio clim\u00e1tico\u2019"},"content":{"rendered":"<p>&nbsp;<\/p>\n<p style=\"text-align: justify;\"><span style=\"font-family: arial, helvetica, sans-serif;\">El 28 de septiembre de 2022 qued\u00f3 inaugurada la exposici\u00f3n <strong><em>\u2018Los bosques ante el cambio clim\u00e1tico. Un futuro abierto\u2019<\/em><\/strong> en el Museo de la Ciencia de Valladolid.<\/span><\/p>\n<p style=\"text-align: justify;\"><span style=\"font-family: arial, helvetica, sans-serif;\">La exposici\u00f3n se centra en la situaci\u00f3n actual de los bosques frente a los cambios dr\u00e1sticos por los que est\u00e1 pasando el mundo. Las masas forestales tienen un papel fundamental como sumideros de carbono, absorbiendo el CO2 atmosf\u00e9rico a medida que la vegetaci\u00f3n crece, son refugios de biodiversidad en un mundo cada vez m\u00e1s urbanizado, y tienen una funci\u00f3n esencial de abastecimiento sostenible a las comunidades de sus alrededores, si son bien gestionados. Adem\u00e1s, proporcionan servicios ecosist\u00e9micos clave para la vida. Y sin embargo, los bosques se enfrentan a amenazas y retos que ponen en peligro su bienestar y el nuestro.<\/span><\/p>\n<p style=\"text-align: justify;\"><span style=\"font-family: arial, helvetica, sans-serif;\">Por ello, este proyecto se centra en ofrecer los resultados de las investigaciones en materia de cambio clim\u00e1tico y bosques, as\u00ed como en acercar el proceso cient\u00edfico a los asistentes. La exposici\u00f3n cuenta con v\u00eddeos sobre ciencia forestal, el comportamiento del fuego y la restauraci\u00f3n en cuencas desertificadas; temas de actualidad en el sector. Tambi\u00e9n hay fotograf\u00edas e infograf\u00edas que ilustran la situaci\u00f3n, problemas y oportunidades de los bosques; hoteles de insectos y cajas nido; productos forestales no maderables y varias maquetas. P<\/span><span style=\"font-family: arial, helvetica, sans-serif;\">ara los m\u00e1s j\u00f3venes, la sala cuenta con juegos interactivos donde aprender a calcular la edad de los \u00e1rboles, una escape-room, el juego \u00abAdaptaTre\u00e9\u00bb, y una extensa xiloteca con m\u00e1s de 40 tipos de maderas en cuya construcci\u00f3n participaron los estudiantes del IES Ribera de Castilla de Valladolid.<\/span><\/p>\n<p style=\"text-align: justify;\"><span style=\"font-family: arial, helvetica, sans-serif;\">Para quien no pueda asistir, est\u00e1 disponible la <a href=\"http:\/\/bosquesycc.uva.es\/exposicion-virtual-bosques-camblio-climatico\/\">Exposici\u00f3n Virtual<\/a>, donde se puede leer sobre bioeconom\u00eda, secuestro de carbono, incendios forestales o Big Data.<\/span><\/p>\n<p style=\"text-align: justify;\"><span style=\"font-family: arial, helvetica, sans-serif;\">Este proyecto, que p<\/span><span style=\"font-family: arial, helvetica, sans-serif;\">ermanecer\u00e1 abierto en la<\/span><span style=\"font-family: arial, helvetica, sans-serif;\"> Sala de Exposiciones Temporales del Museo de la Ciencia de Valladolid hasta el 9 de abril de 2023, es el resultado del<\/span><span style=\"font-family: arial, helvetica, sans-serif;\"> trabajo realizado por la Universidad de Valladolid con el apoyo de la Fundaci\u00f3n Espa\u00f1ola para la Ciencia y la Tecnolog\u00eda (FECYT). <\/span><span style=\"font-family: arial, helvetica, sans-serif;\">La exposici\u00f3n se enmarca dentro del Proyecto FCT-20-15850 de la Convocatoria de ayudas para el Fomento de la Cultura Cienti\u0301fica, Tecnolo\u0301gica y de la Innovacio\u0301n.<\/span><\/p>\n<p><img decoding=\"async\" src=\"https:\/\/www.museocienciavalladolid.es\/wp-content\/uploads\/2022\/09\/Inauguracion-bosques-1-scaled.jpg\" \/><\/p>\n<p style=\"text-align: center;\"><span style=\"font-size: 10pt;\">Foto: de izqda. a dcha.: Amalia Rodr\u00edguez (vicerrectora del campus de Palencia); Enrique Baeyens (vicerrector de Investigaci\u00f3n); In\u00e9s Rodr\u00edguez Hidalgo (directora del Museo de la Ciencia de Valladolid); Antonio Largo (Rector de la UVa); Rosario Sierra (coordinadora del proyecto y comisaria de la exposici\u00f3n); Ana Redondo (concejala de Cultura y Turismo del Ayuntamiento de Valladolid); Mar\u00eda S\u00e1nchez (concejala de Medio Ambiente y Desarrollo Sostenible); Joaqu\u00edn Navarro (director de la ETS Ingenier\u00edas Agrarias).<\/span><\/p>\n<p><span style=\"font-size: 10pt;\">Fuente: http:\/\/bosquesycc.uva.es\/<\/span><\/p>\n","protected":false},"excerpt":{"rendered":"<p>&nbsp; El 28 de septiembre de 2022 qued\u00f3 inaugurada la exposici\u00f3n \u2018Los bosques ante el cambio clim\u00e1tico. Un futuro abierto\u2019 en el Museo de la Ciencia de Valladolid. La exposici\u00f3n se centra<a class=\"moretag\" href=\"https:\/\/www.fbycc.org\/index.php\/2022\/10\/02\/exposicion-los-bosques-ante-el-cambio-climatico\/\">Leer m\u00e1s&#8230;<\/a><\/p>\n","protected":false},"author":5,"featured_media":0,"comment_status":"closed","ping_status":"open","sticky":false,"template":"","format":"standard","meta":{"_monsterinsights_skip_tracking":false,"_monsterinsights_sitenote_active":false,"_monsterinsights_sitenote_note":"","_monsterinsights_sitenote_category":0,"footnotes":""},"categories":[11],"tags":[16,17,153,155,156,154],"class_list":["post-2893","post","type-post","status-publish","format-standard","hentry","category-noticias","tag-bosques","tag-cambio-climatico","tag-exposicion","tag-fecyt","tag-universidad-de-valladolid","tag-valladolid"],"_links":{"self":[{"href":"https:\/\/www.fbycc.org\/index.php\/wp-json\/wp\/v2\/posts\/2893","targetHints":{"allow":["GET"]}}],"collection":[{"href":"https:\/\/www.fbycc.org\/index.php\/wp-json\/wp\/v2\/posts"}],"about":[{"href":"https:\/\/www.fbycc.org\/index.php\/wp-json\/wp\/v2\/types\/post"}],"author":[{"embeddable":true,"href":"https:\/\/www.fbycc.org\/index.php\/wp-json\/wp\/v2\/users\/5"}],"replies":[{"embeddable":true,"href":"https:\/\/www.fbycc.org\/index.php\/wp-json\/wp\/v2\/comments?post=2893"}],"version-history":[{"count":3,"href":"https:\/\/www.fbycc.org\/index.php\/wp-json\/wp\/v2\/posts\/2893\/revisions"}],"predecessor-version":[{"id":2899,"href":"https:\/\/www.fbycc.org\/index.php\/wp-json\/wp\/v2\/posts\/2893\/revisions\/2899"}],"wp:attachment":[{"href":"https:\/\/www.fbycc.org\/index.php\/wp-json\/wp\/v2\/media?parent=2893"}],"wp:term":[{"taxonomy":"category","embeddable":true,"href":"https:\/\/www.fbycc.org\/index.php\/wp-json\/wp\/v2\/categories?post=2893"},{"taxonomy":"post_tag","embeddable":true,"href":"https:\/\/www.fbycc.org\/index.php\/wp-json\/wp\/v2\/tags?post=2893"}],"curies":[{"name":"wp","href":"https:\/\/api.w.org\/{rel}","templated":true}]}}