{"id":2882,"date":"2022-09-21T20:17:35","date_gmt":"2022-09-21T20:17:35","guid":{"rendered":"https:\/\/www.fbycc.org\/?p=2882"},"modified":"2022-09-21T20:17:35","modified_gmt":"2022-09-21T20:17:35","slug":"el-gobierno-rebaja-el-iva-del-gas-natural-pellets-briquetas-y-lena-hasta-el-5","status":"publish","type":"post","link":"https:\/\/www.fbycc.org\/index.php\/2022\/09\/21\/el-gobierno-rebaja-el-iva-del-gas-natural-pellets-briquetas-y-lena-hasta-el-5\/","title":{"rendered":"El Gobierno rebaja el IVA del gas natural, pellets, briquetas y le\u00f1a hasta el 5%"},"content":{"rendered":"<ul>\n<li style=\"text-align: justify;\"><span style=\"font-size: 10pt;\">Esta medida fiscal estar\u00e1 vigente hasta fin de a\u00f1o y aportar\u00e1 un ahorro de unos 210 millones<\/span><\/li>\n<li style=\"text-align: justify;\"><span style=\"font-size: 10pt;\">Las plantas de cogeneraci\u00f3n de la industria podr\u00e1n renunciar temporalmente a su retribuci\u00f3n regulada para entrar en el \u00e1mbito de aplicaci\u00f3n del Mecanismo Ib\u00e9rico<\/span><\/li>\n<li style=\"text-align: justify;\"><span style=\"font-size: 10pt;\">Un nuevo servicio de respuesta activa de la demanda aumentar\u00e1 la flexibilidad y la seguridad del sistema el\u00e9ctrico<\/span><\/li>\n<li style=\"text-align: justify;\"><span style=\"font-size: 10pt;\">Se aumenta la flexibilidad para determinar la capacidad de las redes de transporte y se agilizan y simplifican varios tr\u00e1mites para los proyectos de renovables<\/span><\/li>\n<\/ul>\n<p style=\"text-align: justify;\">El Consejo de Ministros, a petici\u00f3n del Ministerio para la Transici\u00f3n Ecol\u00f3gica y el Reto Demogr\u00e1fico, el Ministerio de Hacienda y Funci\u00f3n P\u00fablica, y el Ministerio de Asuntos Econ\u00f3micos y Transformaci\u00f3n Digital, ha aprobado un Real Decreto-ley con varias medidas de \u00e1mbito energ\u00e9tico, como la rebaja del IVA desde el 21% hasta el 5% en los suministros del gas natural, pellets, briquetas y le\u00f1a, con un ahorro para los consumidores de unos 210 millones de euros; la posibilidad de que la cogeneraci\u00f3n abandone temporalmente su r\u00e9gimen retributivo regulado, de modo que se le aplique el Mecanismo Ib\u00e9rico; o la creaci\u00f3n de un nuevo servicio de respuesta activa de la demanda que aumentar\u00e1 la flexibilidad y la seguridad del sistema el\u00e9ctrico.<\/p>\n<p style=\"text-align: justify;\">La rebaja del IVA del 21% al 5%, tipo m\u00ednimo autorizado por la legislaci\u00f3n comunitaria, beneficiar\u00e1 a todos los suministros de gas natural, incluidos los destinados a las calderas de las comunidades de vecinos. Hasta el 31 de diciembre de 2022 se aplicar\u00e1 el tipo reducido a las entregas, importaciones y adquisiciones intracomunitarias de gas natural, facilitando el acceso a este fundamental suministro ante la llegada del invierno y proporcionando un ahorro estimado de 190 millones a los consumidores.<\/p>\n<p style=\"text-align: justify;\">La reducci\u00f3n impositiva tambi\u00e9n se aplicar\u00e1 a pellets, briquetas y le\u00f1a, sustitutivos ecol\u00f3gicos del gas natural procedentes de biomasa y destinados a sistemas de calefacci\u00f3n, cuyos precios se han incrementado considerablemente con la cercan\u00eda del invierno. Proporcionar\u00e1 un ahorro estimado en 19,4 millones a los consumidores.<\/p>\n<p style=\"text-align: justify;\">La rebaja del IVA en el gas natural y los otros biocombustibles se a\u00f1ade a la potente rebaja fiscal aprobada progresivamente por el Ejecutivo sobre la electricidad, que ha dejado el IVA tambi\u00e9n en el 5%, ha situado en el 0,5% el tipo del Impuesto sobre la Electricidad y ha suspendido el impuesto al 7% a la generaci\u00f3n, con una incidencia econ\u00f3mica que supera los 10.000 millones.<\/p>\n<p style=\"text-align: justify;\"><strong>REACTIVACI\u00d3N DE LA COGENERACI\u00d3N<\/strong><\/p>\n<p style=\"text-align: justify;\">Las instalaciones de cogeneraci\u00f3n utilizan un combustible (principalmente gas natural, pero tambi\u00e9n otros combustibles l\u00edquidos o biomasa) para producir simult\u00e1neamente electricidad y calor \u00fatil para los procesos industriales.<\/p>\n<p style=\"text-align: justify;\">La situaci\u00f3n de precios en los mercados energ\u00e9ticos ha provocado la parada de la producci\u00f3n de m\u00e1s de la mitad de la potencia instalada de cogeneraci\u00f3n en Espa\u00f1a en el mes de agosto. Esto afecta muy negativamente a los sectores industriales m\u00e1s intensivos en calor, pero, adem\u00e1s, supone una p\u00e9rdida de eficiencia energ\u00e9tica de la econom\u00eda, ya que la energ\u00eda que no produce la cogeneraci\u00f3n es sustituida por otras soluciones t\u00e9cnicas \u2013ciclos combinados y calderas de gas\u2013 que presentan un rendimiento energ\u00e9tico global inferior.<\/p>\n<p style=\"text-align: justify;\">Para solucionar este problema, las instalaciones de cogeneraci\u00f3n podr\u00e1n renunciar temporalmente a su r\u00e9gimen retributivo regulado, de modo que entren en el \u00e1mbito de aplicaci\u00f3n del Mecanismo Ib\u00e9rico y perciban el ajuste que cobran las centrales t\u00e9rmicas de gas. Esta renuncia, temporal, podr\u00e1 solicitarse mientras el Mecanismo Ib\u00e9rico est\u00e9 vigente.<\/p>\n<p style=\"text-align: justify;\">Una central de cogeneraci\u00f3n produce calor y electricidad a la vez de un modo m\u00e1s eficiente que si se genera calor por un lado y electricidad por otro, obteniendo un ahorro de energ\u00eda primaria que ronda el 10%. Por lo tanto, la vuelta a la operaci\u00f3n de las centrales de cogeneraci\u00f3n paradas aportar\u00e1 un ahorro que puede alcanzar el 1,2% de la demanda diaria de gas en el mejor escenario.<\/p>\n<p style=\"text-align: justify;\">Esta medida se a\u00f1ade a otras aprobadas previamente para apoyar a la industria electrointensiva y gasintensiva, como la exenci\u00f3n del 80% en el pago de los peajes, la maximizaci\u00f3n de la compensaci\u00f3n por el coste del CO2 repercutido en la electricidad, los avales p\u00fablicos para la firma de contratos de suministro de energ\u00eda a largo plazo o los pagos directos a las empresas. En conjunto, las ayudas suman m\u00e1s de 1.000 millones este 2022.<\/p>\n<p style=\"text-align: justify;\"><strong>RESPUESTA ACTIVA DE LA DEMANDA<\/strong><\/p>\n<p style=\"text-align: justify;\">El RDL tambi\u00e9n crea un nuevo servicio de respuesta activa de la demanda que aumentar\u00e1 la flexibilidad y la seguridad del sistema el\u00e9ctrico. Permitir\u00e1 resolver, con la m\u00e1xima eficacia t\u00e9cnica y el menor impacto medioambiental posible, las situaciones de desv\u00edos importantes entre la generaci\u00f3n y el consumo que se presenten en el periodo horario inmediatamente anterior al del suministro, o incluso en la propia hora de suministro. Este servicio podr\u00e1 ser prestado por la demanda a cambio de ingresos econ\u00f3micos otorgados mediante subastas de periodicidad anual.<\/p>\n<p style=\"text-align: justify;\">Red El\u00e9ctrica, en tanto que Operador del Sistema, gestionar\u00e1 el nuevo servicio y lanzar\u00e1 la subasta anual, en la que podr\u00e1n participar todas las unidades de demanda \u2013comercializadoras y consumidores directos\u2013 mayores de 1 MW. La primera subasta se celebrar\u00e1 muy pr\u00f3ximamente, porque el nuevo servicio debe estar operativo antes del pr\u00f3ximo 1 de noviembre, con vistas a la temporada invernal.<\/p>\n<p style=\"text-align: justify;\">La normativa aprobada hoy por el Consejo de Ministros incluye otras medidas que facilitar\u00e1n el crecimiento de la generaci\u00f3n renovable. Por ejemplo, establece nuevos criterios m\u00e1s flexibles para determinar la capacidad de las redes de transporte, que podr\u00e1 variar en cuesti\u00f3n de meses, d\u00edas y horas, respetando siempre los l\u00edmites t\u00e9rmicos de la instalaci\u00f3n. O agiliza y simplifica tr\u00e1mites administrativos para los proyectos de generaci\u00f3n, como los relativos a la identificaci\u00f3n de las empresas legal, econ\u00f3mica y t\u00e9cnicamente capaces, o las consultas entre distintas administraciones p\u00fablicas.<\/p>\n<p><span style=\"font-size: 10pt;\">Fuente: MITECO<\/span><\/p>\n","protected":false},"excerpt":{"rendered":"<p>Esta medida fiscal estar\u00e1 vigente hasta fin de a\u00f1o y aportar\u00e1 un ahorro de unos 210 millones Las plantas de cogeneraci\u00f3n de la industria podr\u00e1n renunciar temporalmente a su retribuci\u00f3n regulada para<a class=\"moretag\" href=\"https:\/\/www.fbycc.org\/index.php\/2022\/09\/21\/el-gobierno-rebaja-el-iva-del-gas-natural-pellets-briquetas-y-lena-hasta-el-5\/\">Leer m\u00e1s&#8230;<\/a><\/p>\n","protected":false},"author":2,"featured_media":0,"comment_status":"closed","ping_status":"open","sticky":false,"template":"","format":"standard","meta":{"_monsterinsights_skip_tracking":false,"_monsterinsights_sitenote_active":false,"_monsterinsights_sitenote_note":"","_monsterinsights_sitenote_category":0,"footnotes":""},"categories":[11],"tags":[60,152,151],"class_list":["post-2882","post","type-post","status-publish","format-standard","hentry","category-noticias","tag-biomasa","tag-gas-natural","tag-iva"],"_links":{"self":[{"href":"https:\/\/www.fbycc.org\/index.php\/wp-json\/wp\/v2\/posts\/2882","targetHints":{"allow":["GET"]}}],"collection":[{"href":"https:\/\/www.fbycc.org\/index.php\/wp-json\/wp\/v2\/posts"}],"about":[{"href":"https:\/\/www.fbycc.org\/index.php\/wp-json\/wp\/v2\/types\/post"}],"author":[{"embeddable":true,"href":"https:\/\/www.fbycc.org\/index.php\/wp-json\/wp\/v2\/users\/2"}],"replies":[{"embeddable":true,"href":"https:\/\/www.fbycc.org\/index.php\/wp-json\/wp\/v2\/comments?post=2882"}],"version-history":[{"count":4,"href":"https:\/\/www.fbycc.org\/index.php\/wp-json\/wp\/v2\/posts\/2882\/revisions"}],"predecessor-version":[{"id":2886,"href":"https:\/\/www.fbycc.org\/index.php\/wp-json\/wp\/v2\/posts\/2882\/revisions\/2886"}],"wp:attachment":[{"href":"https:\/\/www.fbycc.org\/index.php\/wp-json\/wp\/v2\/media?parent=2882"}],"wp:term":[{"taxonomy":"category","embeddable":true,"href":"https:\/\/www.fbycc.org\/index.php\/wp-json\/wp\/v2\/categories?post=2882"},{"taxonomy":"post_tag","embeddable":true,"href":"https:\/\/www.fbycc.org\/index.php\/wp-json\/wp\/v2\/tags?post=2882"}],"curies":[{"name":"wp","href":"https:\/\/api.w.org\/{rel}","templated":true}]}}