{"id":287,"date":"2016-05-04T12:45:59","date_gmt":"2016-05-04T12:45:59","guid":{"rendered":"http:\/\/www.fbycc.org\/?p=287"},"modified":"2023-02-14T23:48:55","modified_gmt":"2023-02-14T23:48:55","slug":"el-fbycc-recordo-al-combatiente-de-incendios-forestales","status":"publish","type":"post","link":"https:\/\/www.fbycc.org\/index.php\/2016\/05\/04\/el-fbycc-recordo-al-combatiente-de-incendios-forestales\/","title":{"rendered":"El FBYCC record\u00f3 al combatiente de incendios forestales"},"content":{"rendered":"<p style=\"text-align: center;\"><img loading=\"lazy\" decoding=\"async\" class=\"wp-image-367 size-full aligncenter\" src=\"http:\/\/www.fbycc.org\/wp-content\/uploads\/2016\/06\/banner_web_7.jpg\" alt=\"banner_web_7\" width=\"1022\" height=\"345\" srcset=\"https:\/\/www.fbycc.org\/wp-content\/uploads\/2016\/06\/banner_web_7.jpg 1022w, https:\/\/www.fbycc.org\/wp-content\/uploads\/2016\/06\/banner_web_7-300x101.jpg 300w, https:\/\/www.fbycc.org\/wp-content\/uploads\/2016\/06\/banner_web_7-768x259.jpg 768w\" sizes=\"auto, (max-width: 1022px) 100vw, 1022px\" \/><\/p>\n<p style=\"text-align: justify;\">El pasado 4 de mayo\u00a0con motivo del \u00ab<strong>D\u00eda Internacional del Combatiente contra los Incendios Forestales<\/strong>\u00bb\u00a0el Foro organiz\u00f3 una jornada bajo el lema \u201cBosques, lo que nos une\u201d, en la que se analiz\u00f3\u00a0la relaci\u00f3n directa del cambio clim\u00e1tico en los incendios forestales.<\/p>\n<p style=\"text-align: justify;\">Como clausura de la jornada, <strong><em>Bego\u00f1a Nieto Gilarte<\/em><\/strong>, Directora General de Desarrollo Rural y Pol\u00edtica Forestal, <strong><em>Valvanera Ulargui Aparicio<\/em><\/strong>, Directora General de la Oficina Espa\u00f1ola y Cambio Clim\u00e1tico y <strong><em>Jos\u00e9 Manuel Jaquotot S\u00e1enz de Miera<\/em><\/strong>, Subdirector General de Silvicultura y Montes, un monumento en homenaje a todos los que luchan contra los incendios forestales\u00a0promovido y organizado por el Foro de Bosques y Cambio Clim\u00e1tico.<\/p>\n<p style=\"text-align: justify;\">Durante la inauguraci\u00f3n de este reconocimiento,\u00a0acompa\u00f1aron a los representantes del Ministerio,\u00a0<strong><em>Jos\u00e9 Vicente L\u00f3pez \u00c1lvarez<\/em><\/strong>, Director de la Escuela de Ingenieros de Montes de Madrid, <strong><em>Rafael Ceballos<\/em><\/strong>, vicedecano del Colegio de Ingenieros de Montes,\u00a0<strong><em>Ricardo V\u00e9lez Mu\u00f1oz<\/em><\/strong>, Ingeniero de Montes, \u00a0<strong><em>Miguel \u00c1ngel Duralde<\/em><\/strong>, presidente de ASEMFO,<strong> <em>David Caballero<\/em><\/strong>, Ingeniero de Montes,\u00a0<strong><em>Pedro Zugasti Ag\u00fc\u00ed<\/em><\/strong>, en representaci\u00f3n de APAS y\u00a0<strong><em>Javier de La Puente Vinuesa<\/em><\/strong>, como Presidente del Foro de Bosques y Cambio Clim\u00e1tico.<\/p>\n","protected":false},"excerpt":{"rendered":"<p>El pasado 4 de mayo\u00a0con motivo del \u00abD\u00eda Internacional del Combatiente contra los Incendios Forestales\u00bb\u00a0el Foro organiz\u00f3 una jornada bajo el lema \u201cBosques, lo que nos une\u201d, en la que se analiz\u00f3\u00a0la<a class=\"moretag\" href=\"https:\/\/www.fbycc.org\/index.php\/2016\/05\/04\/el-fbycc-recordo-al-combatiente-de-incendios-forestales\/\">Leer m\u00e1s&#8230;<\/a><\/p>\n","protected":false},"author":2,"featured_media":0,"comment_status":"closed","ping_status":"open","sticky":false,"template":"","format":"standard","meta":{"_monsterinsights_skip_tracking":false,"_monsterinsights_sitenote_active":false,"_monsterinsights_sitenote_note":"","_monsterinsights_sitenote_category":0,"footnotes":""},"categories":[12],"tags":[19,16,17,20,18],"class_list":["post-287","post","type-post","status-publish","format-standard","hentry","category-jornadas","tag-acuerdo-de-paris","tag-bosques","tag-cambio-climatico","tag-magrama","tag-oecc"],"_links":{"self":[{"href":"https:\/\/www.fbycc.org\/index.php\/wp-json\/wp\/v2\/posts\/287","targetHints":{"allow":["GET"]}}],"collection":[{"href":"https:\/\/www.fbycc.org\/index.php\/wp-json\/wp\/v2\/posts"}],"about":[{"href":"https:\/\/www.fbycc.org\/index.php\/wp-json\/wp\/v2\/types\/post"}],"author":[{"embeddable":true,"href":"https:\/\/www.fbycc.org\/index.php\/wp-json\/wp\/v2\/users\/2"}],"replies":[{"embeddable":true,"href":"https:\/\/www.fbycc.org\/index.php\/wp-json\/wp\/v2\/comments?post=287"}],"version-history":[{"count":9,"href":"https:\/\/www.fbycc.org\/index.php\/wp-json\/wp\/v2\/posts\/287\/revisions"}],"predecessor-version":[{"id":325,"href":"https:\/\/www.fbycc.org\/index.php\/wp-json\/wp\/v2\/posts\/287\/revisions\/325"}],"wp:attachment":[{"href":"https:\/\/www.fbycc.org\/index.php\/wp-json\/wp\/v2\/media?parent=287"}],"wp:term":[{"taxonomy":"category","embeddable":true,"href":"https:\/\/www.fbycc.org\/index.php\/wp-json\/wp\/v2\/categories?post=287"},{"taxonomy":"post_tag","embeddable":true,"href":"https:\/\/www.fbycc.org\/index.php\/wp-json\/wp\/v2\/tags?post=287"}],"curies":[{"name":"wp","href":"https:\/\/api.w.org\/{rel}","templated":true}]}}