{"id":2839,"date":"2022-07-22T23:22:09","date_gmt":"2022-07-22T23:22:09","guid":{"rendered":"https:\/\/www.fbycc.org\/?p=2839"},"modified":"2022-07-22T23:22:09","modified_gmt":"2022-07-22T23:22:09","slug":"nuevo-master-construccion-con-madera-de-la-upm","status":"publish","type":"post","link":"https:\/\/www.fbycc.org\/index.php\/2022\/07\/22\/nuevo-master-construccion-con-madera-de-la-upm\/","title":{"rendered":"Nuevo M\u00e1ster Construcci\u00f3n con Madera de la UPM"},"content":{"rendered":"<p>&nbsp;<\/p>\n<p style=\"text-align: center;\"><span style=\"font-size: 24pt;\"><strong>El M\u00e1ster Construcci\u00f3n con Madera de la UPM formar\u00e1 a los profesionales en las nuevas competencias que demanda el sector de la construcci\u00f3n<\/strong><\/span><\/p>\n<p style=\"text-align: center;\"><strong><em>La construcci\u00f3n busca 700.000 trabajadores con formaci\u00f3n profesional para el sector <\/em><\/strong><strong><em>con la llegada de las nuevas tecnolog\u00edas y las nuevas formas de vida.\u00a0<\/em><\/strong><strong><em>El objetivo del m\u00e1ster es impulsar un nuevo modelo constructivo basado en el uso de materiales renovables.<\/em><\/strong><\/p>\n<p style=\"text-align: justify;\">La Fundaci\u00f3n G\u00f3mez- Pintado, junto a la Escuela de Ingenieros de Montes de la Universidad Polit\u00e9cnica de Madrid, UPM, organiza el nuevo<strong> M\u00e1ster Construcci\u00f3n con Madera de la UPM<\/strong> que comenzar\u00e1 el pr\u00f3ximo 29 de septiembre de 2022. Ya se ha abierto el plazo de inscripci\u00f3n, que permanecer\u00e1 abierto hasta el 30 de septiembre de 2022.<\/p>\n<p style=\"text-align: justify;\">El m\u00e1ster, pionero en el sector, tiene como objetivo avanzar hacia un nuevo modelo constructivo m\u00e1s respetuoso con el medio ambiente, mejorar las competencias de los profesionales del sector y generar nuevas oportunidades con el uso de materiales innovadores como la madera.<\/p>\n<p style=\"text-align: justify;\">La patronal de la construcci\u00f3n ha hecho un llamamiento: se necesita mano de obra cualificada. En total, 700.000 empleos para un sector que va en aumento. El m\u00e1ster responde a esta necesidad de formar a los profesionales en los materiales del futuro, seg\u00fan los expertos.<\/p>\n<p style=\"text-align: justify;\">El avance de la industrializaci\u00f3n ha potenciado el desarrollo de sistemas constructivos sostenibles y la madera se ha convertido en un material clave. Contribuye a frenar el cambio clim\u00e1tico disminuyendo los gases de efecto invernadero, reduce el coste energ\u00e9tico frente a otros materiales tradicionales, posee un buen comportamiento como aislante t\u00e9rmico y ac\u00fastico y destaca por su alta resistencia al fuego.<\/p>\n<p style=\"text-align: justify;\"><strong>UN M\u00c1STER QUE SE PUEDE REALIZAR EN M\u00d3DULOS<\/strong><\/p>\n<p style=\"text-align: justify;\">Gracias a la estructura en m\u00f3dulos del M\u00e1ster Construcci\u00f3n con Madera se podr\u00e1n obtener tres titulaciones universitarias: Experto en Estructuras de Madera, Especialista en Sistemas Constructivos con Madera y Experto en Intervenci\u00f3n en Estructuras de Madera de la UPM.<\/p>\n<p style=\"text-align: justify;\">El m\u00e1ster, dirigido a arquitectos, aparejadores e ingenieros, tiene una duraci\u00f3n de 1.200 horas lectivas (60 ETCS) y se imparte en modalidad presencial y s\u00edncrona, siendo la modalidad presencial la preferente y recomendada para el buen aprendizaje y la mejor interactuaci\u00f3n con el equipo docente y los asistentes al m\u00e1ster. El profesorado est\u00e1 compuesto por acad\u00e9micos y profesionales que conocen la realidad del sector, con una amplia experiencia en el \u00e1mbito de la construcci\u00f3n con madera.<\/p>\n<p style=\"text-align: justify;\">El <strong>M\u00e1ster Construcci\u00f3n con Madera<\/strong> tiene un enfoque t\u00e9cnico, es te\u00f3rico y pr\u00e1ctico. Aborda el conocimiento del material y sus productos derivados, as\u00ed como el desarrollo avanzado del dise\u00f1o estructural con madera y sus uniones, los sistemas constructivos m\u00e1s actuales como el entramado ligero o el contralaminado (CLT), los criterios de sostenibilidad, la eficiencia energ\u00e9tica, el comportamiento ac\u00fastico y frente al sismo, junto con la intervenci\u00f3n en estructuras existentes del patrimonio construido con madera, la arquitectura y la ingenier\u00eda para el proyecto y la ejecuci\u00f3n de obras, el software con mayor implantaci\u00f3n en el sector, adem\u00e1s de pr\u00e1cticas en laboratorio, numerosas visitas a obra, f\u00e1bricas y empresas, y evaluaciones a lo largo del m\u00e1ster.<\/p>\n<p style=\"text-align: justify;\">La Fundaci\u00f3n G\u00f3mez \u2013 Pintado concede becas por un importe del 25% de la matr\u00edcula a aut\u00f3nomos, desempleados y personas en busca de su primer empleo.<\/p>\n<p style=\"text-align: center;\"><span style=\"font-size: 18pt;\"><strong>Toda la informaci\u00f3n aqu\u00ed: <a href=\"https:\/\/masterconstruccionconmadera.es\/\" target=\"_blank\" rel=\"noopener\">https:\/\/masterconstruccionconmadera.es\/<\/a><\/strong><\/span><\/p>\n<p>&nbsp;<\/p>\n<div class=\"tx-divider clearfix\" style=\"margin-top: 24px;margin-bottom: 24px\"><\/div>\n<p style=\"text-align: justify;\"><strong>Sobre la Fundaci\u00f3n G\u00f3mez \u2013 Pintado<\/strong><\/p>\n<p style=\"text-align: justify;\">La Fundaci\u00f3n G\u00f3mez-Pintado <a href=\"http:\/\/www.fundaciongomez-pintado.com\">www.fundaciongomez-pintado.com<\/a> es una entidad sin \u00e1nimo de lucro que trabaja por la promoci\u00f3n y el fomento de la sostenibilidad y la RSC en el \u00e1mbito de la construcci\u00f3n y del sector inmobiliario espa\u00f1ol.<\/p>\n<p style=\"text-align: justify;\">Entre sus l\u00edneas de acci\u00f3n destaca su labor incansable para el fomento de la formaci\u00f3n y la divulgaci\u00f3n de conocimientos t\u00e9cnicos que impulsen el uso de la madera en la construcci\u00f3n en altura.<\/p>\n<p>&nbsp;<\/p>\n","protected":false},"excerpt":{"rendered":"<p>&nbsp; El M\u00e1ster Construcci\u00f3n con Madera de la UPM formar\u00e1 a los profesionales en las nuevas competencias que demanda el sector de la construcci\u00f3n La construcci\u00f3n busca 700.000 trabajadores con formaci\u00f3n profesional<a class=\"moretag\" href=\"https:\/\/www.fbycc.org\/index.php\/2022\/07\/22\/nuevo-master-construccion-con-madera-de-la-upm\/\">Leer m\u00e1s&#8230;<\/a><\/p>\n","protected":false},"author":2,"featured_media":0,"comment_status":"closed","ping_status":"open","sticky":false,"template":"","format":"standard","meta":{"_monsterinsights_skip_tracking":false,"_monsterinsights_sitenote_active":false,"_monsterinsights_sitenote_note":"","_monsterinsights_sitenote_category":0,"footnotes":""},"categories":[11],"tags":[137,146,147],"class_list":["post-2839","post","type-post","status-publish","format-standard","hentry","category-noticias","tag-fundacion-gomez-pintado","tag-master-construccion-con-madera","tag-upm"],"_links":{"self":[{"href":"https:\/\/www.fbycc.org\/index.php\/wp-json\/wp\/v2\/posts\/2839","targetHints":{"allow":["GET"]}}],"collection":[{"href":"https:\/\/www.fbycc.org\/index.php\/wp-json\/wp\/v2\/posts"}],"about":[{"href":"https:\/\/www.fbycc.org\/index.php\/wp-json\/wp\/v2\/types\/post"}],"author":[{"embeddable":true,"href":"https:\/\/www.fbycc.org\/index.php\/wp-json\/wp\/v2\/users\/2"}],"replies":[{"embeddable":true,"href":"https:\/\/www.fbycc.org\/index.php\/wp-json\/wp\/v2\/comments?post=2839"}],"version-history":[{"count":11,"href":"https:\/\/www.fbycc.org\/index.php\/wp-json\/wp\/v2\/posts\/2839\/revisions"}],"predecessor-version":[{"id":3619,"href":"https:\/\/www.fbycc.org\/index.php\/wp-json\/wp\/v2\/posts\/2839\/revisions\/3619"}],"wp:attachment":[{"href":"https:\/\/www.fbycc.org\/index.php\/wp-json\/wp\/v2\/media?parent=2839"}],"wp:term":[{"taxonomy":"category","embeddable":true,"href":"https:\/\/www.fbycc.org\/index.php\/wp-json\/wp\/v2\/categories?post=2839"},{"taxonomy":"post_tag","embeddable":true,"href":"https:\/\/www.fbycc.org\/index.php\/wp-json\/wp\/v2\/tags?post=2839"}],"curies":[{"name":"wp","href":"https:\/\/api.w.org\/{rel}","templated":true}]}}