{"id":2809,"date":"2022-07-15T08:33:13","date_gmt":"2022-07-15T08:33:13","guid":{"rendered":"https:\/\/www.fbycc.org\/?p=2809"},"modified":"2022-07-15T10:31:20","modified_gmt":"2022-07-15T10:31:20","slug":"el-foro-de-bosques-y-cambio-climatico-debate-sobre-el-uso-de-la-biomasa","status":"publish","type":"post","link":"https:\/\/www.fbycc.org\/index.php\/2022\/07\/15\/el-foro-de-bosques-y-cambio-climatico-debate-sobre-el-uso-de-la-biomasa\/","title":{"rendered":"El Foro de Bosques y Cambio Clim\u00e1tico debate sobre el uso de la biomasa"},"content":{"rendered":"<p style=\"text-align: center;\"><strong><u>NOTA DE PRENSA<\/u><\/strong><\/p>\n<p style=\"text-align: center;\"><span style=\"font-size: 24pt;\"><strong>\u00a0<\/strong><strong>El Foro de Bosques y Cambio Clim\u00e1tico debate sobre el uso de la biomasa en Espa\u00f1a, y las implicaciones de las directivas europeas.<\/strong><\/span><\/p>\n<p style=\"text-align: center;\"><strong><span style=\"font-size: 14pt;\">\u00a0<em>El uso de la biomasa para la generaci\u00f3n energ\u00e9tica <\/em><\/span><\/strong><em><strong><span style=\"font-size: 14pt;\">deber\u00eda ser objeto de \u201cexcepcionalidad ib\u00e9rica\u201d por el valor que supone en la prevenci\u00f3n de incendios forestales.<\/span><\/strong><br \/>\n<\/em><\/p>\n<p>&nbsp;<\/p>\n<p style=\"text-align: justify;\"><strong>Viernes, 15 de julio de 2022.- <\/strong>El Foro de Bosques y Cambio Clim\u00e1tico organiz\u00f3 el pasado martes un <strong><a href=\"https:\/\/www.fbycc.org\/index.php\/jornadas\/jornada-webinar-biomasa-energia-sostenible\/\">webinar<\/a> <\/strong>para tratar las implicaciones de la actual Directiva Europea de Energ\u00edas Renovables en el uso de la biomasa para la generaci\u00f3n energ\u00e9tica (RED-II), y las que se puedan generar de la nueva revisi\u00f3n de la directiva.<\/p>\n<p style=\"text-align: justify;\">El anuncio realizado por la Comisi\u00f3n Europea en julio de 2021 sobre la intenci\u00f3n de volver a revisar la Directiva de Energ\u00edas Renovables ha generado un marco de gran incertidumbre tanto para suministradores como para empresas de generaci\u00f3n.<\/p>\n<p style=\"text-align: justify;\">Las propuestas realizadas recientemente por algunos comit\u00e9s europeos, como por ejemplo, la prohibici\u00f3n del uso de biomasa primaria, la imposici\u00f3n de determinados sistemas de uso en cascada de la madera, o la aplicaci\u00f3n de criterios de sostenibilidad a instalaciones a partir de 5 MW de potencia, que modifica la situaci\u00f3n del mercado actual y dificulta de forma considerable realizar una gesti\u00f3n forestal sostenible en nuestros montes.<\/p>\n<p style=\"text-align: justify;\">En el debate hubo una interesante representaci\u00f3n de empresas, ONGs, selvicultores y administraci\u00f3n. Participaron: Pablo Rodero, en representaci\u00f3n de la Asociaci\u00f3n Espa\u00f1ola de la Biomasa (AVEBIOM); Luis Javier S\u00e1nchez, Director de Sostenibilidad Agroforestal de ENCE; Jes\u00fas Alcanda, Director de Biomasa de SACYR; Miguel \u00c1ngel Soto, responsable de campa\u00f1as de Greenpeace Espa\u00f1a; Francisco Carre\u00f1o, Presidente de la Confederaci\u00f3n de Organizaciones de Selvicultores de Espa\u00f1a; y Mar\u00eda Torres-Quevedo, Subdirectora adjunta de Pol\u00edtica Forestal del Ministerio para la Transici\u00f3n Ecol\u00f3gica y el Reto Demogr\u00e1fico.<\/p>\n<p style=\"text-align: justify;\">Entre todos los participantes hubo un gran consenso sobre la importancia que tiene para los pa\u00edses mediterr\u00e1neos, como Espa\u00f1a, el aprovechamiento de biomasa para reducir el exceso de materia de los bosques, y que de otro modo supone un alto riesgo para la propagaci\u00f3n de incendios forestales. En este sentido las directivas europeas deber\u00edan tener en consideraci\u00f3n las caracter\u00edsticas de nuestra climatolog\u00eda y no trasladar, como parece que est\u00e1 produciendo, la casu\u00edstica de pa\u00edses del norte de Europa a nuestro entorno. La Comisi\u00f3n Europea deber\u00eda considerar, por tanto, la \u201cexcepcionalidad ib\u00e9rica\u201d en el uso de la biomasa.<\/p>\n<p style=\"text-align: justify;\">Cuando se est\u00e1 renovando esta Directiva, el FByCC quiso contribuir a enriquecer el debate nacional sobre la sostenibilidad de la bioenerg\u00eda, visibilizar la opini\u00f3n del sector y apoyar el uso energ\u00e9tico de la biomasa, que en Espa\u00f1a tiene sobradas garant\u00edas de sostenibilidad, y que supone un instrumento m\u00e1s en la lucha contra el cambio clim\u00e1tico.<\/p>\n<p style=\"text-align: center;\"><img loading=\"lazy\" decoding=\"async\" class=\"aligncenter wp-image-2821\" src=\"https:\/\/www.fbycc.org\/wp-content\/uploads\/2022\/07\/participantes_webinar_biomasa.jpg\" alt=\"Participantes webinar sobre biomasa\" width=\"800\" height=\"459\" srcset=\"https:\/\/www.fbycc.org\/wp-content\/uploads\/2022\/07\/participantes_webinar_biomasa.jpg 991w, https:\/\/www.fbycc.org\/wp-content\/uploads\/2022\/07\/participantes_webinar_biomasa-300x172.jpg 300w, https:\/\/www.fbycc.org\/wp-content\/uploads\/2022\/07\/participantes_webinar_biomasa-768x441.jpg 768w\" sizes=\"auto, (max-width: 800px) 100vw, 800px\" \/><\/p>\n","protected":false},"excerpt":{"rendered":"<p>NOTA DE PRENSA \u00a0El Foro de Bosques y Cambio Clim\u00e1tico debate sobre el uso de la biomasa en Espa\u00f1a, y las implicaciones de las directivas europeas. \u00a0El uso de la biomasa para<a class=\"moretag\" href=\"https:\/\/www.fbycc.org\/index.php\/2022\/07\/15\/el-foro-de-bosques-y-cambio-climatico-debate-sobre-el-uso-de-la-biomasa\/\">Leer m\u00e1s&#8230;<\/a><\/p>\n","protected":false},"author":2,"featured_media":0,"comment_status":"closed","ping_status":"open","sticky":false,"template":"","format":"standard","meta":{"_monsterinsights_skip_tracking":false,"_monsterinsights_sitenote_active":false,"_monsterinsights_sitenote_note":"","_monsterinsights_sitenote_category":0,"footnotes":""},"categories":[11],"tags":[110,60,16,17,144,65,145,123],"class_list":["post-2809","post","type-post","status-publish","format-standard","hentry","category-noticias","tag-fitfor55","tag-biomasa","tag-bosques","tag-cambio-climatico","tag-directiva","tag-energia","tag-excepcionalidad-iberica","tag-fit-for-55"],"_links":{"self":[{"href":"https:\/\/www.fbycc.org\/index.php\/wp-json\/wp\/v2\/posts\/2809","targetHints":{"allow":["GET"]}}],"collection":[{"href":"https:\/\/www.fbycc.org\/index.php\/wp-json\/wp\/v2\/posts"}],"about":[{"href":"https:\/\/www.fbycc.org\/index.php\/wp-json\/wp\/v2\/types\/post"}],"author":[{"embeddable":true,"href":"https:\/\/www.fbycc.org\/index.php\/wp-json\/wp\/v2\/users\/2"}],"replies":[{"embeddable":true,"href":"https:\/\/www.fbycc.org\/index.php\/wp-json\/wp\/v2\/comments?post=2809"}],"version-history":[{"count":14,"href":"https:\/\/www.fbycc.org\/index.php\/wp-json\/wp\/v2\/posts\/2809\/revisions"}],"predecessor-version":[{"id":2826,"href":"https:\/\/www.fbycc.org\/index.php\/wp-json\/wp\/v2\/posts\/2809\/revisions\/2826"}],"wp:attachment":[{"href":"https:\/\/www.fbycc.org\/index.php\/wp-json\/wp\/v2\/media?parent=2809"}],"wp:term":[{"taxonomy":"category","embeddable":true,"href":"https:\/\/www.fbycc.org\/index.php\/wp-json\/wp\/v2\/categories?post=2809"},{"taxonomy":"post_tag","embeddable":true,"href":"https:\/\/www.fbycc.org\/index.php\/wp-json\/wp\/v2\/tags?post=2809"}],"curies":[{"name":"wp","href":"https:\/\/api.w.org\/{rel}","templated":true}]}}