{"id":278,"date":"2016-03-01T12:36:23","date_gmt":"2016-03-01T12:36:23","guid":{"rendered":"http:\/\/www.fbycc.org\/?p=278"},"modified":"2019-06-18T12:48:51","modified_gmt":"2019-06-18T12:48:51","slug":"exito-de-la-jornada-bosques-para-que","status":"publish","type":"post","link":"https:\/\/www.fbycc.org\/index.php\/2016\/03\/01\/exito-de-la-jornada-bosques-para-que\/","title":{"rendered":"\u00c9xito de la Jornada \u00abBosques&#8230; \u00bfpara qu\u00e9?\u00bb"},"content":{"rendered":"<p style=\"text-align: justify;\"><img loading=\"lazy\" decoding=\"async\" class=\"alignleft wp-image-285 size-medium\" src=\"http:\/\/www.fbycc.org\/wp-content\/uploads\/2016\/06\/jornada1-e1465820195382-300x276.jpg\" alt=\"jornada1\" width=\"300\" height=\"276\" \/>El pasado 1 de marzo\u00a0tuvo lugar en el Sal\u00f3n de Actos del Instituto de la Ingenier\u00eda de Espa\u00f1a, la <strong>Jornada de Bosques y Cambio Clim\u00e1tico: BOSQUES,&#8230; \u00bfPARA QU\u00c9?<\/strong>.\u00a0La alta asistencia a la jornada mostr\u00f3 una vez m\u00e1s\u00a0el inter\u00e9s por el papel de los Bosques ante el Cambio Clim\u00e1tico, y su funci\u00f3n de absorci\u00f3n\u00a0formalmente reconocido en el reciente Acuerdo de Par\u00eds.<\/p>\n<p style=\"text-align: justify;\">La inauguraci\u00f3n de la jornada corri\u00f3 a cargo de la Directora General de la Oficina Espa\u00f1ola de Cambio Clim\u00e1tico, <strong>D\u00aa. Valvanera Ulargui<\/strong>, y del Presidente del FBYCC, <strong>D. Javier de la Puente Vinuesa<\/strong>.<\/p>\n<p style=\"text-align: justify;\">Clausur\u00f3 la jornada\u00a0<strong>D\u00aa.\u00a0Patricia G\u00f3mez Agrela<\/strong>,\u00a0gerente de COSE -Confederaci\u00f3n de Organizaciones de Selvicultores de Espa\u00f1a- y vicepresidenta del Foro de Bosques y Cambio Clim\u00e1tico- en la que manifest\u00f3 que:<\/p>\n<p style=\"text-align: justify;\"><em>\u201cNo s\u00f3lo se han de tener en cuenta objetivos de reducci\u00f3n de emisiones y\u00a0 pol\u00edticas energ\u00e9ticas.\u00a0Los bosques han de tener a\u00fan m\u00e1s peso en este escenario.\u00a0Aunque han tenido un reconocimiento en el art\u00edculo 5 de los Acuerdos, el cual aborda materias como la conservaci\u00f3n, los sumideros de carbono, la mitigaci\u00f3n del cambio clim\u00e1tico y una adaptaci\u00f3n en la gesti\u00f3n integral, se nos queda corto. Urge activar mecanismos que articulen medidas concretas que lleguen al territorio y sus gestores .\u00a0Hasta que no se desarrollen los protocolos, que entrar\u00e1n en vigor en 2020, no nos llegar\u00e1 nada. Mientras tanto, el cambio clim\u00e1tico avanza. Y nosotros necesitamos actuar ya\u201d.<\/em><\/p>\n","protected":false},"excerpt":{"rendered":"<p>El pasado 1 de marzo\u00a0tuvo lugar en el Sal\u00f3n de Actos del Instituto de la Ingenier\u00eda de Espa\u00f1a, la Jornada de Bosques y Cambio Clim\u00e1tico: BOSQUES,&#8230; \u00bfPARA QU\u00c9?.\u00a0La alta asistencia a la<a class=\"moretag\" href=\"https:\/\/www.fbycc.org\/index.php\/2016\/03\/01\/exito-de-la-jornada-bosques-para-que\/\">Leer m\u00e1s&#8230;<\/a><\/p>\n","protected":false},"author":2,"featured_media":0,"comment_status":"closed","ping_status":"open","sticky":false,"template":"","format":"standard","meta":{"_monsterinsights_skip_tracking":false,"_monsterinsights_sitenote_active":false,"_monsterinsights_sitenote_note":"","_monsterinsights_sitenote_category":0,"footnotes":""},"categories":[12],"tags":[19,16,17,18],"class_list":["post-278","post","type-post","status-publish","format-standard","hentry","category-jornadas","tag-acuerdo-de-paris","tag-bosques","tag-cambio-climatico","tag-oecc"],"_links":{"self":[{"href":"https:\/\/www.fbycc.org\/index.php\/wp-json\/wp\/v2\/posts\/278","targetHints":{"allow":["GET"]}}],"collection":[{"href":"https:\/\/www.fbycc.org\/index.php\/wp-json\/wp\/v2\/posts"}],"about":[{"href":"https:\/\/www.fbycc.org\/index.php\/wp-json\/wp\/v2\/types\/post"}],"author":[{"embeddable":true,"href":"https:\/\/www.fbycc.org\/index.php\/wp-json\/wp\/v2\/users\/2"}],"replies":[{"embeddable":true,"href":"https:\/\/www.fbycc.org\/index.php\/wp-json\/wp\/v2\/comments?post=278"}],"version-history":[{"count":5,"href":"https:\/\/www.fbycc.org\/index.php\/wp-json\/wp\/v2\/posts\/278\/revisions"}],"predecessor-version":[{"id":280,"href":"https:\/\/www.fbycc.org\/index.php\/wp-json\/wp\/v2\/posts\/278\/revisions\/280"}],"wp:attachment":[{"href":"https:\/\/www.fbycc.org\/index.php\/wp-json\/wp\/v2\/media?parent=278"}],"wp:term":[{"taxonomy":"category","embeddable":true,"href":"https:\/\/www.fbycc.org\/index.php\/wp-json\/wp\/v2\/categories?post=278"},{"taxonomy":"post_tag","embeddable":true,"href":"https:\/\/www.fbycc.org\/index.php\/wp-json\/wp\/v2\/tags?post=278"}],"curies":[{"name":"wp","href":"https:\/\/api.w.org\/{rel}","templated":true}]}}