{"id":2754,"date":"2022-07-03T23:24:21","date_gmt":"2022-07-03T23:24:21","guid":{"rendered":"https:\/\/www.fbycc.org\/?p=2754"},"modified":"2022-07-03T23:25:35","modified_gmt":"2022-07-03T23:25:35","slug":"y-despues-de-repoblar-que-gestion-forestal-y-captacion-de-carbono","status":"publish","type":"post","link":"https:\/\/www.fbycc.org\/index.php\/2022\/07\/03\/y-despues-de-repoblar-que-gestion-forestal-y-captacion-de-carbono\/","title":{"rendered":"Y despu\u00e9s de repoblar \u00bfqu\u00e9? Gesti\u00f3n forestal y captaci\u00f3n de carbono"},"content":{"rendered":"<p style=\"text-align: justify;\">El Congreso Forestal Espa\u00f1ol celebr\u00f3 del 27 de junio al 1 de julio en Lleida, su octava edici\u00f3n. Entre las diferentes mesas redondas que tuvieron lugar en esta importante cita, destacamos la promovida por Juntos por los Bosques y el Foro de Bosques y Cambio Clim\u00e1tico, en relaci\u00f3n a la importancia de la gesti\u00f3n forestal para la generaci\u00f3n de absorciones.<\/p>\n<p style=\"text-align: justify;\">Con objeto de captar la atenci\u00f3n de posibles inversores, se pretendi\u00f3 complementar la visi\u00f3n de la mesa redonda que se produjo en d\u00edas anteriores sobre sumideros forestales mediante repoblaciones.<\/p>\n<p style=\"text-align: center;\"><img loading=\"lazy\" decoding=\"async\" class=\"size-large wp-image-2762 aligncenter\" src=\"https:\/\/www.fbycc.org\/wp-content\/uploads\/2022\/07\/mr_CFE8-1024x539.jpg\" alt=\"\" width=\"604\" height=\"318\" srcset=\"https:\/\/www.fbycc.org\/wp-content\/uploads\/2022\/07\/mr_CFE8-1024x539.jpg 1024w, https:\/\/www.fbycc.org\/wp-content\/uploads\/2022\/07\/mr_CFE8-300x158.jpg 300w, https:\/\/www.fbycc.org\/wp-content\/uploads\/2022\/07\/mr_CFE8-768x404.jpg 768w, https:\/\/www.fbycc.org\/wp-content\/uploads\/2022\/07\/mr_CFE8.jpg 1407w\" sizes=\"auto, (max-width: 604px) 100vw, 604px\" \/><em><span style=\"font-size: 10pt;\">Componentes de la mesa redonda<\/span> <\/em><\/p>\n<p style=\"text-align: justify;\">Sintetizamos a continuaci\u00f3n la principales ideas transmitidas por los participantes de la mesa redonda.<\/p>\n<p style=\"text-align: justify;\"><strong>In\u00e9s Gonz\u00e1lez Doncel<\/strong><\/p>\n<p style=\"text-align: justify;\">La Vicedecana del Colegio de Ingenieros de Montes, coordinadora de la Plataforma Juntos por los Bosques, y moderadora de la mesa,\u00a0destac\u00f3 4 puntos clave:<\/p>\n<ol style=\"text-align: justify;\">\n<li>Repoblar no es suficiente. Tenemos experiencia en el fracaso de proyectos de repoblaci\u00f3n que no se atendieron con posterioridad<\/li>\n<li>Trasladar a la opini\u00f3n p\u00fablica la importancia de la gesti\u00f3n forestal. Hay que superar las prevenciones existentes y las ideas de que \u201ccortar \u00e1rboles es malo\u201d y de que \u201cintervenir sobre los bosques amenaza su conservaci\u00f3n\u201d.<\/li>\n<li>Convencer a las autoridades nacionales y en particular al MITECORD de la necesidad de un marco de contabilidad y validaci\u00f3n de proyectos que cumpla las normas internacionales en este \u00e1mbito. Contabilizar no solo lo que fijan los \u201cnuevos bosques\u201d, tambi\u00e9n la gesti\u00f3n de los existentes y sus productos, en especial los de larga duraci\u00f3n y el efecto de sustituci\u00f3n.<\/li>\n<li>Trasladar a los responsables empresariales la positiva contribuci\u00f3n de intervenir sobre los bosques e incrementar las producciones forestales de larga duraci\u00f3n y considerar el efecto de sustituci\u00f3n.<\/li>\n<\/ol>\n<p style=\"text-align: justify;\">Despu\u00e9s enumer\u00f3 las barreras detectadas y compartidas por los ponentes:<\/p>\n<ul style=\"text-align: justify;\">\n<li style=\"text-align: justify;\">Falta de informaci\u00f3n estad\u00edstica<\/li>\n<li style=\"text-align: justify;\">Falta de rentabilidad<\/li>\n<li style=\"text-align: justify;\">Minifundismo, desconocimiento de la propiedad<\/li>\n<li style=\"text-align: justify;\">Abandono rural (falta de mano de obra especializada)<\/li>\n<li>Opini\u00f3n p\u00fablica contraria a cortar<\/li>\n<li>Hoy por hoy la GFS no computa como absorci\u00f3n de C y la Falta de informaci\u00f3n clara a los empresarios sobre las posibilidades de compensar cr\u00e9ditos (salvo por la v\u00eda de la repoblaci\u00f3n).<\/li>\n<\/ul>\n<p style=\"text-align: justify;\">A esto a\u00f1adi\u00f3 los problemas que en no pocas ocasiones conlleva la indefinici\u00f3n de \u201cgesti\u00f3n forestal sostenible\u201d que puede conllevar el que se considere como gesti\u00f3n real la no intervenci\u00f3n. As\u00ed mismo aludi\u00f3 a que no siempre la multifuncionalidad de los montes juega a favor de la puesta en valor econ\u00f3mico de los mismos.<\/p>\n<p style=\"text-align: justify;\">Indic\u00f3 como una de las oportunidades del sector forestal la modificaci\u00f3n del Real Decreto de 2014 en la medida en que acabe incorporando la Gesti\u00f3n Forestal Sostenible como otra posibilidad para que se puedan contabilizar como cr\u00e9ditos de carbono. A continuaci\u00f3n, dio paso a los distintos intervinientes.<\/p>\n<p style=\"text-align: justify;\"><strong>\u00c1lvaro Picardo Nieto<\/strong><\/p>\n<p style=\"text-align: justify;\">El secretario del Foro de Bosques y Cambio Clim\u00e1tico mostr\u00f3 en su presentaci\u00f3n que los bosques y otros terrenos forestales juegan un triple papel en la mitigaci\u00f3n del cambio clim\u00e1tico:<\/p>\n<ul style=\"text-align: justify;\">\n<li>Absorben carbono y producen ox\u00edgeno, gracias a la actividad fotosint\u00e9tica y son los grandes sumideros manejables de la Tierra<\/li>\n<li>Proporcionan recursos para la bioeconom\u00eda, que prolongan el tiempo de retenci\u00f3n almacenan carbono (la madera es el producto de moda);<\/li>\n<li>Los biomateriales forestales sustituyen materiales y combustibles con mayor huella de carbono.<\/li>\n<\/ul>\n<p style=\"text-align: justify;\">Espa\u00f1a desde 1970 ha aumentado sus bosques en 7 millones de hect\u00e1reas y la cantidad de madera no ha dejado de crecer (desde 28,4 mccc \/ha en 1970 a 59,7 mccc\/ha =76,4 teqCO2 x 1,28 teqCO2\/mccc). Conviene seguir repoblando, pero lo fundamental es que los 18,5 millones de hect\u00e1reas de bosques existentes contribuyan a la mitigaci\u00f3n del cambio clim\u00e1tico.<\/p>\n<p style=\"text-align: justify;\">Picardo resalt\u00f3 que es necesario gestionar estos recursos y que la gesti\u00f3n de los bosques, y de la madera, haga su aportaci\u00f3n a la lucha contra el cambio clim\u00e1tico, ya que actualmente la tasa de extracci\u00f3n es muy baja (por debajo del 50 %). Y para ello hay que aplicar los criterios de Gesti\u00f3n Forestal Sostenible con criterios clim\u00e1ticos = Gesti\u00f3n Forestal Multifuncional (Clim\u00e1tica y \u201cnatural\u201d).<\/p>\n<p style=\"text-align: justify;\">\u00bfC\u00f3mo \u00a0hacerlo? \u00a0Para \u00a0ello \u00a0es \u00a0necesario \u00a0un \u00a0cambio \u00a0de \u00a0paradigma. \u00a0Justo \u00a0ahora \u00a0que \u00a0se \u00a0est\u00e1 actualizando el Programa Forestal Nacional podemos definir una nueva manera de gestionar los bosques, separando lo macro de lo micro y que las explotaciones tengan dimensiones viables.<\/p>\n<p style=\"text-align: justify;\">\u00bfUna acci\u00f3n que hacer? Una calculadora de carbono de todo el balance que tienen los bosques. Para ello, el Foro de Bosques y Cambio Clim\u00e1tico junto con Tragsa est\u00e1n trabajando intensamente en una propuesta que presentar\u00e1n al Ministerio. \u00c9sta no solo considera el bosque como sumidero de Carbono sino que maneja un contexto m\u00e1s amplio: el ciclo del bosque con todo su turno de vida y la cadena desde el bosque a la industria, contabilizando la contribuci\u00f3n del uso de los productos de madera y su efecto de sustituci\u00f3n de otros materiales.<\/p>\n<p style=\"text-align: justify;\"><strong>Juan Picos Mart\u00edn<\/strong><\/p>\n<p style=\"text-align: justify;\">El Director de la Escuela de Ingenier\u00eda Forestal\u00a0 de la Universidad de Vigo), haciendo un paralelismo con el hecho de querer tener una mascota y el de realizar una plantaci\u00f3n forestal, se\u00f1al\u00f3 que nos falta ense\u00f1ar a la gente qu\u00e9 es lo que viene despu\u00e9s de adquirir esa mascota o de plantar. La gesti\u00f3n forestal no hay que verla desde un punto de vista meramente est\u00e1tico (el momento de la plantaci\u00f3n) sino m\u00e1s bien din\u00e1mico, o m\u00e1s exactamente como un conjunto de din\u00e1micas entre especies a lo largo del tiempo.<\/p>\n<p style=\"text-align: justify;\">Por tanto, hay que tener en cuenta tanto las repoblaciones como la gesti\u00f3n forestal posterior, donde no se abandona la plantaci\u00f3n tras haberla realizado, sino que hay que ir tomando decisiones que permitan que ese sistema natural alcance el objetivo deseado, y para ello han de tomarse decisiones adaptadas a cada situaci\u00f3n, teniendo en cuenta tambi\u00e9n que la propia situaci\u00f3n es cambiante.<\/p>\n<p style=\"text-align: justify;\">La contabilidad de Carbono es muy sencilla para plantaciones y por eso solo nos hemos fijado de momento en este punto. El \u00e9xito de la contabilidad del Carbono ha sido clave, pero hace falta desarrollar otra contabilidad adaptada a la gesti\u00f3n de las masas forestales existentes. Advirti\u00f3 que no hay que equivocar esta contabilidad con la econom\u00eda.<\/p>\n<p style=\"text-align: justify;\">La forma de que sea m\u00e1s eficiente la gesti\u00f3n forestal y su comunicaci\u00f3n a las partes interesadas es que haya un reconocimiento cient\u00edfico, a trav\u00e9s de\u00a0 documentos t\u00e9cnicos de base cient\u00edfica como los proyectos de ordenaci\u00f3n, planes de gesti\u00f3n, etc., que realmente demuestran que la gesti\u00f3n forestal mejora tanto la productividad de las masas forestales como su absorci\u00f3n de Carbono.<\/p>\n<p style=\"text-align: justify;\"><strong>Christopher R. Smith<\/strong><\/p>\n<p style=\"text-align: justify;\">Fundador y CEO de BrandSmith desde 2008, experto en Branding Estrat\u00e9gico y Posicionamiento Corporativo, con amplia experiencia en temas de comunicaci\u00f3n, destac\u00f3 el gran problema que tiene el sector forestal en su conjunto:\u00a0la estigmatizaci\u00f3n del sector (\u00bfquerer tener productos de madera sin cortar \u00e1rboles?) y la falta de conexi\u00f3n con la opini\u00f3n p\u00fablica.<\/p>\n<p style=\"text-align: justify;\">Estamos ante un cambio de modelo de consumo de la sociedad en el camino a transitar desde la econom\u00eda f\u00f3sil a la bioeconom\u00eda. La gran amenaza para el sector forestal es la ignorancia, pues hay mucha demagogia y poco cambio real.<\/p>\n<p style=\"text-align: justify;\">Para cambiar la opini\u00f3n p\u00fablica respecto al sector\u00a0forestal es necesaria una campa\u00f1a de sensibilizaci\u00f3n y pedagog\u00eda dirigida a la sociedad y que \u00e9sta pueda entenderla f\u00e1cilmente.<\/p>\n<p style=\"text-align: justify;\">Podr\u00eda ser una campa\u00f1a de sensibilizaci\u00f3n similar a la que hizo el Ministerio de Agricultura (durante diez a\u00f1os) para mejorar la visi\u00f3n del sector pesquero: <em>\u201cPezque\u00f1ines no gracias\u2026 debes dejarlos crecer\u201d.<\/em> Pero en este caso establecer la analog\u00eda con los \u00e1rboles, y mejorar la visi\u00f3n del sector forestal tanto de la ciudadan\u00eda como de los medios de comunicaci\u00f3n, incidiendo en que gestionar las masas forestales (m\u00e1s all\u00e1 de una mera plantaci\u00f3n) permite que \u00e9stas persistan en el tiempo en las mejores condiciones, a la vez que proveen a la sociedad de productos sostenibles y que adem\u00e1s evitan el uso de otros productos m\u00e1s nocivos. Para mejorar la opini\u00f3n hay que hablar de los productos tanto al consumidor como al empresario, pues una empresa no crea un producto sostenible si no tiene un comprador que lo vaya a adquirir. Debe haber un cambio real en la econom\u00eda.<\/p>\n<p style=\"text-align: justify;\">Tambi\u00e9n es necesario que el sector forestal no est\u00e9 fragmentado y que \u00e9ste adopte una identidad y estrategia como si fuera una sola voz. El mensaje que traslade a la sociedad ha de ser \u00fanico, claro y de f\u00e1cil comprensi\u00f3n, aunque el sector tenga m\u00faltiples ramas con intereses diversos y pudiera trasladar muchos otros mensajes.<\/p>\n<p style=\"text-align: justify;\">Hay que encontrar un mensaje que sea la palanca para movilizar a la sociedad. Quiz\u00e1s este mensaje podr\u00eda incluir la palabra \u201crenovable\u201d. M\u00e1s que hablar de los \u00e1rboles como sumideros de Carbono ser\u00eda m\u00e1s efectivo hablar de \u00e1rboles como una fuente de energ\u00eda y material renovable<strong>.<\/strong><\/p>\n<p style=\"text-align: justify;\"><strong>\u00a0Ana Elisa Rodr\u00edguez P\u00e9rez<\/strong><\/p>\n<p style=\"text-align: justify;\">La Directora de la Fundaci\u00f3n G\u00f3mez-Pintado, donde adem\u00e1s gestiona la estrategia sostenible de la fundaci\u00f3n, mostr\u00f3 la inquietud y la necesidad que en la actualidad tienen muchos sectores empresariales de compensar sus emisiones, y puso el ejemplo el sector de la edificaci\u00f3n en Espa\u00f1a. Este sector es el que genera m\u00e1s residuos y ocasiona el 25,1% de las emisiones.<\/p>\n<p style=\"text-align: justify;\">Empresarios, promotores, constructores y otros inversores quieren compensar su huella de carbono y no saben c\u00f3mo hacerlo, fundamentalmente por desconocimiento\u00a0 ya que\u00a0 \u00a0aunque\u00a0 \u00a0parece\u00a0 \u00a0haber\u00a0 \u00a0mucha\u00a0 \u00a0informaci\u00f3n\u00a0 \u00a0no\u00a0 \u00a0es\u00a0 \u00a0f\u00e1cilmente comprensible por el mundo empresarial. Por ello, los gestores forestales han de presentar procedimientos sencillos para que el sector empresarial pueda hacer esta compensaci\u00f3n, y que est\u00e9 avalada por documentos t\u00e9cnicos que aporten la garant\u00eda de que su inversi\u00f3n perdurar\u00e1 en el tiempo.<\/p>\n<p style=\"text-align: justify;\">Se\u00f1al\u00f3 dos oportunidades para avanzar en la situaci\u00f3n actual: la evoluci\u00f3n del marco regulatorio, y el papel que desempe\u00f1a la Gesti\u00f3n Forestal Sostenible.<\/p>\n<p style=\"text-align: justify;\">A nivel normativo hay una oportunidad para acercarnos a dos hitos: el de lograr la Descarbonizaci\u00f3n de los edificios y la Econom\u00eda Circular en la Edificaci\u00f3n:<\/p>\n<ul style=\"text-align: justify;\">\n<li><u>Ley 7\/2021 de Cambio<\/u> <u>Clim\u00e1tico y Transici\u00f3n Energ\u00e9tica<\/u> [Art. 8. Eficiencia energ\u00e9tica y rehabilitaci\u00f3n de edificios: <em>\u201cLos materiales de construcci\u00f3n utilizados tanto en la construcci\u00f3n como en la rehabilitaci\u00f3n de edificios <\/em><em>deber\u00e1n tener la menor huella de carbono posible a fin de disminuir las emisiones totales en el conjunto de la actuaci\u00f3n o del edificio\u201d];<\/em><\/li>\n<li><u>Ley <\/u><u>7\/2022. Residuos y Suelos Contaminados para la econom\u00eda circular<\/u> [Art. 30. Residuos de construcci\u00f3n y demolici\u00f3n: <em>\u201cLos residuos de construcci\u00f3n y demolici\u00f3n deber\u00e1n clasificarse por <\/em><em>materiales, preferentemente en el origen a partir del 1 julio 2022, y la demolici\u00f3n deber\u00e1 ser selectiva a partir de 2024\u201d\u2026 <\/em>Se abre la puerta a penalizaciones a los materiales que generan m\u00e1s residuos y tienen menor \u00edndice de ciclabilidad.]<\/li>\n<li><u>2023-Revisi\u00f3n del C\u00f3digo T\u00e9cnico de la Edificaci\u00f3n (CTE)<\/u> [Medici\u00f3n de la huella de carbono a trav\u00e9s de procesos de An\u00e1lisis de Ciclo de Vida (ACV) se hace obligatoria];<\/li>\n<li><u>2030-Building Life: Hoja de Ruta para la Descarbonizaci\u00f3n de los Edificios<\/u> [<em>\u201cEn 2030, <\/em><em>todos<\/em> <em>los<\/em> <em>edificios<\/em> <em>de obra nueva deber\u00e1n ser de carbono neto cero en todo su ciclo de vida, y los edificios existentes alcanzar\u00e1n una reducci\u00f3n del 50% de carbono de ciclo de vida\u201d].<\/em><\/li>\n<\/ul>\n<p style=\"text-align: justify;\">Y destac\u00f3 todo lo que puede aportar la Gesti\u00f3n Forestal Sostenible a las empresas:<\/p>\n<ul style=\"text-align: justify;\">\n<li>Sumideros de carbono para <u>compensar la Huella de Carbono de la edificaci\u00f3n en todo su ACV<\/u>;<\/li>\n<li>El uso de productos maderables, que tienen baja Huella de Carbono y adem\u00e1s obedecen a los principios de Econom\u00eda Circular;<\/li>\n<li><u>contribuye a la mejora la Reputaci\u00f3n de la organizaci\u00f3n<\/u>, y se alinea con la Sostenibilidad y su RSC;<\/li>\n<li>Los inversores son aliados del monte &#8211; Divulgaci\u00f3n de informaci\u00f3n relativa a la sostenibilidad en el sector de los servicios financieros (<em>Reglamento europeo SFDR 2019<\/em>); y en el caso de Empresas de &gt;250 empleados &amp; &gt;20M\u20ac activos o &gt;40 M\u20ac cifra anual de negocio, \u00e9stas deben presentar <u>\u201cEstudio de Informaci\u00f3n No Financiera\u201d<\/u> (EINF -Ley 11\/2018-); futuro <u>\u201cInforme de<\/u> <u>Sostenibilidad<\/u>\u201d en enero 2023 (Directiva de Informes de Sostenibilidad Corporativa -CSRD-).<\/li>\n<\/ul>\n<p style=\"text-align: justify;\">Aport\u00f3 un dato impactante, una edificaci\u00f3n convencional (de hormig\u00f3n y acero) puede tener una huella de Carbono \u201cde cuna a tumba\u201d de 1.600-2.000 kg CO2 eq \/m<sup>2<\/sup>, mientras que si se construye en madera la huella se reduce a la mitad. Como ejemplo, la huella de Carbono \u201cde cuna a tumba\u201d del edificio Hyperion (Burdeos) de 18 plantas que se construy\u00f3 en CLT y con n\u00facleo de hormig\u00f3n, que gener\u00f3 una huella de carbono de 870 kg CO2 eq \/m<sup>2<\/sup><\/p>\n<p style=\"text-align: justify;\"><strong>Guillermo Fern\u00e1ndez Centeno<\/strong><\/p>\n<p style=\"text-align: justify;\">El Jefe de \u00e1rea de la Subdirecci\u00f3n General de Pol\u00edtica Forestal y Lucha contra la Desertificaci\u00f3n, manifest\u00f3 que la plantaci\u00f3n y la gesti\u00f3n forestal debe tener en cuenta la multifuncionalidad del monte, con la obtenci\u00f3n de productos o\/y servicios como la biodiversidad, disminuci\u00f3n del riesgo de incendios, mejora del estado de conservaci\u00f3n del h\u00e1bitat, disminuci\u00f3n de la erosi\u00f3n, etc., y como no, tambi\u00e9n tener en cuenta su contribuci\u00f3n a la fijaci\u00f3n de Carbono.<\/p>\n<p style=\"text-align: justify;\">El monte no solo ofrece productos sino que tambi\u00e9n nos ofrece un bienestar por su persistencia y buena conservaci\u00f3n. La forma de garantizar el buen estado de los montes es que adem\u00e1s ofrezcan una posibilidad de desarrollo econ\u00f3mico.<\/p>\n<p style=\"text-align: justify;\">El papel de la administraci\u00f3n es asegurar la consecuci\u00f3n de los proyectos e intentar regular las distintas actividades de forma que se vele por el inter\u00e9s general, que debe ser acorde con la conservaci\u00f3n. Para dar seguridad y garantizar que la gesti\u00f3n forestal se realiza correctamente\u00a0 y por tanto asegurar su conservaci\u00f3n, han de verificarse que se cumplen con todos los requisitos cient\u00edfico-t\u00e9cnicos que tiene en cuenta la ciencia forestal.<\/p>\n<p style=\"text-align: justify;\">Guillermo destac\u00f3 la necesidad de hacer una encuesta en Espa\u00f1a sobre la percepci\u00f3n social de los bosques, para ver los posibles puentes de conexi\u00f3n entre el mundo urbano y el medio rural. Tambi\u00e9n puso relevancia a que uno de los pilares del Plan Forestal Espa\u00f1ol es la comunicaci\u00f3n.<\/p>\n<p style=\"text-align: justify;\">\n","protected":false},"excerpt":{"rendered":"<p>El Congreso Forestal Espa\u00f1ol celebr\u00f3 del 27 de junio al 1 de julio en Lleida, su octava edici\u00f3n. Entre las diferentes mesas redondas que tuvieron lugar en esta importante cita, destacamos la<a class=\"moretag\" href=\"https:\/\/www.fbycc.org\/index.php\/2022\/07\/03\/y-despues-de-repoblar-que-gestion-forestal-y-captacion-de-carbono\/\">Leer m\u00e1s&#8230;<\/a><\/p>\n","protected":false},"author":2,"featured_media":0,"comment_status":"closed","ping_status":"open","sticky":false,"template":"","format":"standard","meta":{"_monsterinsights_skip_tracking":false,"_monsterinsights_sitenote_active":false,"_monsterinsights_sitenote_note":"","_monsterinsights_sitenote_category":0,"footnotes":""},"categories":[11],"tags":[141,108,136,109,143,142],"class_list":["post-2754","post","type-post","status-publish","format-standard","hentry","category-noticias","tag-8cfe","tag-carbono","tag-congreso-forestal-espanol","tag-gestion-forestal","tag-mesa-redonda","tag-repoblaciones"],"_links":{"self":[{"href":"https:\/\/www.fbycc.org\/index.php\/wp-json\/wp\/v2\/posts\/2754","targetHints":{"allow":["GET"]}}],"collection":[{"href":"https:\/\/www.fbycc.org\/index.php\/wp-json\/wp\/v2\/posts"}],"about":[{"href":"https:\/\/www.fbycc.org\/index.php\/wp-json\/wp\/v2\/types\/post"}],"author":[{"embeddable":true,"href":"https:\/\/www.fbycc.org\/index.php\/wp-json\/wp\/v2\/users\/2"}],"replies":[{"embeddable":true,"href":"https:\/\/www.fbycc.org\/index.php\/wp-json\/wp\/v2\/comments?post=2754"}],"version-history":[{"count":11,"href":"https:\/\/www.fbycc.org\/index.php\/wp-json\/wp\/v2\/posts\/2754\/revisions"}],"predecessor-version":[{"id":2866,"href":"https:\/\/www.fbycc.org\/index.php\/wp-json\/wp\/v2\/posts\/2754\/revisions\/2866"}],"wp:attachment":[{"href":"https:\/\/www.fbycc.org\/index.php\/wp-json\/wp\/v2\/media?parent=2754"}],"wp:term":[{"taxonomy":"category","embeddable":true,"href":"https:\/\/www.fbycc.org\/index.php\/wp-json\/wp\/v2\/categories?post=2754"},{"taxonomy":"post_tag","embeddable":true,"href":"https:\/\/www.fbycc.org\/index.php\/wp-json\/wp\/v2\/tags?post=2754"}],"curies":[{"name":"wp","href":"https:\/\/api.w.org\/{rel}","templated":true}]}}