{"id":2742,"date":"2022-06-24T18:55:49","date_gmt":"2022-06-24T18:55:49","guid":{"rendered":"https:\/\/www.fbycc.org\/?p=2742"},"modified":"2022-06-24T18:55:49","modified_gmt":"2022-06-24T18:55:49","slug":"la-fgp-reune-a-agentes-de-la-cadena-de-valor-de-la-madera-para-la-construccion","status":"publish","type":"post","link":"https:\/\/www.fbycc.org\/index.php\/2022\/06\/24\/la-fgp-reune-a-agentes-de-la-cadena-de-valor-de-la-madera-para-la-construccion\/","title":{"rendered":"La FGP re\u00fane a agentes de la cadena de valor de la madera para la construcci\u00f3n"},"content":{"rendered":"<p style=\"text-align: center;\"><strong><em><br \/>\nAsociaciones, empresas y universidades analizan el sector forestal con el objetivo de identificar barreras y proponer soluciones<\/em><\/strong><\/p>\n<p style=\"text-align: justify;\"><strong>Jueves, 23 de junio de 2022.<\/strong> La Fundaci\u00f3n G\u00f3mez- Pintado, en colaboraci\u00f3n con el Foro Bosques y Cambio Clim\u00e1tico, ha reunido en la sede de la Asociaci\u00f3n de Promotores y Construcci\u00f3n de Espa\u00f1a (APCE-CEOE) a algunos de los principales agentes de la cadena de valor del sector forestal y la industria maderera, asociaciones, empresas y universidades, con el objetivo de poner en valor el monte espa\u00f1ol y que se conozcan las necesidades de madera estructural para la construcci\u00f3n.<\/p>\n<p style=\"text-align: center;\"><img loading=\"lazy\" decoding=\"async\" class=\"size-large wp-image-2750 aligncenter\" src=\"https:\/\/www.fbycc.org\/wp-content\/uploads\/2022\/06\/20220621_131537_-1024x768.jpg\" alt=\"\" width=\"604\" height=\"453\" srcset=\"https:\/\/www.fbycc.org\/wp-content\/uploads\/2022\/06\/20220621_131537_-1024x768.jpg 1024w, https:\/\/www.fbycc.org\/wp-content\/uploads\/2022\/06\/20220621_131537_-300x225.jpg 300w, https:\/\/www.fbycc.org\/wp-content\/uploads\/2022\/06\/20220621_131537_-768x576.jpg 768w, https:\/\/www.fbycc.org\/wp-content\/uploads\/2022\/06\/20220621_131537_-800x600.jpg 800w, https:\/\/www.fbycc.org\/wp-content\/uploads\/2022\/06\/20220621_131537_-1536x1152.jpg 1536w, https:\/\/www.fbycc.org\/wp-content\/uploads\/2022\/06\/20220621_131537_-2048x1536.jpg 2048w\" sizes=\"auto, (max-width: 604px) 100vw, 604px\" \/><\/p>\n<p style=\"text-align: justify;\">La primera mesa de trabajo: \u201cCadena de valor de la madera de origen espa\u00f1ol para la construcci\u00f3n: Identificaci\u00f3n de barreras y propuesta de soluciones\u201d ha contado con la representaci\u00f3n de la Escuela de Ingenieros Forestales de Vigo, la Escuela de Ingenieros de Montes de la Universidad Polit\u00e9cnica de Madrid, las asociaciones AEIM, Baskegur, Cesefor, el Foro de Bosques y Cambio Clim\u00e1tico, Juntos por los Bosques, y las empresas Lignum Tech, V\u00cdA \u00c1GORA, Finsa \/ Xilonor, Egoin, el Aserradero Ayuntamiento Madera Cuenca, Aserradero de Cuellar, Aserradero Garc\u00eda Varona y el Aserradero Rup\u00e9rez.<\/p>\n<p style=\"text-align: justify;\">Entre los puntos importantes que se han abordado en esta mesa de trabajo han destacado:<\/p>\n<ol style=\"text-align: justify;\">\n<li>Romper falsas creencias respecto al uso de la madera en la construcci\u00f3n y la gesti\u00f3n forestal mejorando la imagen del sector con todos los grupos de inter\u00e9s.<\/li>\n<li>Que las administraciones p\u00fablicas dirijan mayores esfuerzos a\u00a0promover la gesti\u00f3n forestal sostenible, tanto en montes p\u00fablicos como\u00a0privados, generando de esta forma riqueza y empleo en la Espa\u00f1a vaciada.<\/li>\n<li>Formaci\u00f3n t\u00e9cnica y productiva mediante convenios con escuelas y centros intersectoriales.<\/li>\n<li>Impulsar la colaboraci\u00f3n p\u00fablico- privada y las alianzas entre todos los actores implicados en la cadena de valor mediante, entre otras acciones, la creaci\u00f3n de nuevas figuras societarias, informaci\u00f3n transparente y de calidad, digitalizaci\u00f3n de los procesos y servicios profesionales y asequibles.<\/li>\n<\/ol>\n<p style=\"text-align: justify;\">Todos los agentes de la cadena de valor que intervinieron han coincidido en la necesidad de formaci\u00f3n que tiene desde los centros docentes, las universidades e institutos de FP, as\u00ed como los propios t\u00e9cnicos: arquitectos, aparejadores e ingenieros. Adem\u00e1s, han se\u00f1alado la importancia de concienciar al cliente final y los agentes prescriptores sobre las bondades de la madera para la edificaci\u00f3n, para la reducci\u00f3n de la huella de carbono, ya que el monte es un sumidero, y la descarbonizaci\u00f3n de los edificios, puesto que es un objetivo prioritario para el cumplimiento de los Objetivos de Desarrollo Sostenible.<\/p>\n<p><img loading=\"lazy\" decoding=\"async\" class=\"size-large wp-image-2749 aligncenter\" src=\"https:\/\/www.fbycc.org\/wp-content\/uploads\/2022\/06\/20220621_131458_-1024x768.jpg\" alt=\"\" width=\"604\" height=\"453\" srcset=\"https:\/\/www.fbycc.org\/wp-content\/uploads\/2022\/06\/20220621_131458_-1024x768.jpg 1024w, https:\/\/www.fbycc.org\/wp-content\/uploads\/2022\/06\/20220621_131458_-300x225.jpg 300w, https:\/\/www.fbycc.org\/wp-content\/uploads\/2022\/06\/20220621_131458_-768x576.jpg 768w, https:\/\/www.fbycc.org\/wp-content\/uploads\/2022\/06\/20220621_131458_-800x600.jpg 800w, https:\/\/www.fbycc.org\/wp-content\/uploads\/2022\/06\/20220621_131458_-1536x1152.jpg 1536w, https:\/\/www.fbycc.org\/wp-content\/uploads\/2022\/06\/20220621_131458_-2048x1536.jpg 2048w\" sizes=\"auto, (max-width: 604px) 100vw, 604px\" \/><\/p>\n<p style=\"text-align: justify;\">Finalmente, Juan Antonio G\u00f3mez-Pintado invit\u00f3 a todas las entidades que participaron en esta primera mesa de trabajo a incorporarse al <a href=\"https:\/\/clusteredificacion.com\/\">Cl\u00faster de la Edificaci\u00f3n <\/a>para trabajar conjuntamente y generar un claro valor a\u00f1adido ambiental, social y econ\u00f3mico al \u00e1mbito forestal, su industria y al sector promotor y constructor.<\/p>\n<p style=\"text-align: justify;\"><strong>Sobre la Fundaci\u00f3n G\u00f3mez \u2013 Pintado<\/strong><\/p>\n<p style=\"text-align: justify;\">La Fundaci\u00f3n G\u00f3mez-Pintado <a href=\"http:\/\/www.fundaciongomez-pintado.com\">www.fundaciongomez-pintado.com<\/a> es una entidad sin \u00e1nimo de lucro que trabaja por la promoci\u00f3n y el fomento de la sostenibilidad y la RSC en el \u00e1mbito de la construcci\u00f3n y del sector inmobiliario espa\u00f1ol.<\/p>\n<p style=\"text-align: justify;\">Entre sus l\u00edneas de acci\u00f3n destaca su labor incansable para el fomento de la formaci\u00f3n y la divulgaci\u00f3n de conocimientos t\u00e9cnicos que impulsen el uso de la madera en la construcci\u00f3n en altura. En este sentido, la Fundaci\u00f3n G\u00f3mez-Pintado patrocina el M\u00e1ster Construcci\u00f3n con Madera, t\u00edtulo propio de la UPM <a href=\"http:\/\/www.masterconstruccionconmadera.es\">www.masterconstruccionconmadera.es<\/a>.<\/p>\n","protected":false},"excerpt":{"rendered":"<p>Asociaciones, empresas y universidades analizan el sector forestal con el objetivo de identificar barreras y proponer soluciones Jueves, 23 de junio de 2022. La Fundaci\u00f3n G\u00f3mez- Pintado, en colaboraci\u00f3n con el Foro<a class=\"moretag\" href=\"https:\/\/www.fbycc.org\/index.php\/2022\/06\/24\/la-fgp-reune-a-agentes-de-la-cadena-de-valor-de-la-madera-para-la-construccion\/\">Leer m\u00e1s&#8230;<\/a><\/p>\n","protected":false},"author":2,"featured_media":0,"comment_status":"closed","ping_status":"open","sticky":false,"template":"","format":"standard","meta":{"_monsterinsights_skip_tracking":false,"_monsterinsights_sitenote_active":false,"_monsterinsights_sitenote_note":"","_monsterinsights_sitenote_category":0,"footnotes":""},"categories":[11],"tags":[],"class_list":["post-2742","post","type-post","status-publish","format-standard","hentry","category-noticias"],"_links":{"self":[{"href":"https:\/\/www.fbycc.org\/index.php\/wp-json\/wp\/v2\/posts\/2742","targetHints":{"allow":["GET"]}}],"collection":[{"href":"https:\/\/www.fbycc.org\/index.php\/wp-json\/wp\/v2\/posts"}],"about":[{"href":"https:\/\/www.fbycc.org\/index.php\/wp-json\/wp\/v2\/types\/post"}],"author":[{"embeddable":true,"href":"https:\/\/www.fbycc.org\/index.php\/wp-json\/wp\/v2\/users\/2"}],"replies":[{"embeddable":true,"href":"https:\/\/www.fbycc.org\/index.php\/wp-json\/wp\/v2\/comments?post=2742"}],"version-history":[{"count":8,"href":"https:\/\/www.fbycc.org\/index.php\/wp-json\/wp\/v2\/posts\/2742\/revisions"}],"predecessor-version":[{"id":2752,"href":"https:\/\/www.fbycc.org\/index.php\/wp-json\/wp\/v2\/posts\/2742\/revisions\/2752"}],"wp:attachment":[{"href":"https:\/\/www.fbycc.org\/index.php\/wp-json\/wp\/v2\/media?parent=2742"}],"wp:term":[{"taxonomy":"category","embeddable":true,"href":"https:\/\/www.fbycc.org\/index.php\/wp-json\/wp\/v2\/categories?post=2742"},{"taxonomy":"post_tag","embeddable":true,"href":"https:\/\/www.fbycc.org\/index.php\/wp-json\/wp\/v2\/tags?post=2742"}],"curies":[{"name":"wp","href":"https:\/\/api.w.org\/{rel}","templated":true}]}}