{"id":2735,"date":"2022-06-14T21:17:05","date_gmt":"2022-06-14T21:17:05","guid":{"rendered":"https:\/\/www.fbycc.org\/?p=2735"},"modified":"2022-06-14T21:17:05","modified_gmt":"2022-06-14T21:17:05","slug":"programa-del-8cfe-conoce-todos-los-detalles-en-la-5a-circular","status":"publish","type":"post","link":"https:\/\/www.fbycc.org\/index.php\/2022\/06\/14\/programa-del-8cfe-conoce-todos-los-detalles-en-la-5a-circular\/","title":{"rendered":"Programa del 8CFE: conoce todos los detalles en la 5\u00aa CIRCULAR"},"content":{"rendered":"<p style=\"text-align: justify;\"><img loading=\"lazy\" decoding=\"async\" class=\"wp-image-2738 alignright\" src=\"https:\/\/www.fbycc.org\/wp-content\/uploads\/2022\/06\/Creatividad_anuncio_Castellano-724x1024.png\" alt=\"\" width=\"300\" height=\"424\" srcset=\"https:\/\/www.fbycc.org\/wp-content\/uploads\/2022\/06\/Creatividad_anuncio_Castellano-724x1024.png 724w, https:\/\/www.fbycc.org\/wp-content\/uploads\/2022\/06\/Creatividad_anuncio_Castellano-212x300.png 212w, https:\/\/www.fbycc.org\/wp-content\/uploads\/2022\/06\/Creatividad_anuncio_Castellano-768x1086.png 768w, https:\/\/www.fbycc.org\/wp-content\/uploads\/2022\/06\/Creatividad_anuncio_Castellano-1086x1536.png 1086w, https:\/\/www.fbycc.org\/wp-content\/uploads\/2022\/06\/Creatividad_anuncio_Castellano-1448x2048.png 1448w\" sizes=\"auto, (max-width: 300px) 100vw, 300px\" \/><br \/>\nAcaba de ser publicada la <a href=\"https:\/\/8cfe.congresoforestal.es\/es\/content\/5a-circular-junio-de-2022\">5\u00aa circular<\/a>\u00a0del 8\u00ba Congreso Forestal Espa\u00f1ol, con el programa de todas las actividades que se desarrollar\u00e1n en el 8CFE, que tendr\u00e1 lugar en Lleida del 27 de junio al 1 de julio pr\u00f3ximos.<\/p>\n<p style=\"text-align: justify;\">Programa en mano, la organizaci\u00f3n espera que sea m\u00e1s f\u00e1cil organizar la asistencia a esta edici\u00f3n del Congreso de todos los interesados. Adem\u00e1s, todav\u00eda es posible inscribirse, tanto para acudir presencialmente como en la modalidad de inscripci\u00f3n en l\u00ednea.<\/p>\n<p style=\"text-align: justify;\">El Comit\u00e9 Organizador recuerda en esta circular algunas peculiaridades relativas a los viajes t\u00e9cnicos (como que en esta edici\u00f3n, cuatro de ellos requieren pernoctar la noche del martes 28 de junio fuera de Lleida), instando a las y los congresistas a tomar nota de estas observaciones antes de formalizar su inscripci\u00f3n (accede aqu\u00ed a\u00a0<a href=\"https:\/\/8cfe.congresoforestal.es\/es\/content\/tarifas\">inscripci\u00f3n y tarifas<\/a>).<\/p>\n<p>\u00a0 \u00a0<a href=\"https:\/\/8cfe.congresoforestal.es\/es\/content\/5a-circular-junio-de-2022\" target=\"_blank\" rel=\"noopener\">&gt;&gt; 5\u00aa CIRCULAR del 8CFE &#8211; junio de 2022<\/a><\/p>\n","protected":false},"excerpt":{"rendered":"<p>Acaba de ser publicada la 5\u00aa circular\u00a0del 8\u00ba Congreso Forestal Espa\u00f1ol, con el programa de todas las actividades que se desarrollar\u00e1n en el 8CFE, que tendr\u00e1 lugar en Lleida del 27 de<a class=\"moretag\" href=\"https:\/\/www.fbycc.org\/index.php\/2022\/06\/14\/programa-del-8cfe-conoce-todos-los-detalles-en-la-5a-circular\/\">Leer m\u00e1s&#8230;<\/a><\/p>\n","protected":false},"author":2,"featured_media":0,"comment_status":"closed","ping_status":"open","sticky":false,"template":"","format":"standard","meta":{"_monsterinsights_skip_tracking":false,"_monsterinsights_sitenote_active":false,"_monsterinsights_sitenote_note":"","_monsterinsights_sitenote_category":0,"footnotes":""},"categories":[11],"tags":[141,136],"class_list":["post-2735","post","type-post","status-publish","format-standard","hentry","category-noticias","tag-8cfe","tag-congreso-forestal-espanol"],"_links":{"self":[{"href":"https:\/\/www.fbycc.org\/index.php\/wp-json\/wp\/v2\/posts\/2735","targetHints":{"allow":["GET"]}}],"collection":[{"href":"https:\/\/www.fbycc.org\/index.php\/wp-json\/wp\/v2\/posts"}],"about":[{"href":"https:\/\/www.fbycc.org\/index.php\/wp-json\/wp\/v2\/types\/post"}],"author":[{"embeddable":true,"href":"https:\/\/www.fbycc.org\/index.php\/wp-json\/wp\/v2\/users\/2"}],"replies":[{"embeddable":true,"href":"https:\/\/www.fbycc.org\/index.php\/wp-json\/wp\/v2\/comments?post=2735"}],"version-history":[{"count":4,"href":"https:\/\/www.fbycc.org\/index.php\/wp-json\/wp\/v2\/posts\/2735\/revisions"}],"predecessor-version":[{"id":2740,"href":"https:\/\/www.fbycc.org\/index.php\/wp-json\/wp\/v2\/posts\/2735\/revisions\/2740"}],"wp:attachment":[{"href":"https:\/\/www.fbycc.org\/index.php\/wp-json\/wp\/v2\/media?parent=2735"}],"wp:term":[{"taxonomy":"category","embeddable":true,"href":"https:\/\/www.fbycc.org\/index.php\/wp-json\/wp\/v2\/categories?post=2735"},{"taxonomy":"post_tag","embeddable":true,"href":"https:\/\/www.fbycc.org\/index.php\/wp-json\/wp\/v2\/tags?post=2735"}],"curies":[{"name":"wp","href":"https:\/\/api.w.org\/{rel}","templated":true}]}}