{"id":2721,"date":"2022-06-11T10:30:35","date_gmt":"2022-06-11T10:30:35","guid":{"rendered":"https:\/\/www.fbycc.org\/?p=2721"},"modified":"2022-06-11T10:31:51","modified_gmt":"2022-06-11T10:31:51","slug":"informe-sobre-el-estado-del-clima-en-2021","status":"publish","type":"post","link":"https:\/\/www.fbycc.org\/index.php\/2022\/06\/11\/informe-sobre-el-estado-del-clima-en-2021\/","title":{"rendered":"Informe sobre el estado del clima en 2021"},"content":{"rendered":"<blockquote>\n<h2>El informe sobre el estado del clima en 2021 en Espa\u00f1a muestra un a\u00f1o marcado por fen\u00f3menos extremos: de Filomena a la ola de calor de agosto<\/h2>\n<\/blockquote>\n<p style=\"text-align: justify;\">El secretario de Estado de Medio Ambiente, Hugo Mor\u00e1n, inaugur\u00f3 el pasado jueves el acto de presentaci\u00f3n del informe sobre el estado del clima de Espa\u00f1a 2021. Durante su intervenci\u00f3n, Mor\u00e1n remarc\u00f3 la importancia del estudio como instrumento para evaluar nuestras medidas de mitigaci\u00f3n y, a la vez, como llamada de atenci\u00f3n sobre el ritmo creciente al que se producen los episodios meteorol\u00f3gicos extremos ligados al cambio clim\u00e1tico. \u201c<em>Esa aceleraci\u00f3n, sumada a los impactos crecientes, nos obliga a ser muy \u00e1giles para prevenir la aparici\u00f3n de nuevos riesgos, reducir los existentes y aumentar nuestra resiliencia\u201d<\/em>, ha se\u00f1alado. Este informe es la tercera edici\u00f3n de un trabajo que muestra, de forma pormenorizada, los aspectos m\u00e1s significativos del tiempo y el clima en nuestro pa\u00eds durante 2021 y sus tendencias a largo plazo.<\/p>\n<p style=\"text-align: justify;\">El informe indica que el pasado a\u00f1o fue uno de los siete m\u00e1s c\u00e1lidos a escala global. En Europa fue m\u00e1s fr\u00edo que a\u00f1os anteriores; aun as\u00ed, registr\u00f3 temperaturas superiores al promedio normal. En Espa\u00f1a, 2021 fue el und\u00e9cimo m\u00e1s c\u00e1lido desde 1961. As\u00ed, el documento constata una acumulaci\u00f3n de a\u00f1os c\u00e1lidos en la \u00e9poca m\u00e1s reciente: siete de los diez a\u00f1os con temperatura media m\u00e1s alta se han registrado en el \u00faltimo decenio.<\/p>\n<p style=\"text-align: center;\"><img loading=\"lazy\" decoding=\"async\" class=\"size-large aligncenter\" src=\"https:\/\/www.miteco.gob.es\/es\/prensa\/220609aemetestadodelclimacaractertermico2021_tcm30-541254.jpg\" width=\"550\" height=\"281\" \/><\/p>\n<p style=\"text-align: center;\"><span style=\"font-size: 8pt;\">Serie de temperaturas medias anuales y car\u00e1cter t\u00e9rmico (respecto a la media 1981-2010) en Espa\u00f1a desde 1961. Los colores de las barras indican el car\u00e1cter t\u00e9rmico de cada a\u00f1o<\/span><\/p>\n<p style=\"text-align: justify;\"><strong>AUMENTO DE TEMPERATURAS GENERALIZADO<\/strong><\/p>\n<p style=\"text-align: justify;\">El aumento de las temperaturas medias est\u00e1 ligado a un incremento de los r\u00e9cords diarios de temperatura en Espa\u00f1a. As\u00ed, en 2021 hubo 13 r\u00e9cords de d\u00edas c\u00e1lidos y ninguno de d\u00edas fr\u00edos.<\/p>\n<p style=\"text-align: justify;\">La temperatura superficial de las aguas mar\u00edtimas circundantes a Espa\u00f1a tambi\u00e9n est\u00e1 experimentando un ascenso: desde 2003 todos los a\u00f1os han registrado una temperatura media superior al promedio normal. En 2021 la diferencia fue de 0,3\u00baC por encima de lo habitual, aunque en zonas del Mediterr\u00e1neo y del golfo de C\u00e1diz se alcanzaron anomal\u00edas de 0,7\u00baC.<\/p>\n<p style=\"text-align: justify;\"><strong>VALORES R\u00c9CORD EN GASES DE EFECTO INVERNADERO<\/strong><\/p>\n<p style=\"text-align: justify;\">Los gases de efecto invernadero alcanzaron valores de r\u00e9cord en 2021 en el Observatorio Atmosf\u00e9rico de Iza\u00f1a, en Tenerife, gestionado por AEMET y perteneciente a la red de Vigilancia Atmosf\u00e9rica Global de la Organizaci\u00f3n Meteorol\u00f3gica Mundial.<\/p>\n<p style=\"text-align: justify;\">El CO2 alcanz\u00f3 una concentraci\u00f3n de 416,5 ppm (partes por mill\u00f3n), lo que supone un aumento de 2,5 ppm con respecto al a\u00f1o precedente. Se pone de relieve, adem\u00e1s, que el aumento de la concentraci\u00f3n de CO2 es manifiestamente proporcional a las emisiones acumuladas de origen antropog\u00e9nico.<\/p>\n<p style=\"text-align: center;\"><img loading=\"lazy\" decoding=\"async\" class=\"aligncenter size-large\" src=\"https:\/\/www.miteco.gob.es\/es\/prensa\/220609aemetestadodelclimaco2informeclima2021_tcm30-541255.jpg\" width=\"1521\" height=\"391\" \/><\/p>\n<p style=\"text-align: center;\"><span style=\"font-size: 8pt;\">Izquierda: Serie de promedios mensuales de la concentraci\u00f3n atmosf\u00e9rica de CO2 medida en el Observatorio de Iza\u00f1a desde 1984. Derecha: Medias anuales de concentraci\u00f3n de CO2 en el Observatorio de Iza\u00f1a y emisiones anuales globales acumuladas de CO2 estimadas durante el per\u00edodo 1984-2020. Fuente: AEMET \/ EDGAR (Emissions Database for Global Atmospheric Research)<\/span><\/p>\n<p style=\"text-align: justify;\"><strong>UN A\u00d1O SECO, PERO SIN SEQU\u00cdA<\/strong><\/p>\n<p style=\"text-align: justify;\">En 2021 llovi\u00f3 en el conjunto de Espa\u00f1a 569,2 l\/m\u00b2, lo que supone un 11% menos de lo normal considerando el periodo de referencia de 1981-2010; fue un a\u00f1o seco, el decimocuarto m\u00e1s seco desde el comienzo de la serie en 1961, y el s\u00e9ptimo del siglo XXI.<\/p>\n<p style=\"text-align: center;\"><img loading=\"lazy\" decoding=\"async\" class=\"alignnone size-large\" src=\"https:\/\/www.miteco.gob.es\/es\/prensa\/220609aemetestadodelclimaporcentajeprecipitacoininforemclima2021_tcm30-541257.jpg\" width=\"567\" height=\"368\" \/><\/p>\n<p style=\"text-align: center;\"><span style=\"color: #000000; font-size: 8pt;\">Porcentaje de precipitaci\u00f3n acumulada en 2021 respecto de la media del periodo 1981-2010<\/span><\/p>\n<p style=\"text-align: justify;\">Aunque en 2021 no se detectaron condiciones de sequ\u00eda meteorol\u00f3gica a largo plazo en el conjunto de Espa\u00f1a, los meses de octubre y noviembre iniciaron un per\u00edodo de escasez de precipitaciones que finalmente desemboc\u00f3 en sequ\u00eda meteorol\u00f3gica a finales del invierno 2021-2022.<\/p>\n<p style=\"text-align: justify;\">Un an\u00e1lisis detallado por grandes cuencas indica que todas ellas se encontraban en situaci\u00f3n de d\u00e9ficit de precipitaciones al t\u00e9rmino de diciembre de 2021 excepto en las del Tajo, J\u00facar y Segura, mientras que las del Sur y del Pirineo oriental entraban en situaci\u00f3n de sequ\u00eda meteorol\u00f3gica a 12 meses.<\/p>\n<p style=\"text-align: justify;\">Las horas de sol fueron en 2021 superiores al promedio normal en el oeste peninsular y Canarias; por el contrario, en la fachada mediterr\u00e1nea hubo menos insolaci\u00f3n que de costumbre. Este patr\u00f3n fue especialmente acusado durante la primavera, estaci\u00f3n que result\u00f3 m\u00e1s lluviosa de lo habitual en la fachada mediterr\u00e1nea, mientras que en las vertientes atl\u00e1ntica y cant\u00e1brica fue muy seca.<\/p>\n<p style=\"text-align: justify;\">La actividad el\u00e9ctrica fue en general escasa, quedando registrado como el segundo de la serie con menos descargas detectadas tanto en el \u00e1mbito de la Pen\u00ednsula y Baleares como en el de Canarias; adem\u00e1s, hubo r\u00e9cord de menor n\u00famero de descargas detectadas en julio y agosto.<\/p>\n<p style=\"text-align: justify;\"><img loading=\"lazy\" decoding=\"async\" class=\"alignnone size-large\" src=\"https:\/\/www.miteco.gob.es\/es\/prensa\/220609aemetestadodelclimadescargaselectricasinformeclima2021_tcm30-541253.jpg\" width=\"1300\" height=\"355\" \/><\/p>\n<p style=\"text-align: center;\"><span style=\"font-size: 8pt;\">N\u00famero total anual de descargas registradas en la zona de Pen\u00ednsula y Baleares (izquierda) y en la zona de Canarias (derecha)<\/span><\/p>\n<p style=\"text-align: justify;\"><strong>NEVADA Y OLA DE CALOR HIST\u00d3RICAS<\/strong><\/p>\n<p style=\"text-align: justify;\">En cuanto a los fen\u00f3menos adversos m\u00e1s significativos del a\u00f1o, destacan dos por su importante impacto social; el primero fue la borrasca Filomena que lleg\u00f3 precedida y se vio seguida por sendas olas de fr\u00edo. Las nevadas asociadas a dicha borrasca afectaron a buena parte del interior central y oriental peninsular y acumularon, entre el 8 y 10 de enero, espesores de nieve de 30 a 50 cm, resultando especialmente afectada el \u00e1rea metropolitana de Madrid. Las temperaturas m\u00ednimas m\u00e1s destacadas alcanzadas fueron los \u201326.5\u00b0C en Torremocha del Jiloca (Teruel) o los \u201325.2\u00b0C en Molina de Arag\u00f3n (Guadalajara).<\/p>\n<p style=\"text-align: justify;\">La ola de fr\u00edo posterior a la nevada dur\u00f3 8 d\u00edas (del 11 al 18 de enero), convirti\u00e9ndose en la segunda m\u00e1s larga del siglo XXI. Pese a lo destacado de las cifras y a la relevancia del evento, no se han podido constatar r\u00e9cords de d\u00edas fr\u00edos; este hecho contrasta con lo sucedido en a\u00f1os previos en los que s\u00ed se batieron marcas con eventos de menor relevancia hist\u00f3rica.<\/p>\n<p style=\"text-align: justify;\">En el otro extremo del espectro t\u00e9rmico, la ola de calor de mediados de agosto (del 11 al 16 en el entorno de la Pen\u00ednsula y Baleares y del 15 al 19 en Canarias) tuvo un car\u00e1cter extraordinario: fue la m\u00e1s intensa desde al menos 1975 y la tercera que mayor extensi\u00f3n geogr\u00e1fica abarc\u00f3, con 36 provincias afectadas. En su transcurso se lleg\u00f3 a 47\u00b0C en Alcantarilla (Murcia) y hasta 47.4\u00b0C en Montoro (C\u00f3rdoba), la temperatura m\u00e1s alta medida en Espa\u00f1a.<\/p>\n<p style=\"text-align: center;\"><img loading=\"lazy\" decoding=\"async\" class=\"size-large aligncenter\" src=\"https:\/\/www.miteco.gob.es\/es\/prensa\/220609aemetestadodelclimaepisodiosadversos2021_tcm30-541256.jpg\" width=\"997\" height=\"691\" \/><\/p>\n<p style=\"text-align: center;\"><span style=\"font-size: 8pt;\">Principales episodios de tiempo adverso y anomal\u00edas en la Espa\u00f1a peninsular y Canarias en 2021<\/span><\/p>\n<p style=\"text-align: justify;\">Durante 2021 hubo 9 nombramientos de borrascas con gran impacto. Esta cifra supone el menor n\u00famero desde la puesta en marcha del sistema de nombramientos sobre todo por la poca actividad durante el oto\u00f1o en el que tan solo se nombraron 2 borrascas.<\/p>\n<p style=\"text-align: justify;\"><strong>FENOLOG\u00cdA<\/strong><\/p>\n<p style=\"text-align: justify;\">Una de las novedades es la inclusi\u00f3n de un nuevo cap\u00edtulo dedicado a la fenolog\u00eda. Esta disciplina se encarga de estudiar los ciclos biol\u00f3gicos y su relaci\u00f3n con el tiempo y el clima. As\u00ed, en 2021 se vivi\u00f3 una floraci\u00f3n temprana de determinadas especies de inter\u00e9s como el almendro, como consecuencia de un febrero y marzo con temperaturas superiores a las normales. En relaci\u00f3n a la maduraci\u00f3n de los frutos, \u00e9sta se produjo, en t\u00e9rminos generales, en las fechas habituales, pero con algo de adelanto en determinadas especies &#8211; vid e higuera- en zonas del extremo norte por el car\u00e1cter muy c\u00e1lido de septiembre.<\/p>\n<p style=\"text-align: justify;\">Tras la presentaci\u00f3n de los ejes claves del estudio, la jornada continu\u00f3 con una ponencia titulada \u201c<em>Evoluci\u00f3n de la sequ\u00eda meteorol\u00f3gica en Espa\u00f1a en el \u00faltimo siglo<\/em>\u201d realizada por Yolanda Luna, Jefa de Departamento de Desarrollo y Aplicaciones de AEMET. El cierre corri\u00f3 a cargo del Miguel \u00c1ngel L\u00f3pez Gonz\u00e1lez, Presidente de la Agencia Estatal de Meteorolog\u00eda, que insisti\u00f3 en que el informe rubrica que uno de los aspectos cruciales del cambio clim\u00e1tico es su ritmo trepidante y la necesidad de actuar con rapidez en los cap\u00edtulos de mitigaci\u00f3n y de adaptaci\u00f3n.<\/p>\n<p style=\"text-align: justify;\">El resumen ejecutivo presentado sintetiza y anticipa los resultados m\u00e1s destacados del informe anual del estado del clima en Espa\u00f1a de 2021 que pr\u00f3ximamente estar\u00e1 disponible en la p\u00e1gina web de la Agencia Estatal de Meteorolog\u00eda. \u00c9ste contiene una descripci\u00f3n del estado del clima global y europeo. Detalla tambi\u00e9n el estado del clima en Espa\u00f1a y describe las caracter\u00edsticas fenol\u00f3gicas m\u00e1s destacadas del periodo. Finalmente, se analizan los patrones atmosf\u00e9ricos que dieron lugar a las variaciones clim\u00e1ticas y a los episodios de tiempo m\u00e1s notables registrados en Espa\u00f1a. Como en a\u00f1os anteriores, la publicaci\u00f3n pretende ser un referente y una gu\u00eda de apoyo para la consecuci\u00f3n de los objetivos previstos en el Plan Nacional de Adaptaci\u00f3n al Cambio Clim\u00e1tico.<\/p>\n<p style=\"text-align: center;\"><strong>\u00a0 <a href=\"http:\/\/www.aemet.es\/es\/conocermas\/recursos_en_linea\/publicaciones_y_estudios\/publicaciones\/detalles\/informe_estado_clima\" target=\"_blank\" rel=\"noopener\">&gt;&gt; Informe sobre el estado del clima de Espa\u00f1a en 2021 &lt;&lt;<\/a><\/strong><\/p>\n<p><span style=\"font-size: 10pt;\">Fuente: MITECO<\/span><\/p>\n","protected":false},"excerpt":{"rendered":"<p>El informe sobre el estado del clima en 2021 en Espa\u00f1a muestra un a\u00f1o marcado por fen\u00f3menos extremos: de Filomena a la ola de calor de agosto El secretario de Estado de<a class=\"moretag\" href=\"https:\/\/www.fbycc.org\/index.php\/2022\/06\/11\/informe-sobre-el-estado-del-clima-en-2021\/\">Leer m\u00e1s&#8230;<\/a><\/p>\n","protected":false},"author":2,"featured_media":0,"comment_status":"closed","ping_status":"open","sticky":false,"template":"","format":"standard","meta":{"_monsterinsights_skip_tracking":false,"_monsterinsights_sitenote_active":false,"_monsterinsights_sitenote_note":"","_monsterinsights_sitenote_category":0,"footnotes":""},"categories":[11],"tags":[140,139],"class_list":["post-2721","post","type-post","status-publish","format-standard","hentry","category-noticias","tag-aemet","tag-estado-del-clima"],"_links":{"self":[{"href":"https:\/\/www.fbycc.org\/index.php\/wp-json\/wp\/v2\/posts\/2721","targetHints":{"allow":["GET"]}}],"collection":[{"href":"https:\/\/www.fbycc.org\/index.php\/wp-json\/wp\/v2\/posts"}],"about":[{"href":"https:\/\/www.fbycc.org\/index.php\/wp-json\/wp\/v2\/types\/post"}],"author":[{"embeddable":true,"href":"https:\/\/www.fbycc.org\/index.php\/wp-json\/wp\/v2\/users\/2"}],"replies":[{"embeddable":true,"href":"https:\/\/www.fbycc.org\/index.php\/wp-json\/wp\/v2\/comments?post=2721"}],"version-history":[{"count":11,"href":"https:\/\/www.fbycc.org\/index.php\/wp-json\/wp\/v2\/posts\/2721\/revisions"}],"predecessor-version":[{"id":3091,"href":"https:\/\/www.fbycc.org\/index.php\/wp-json\/wp\/v2\/posts\/2721\/revisions\/3091"}],"wp:attachment":[{"href":"https:\/\/www.fbycc.org\/index.php\/wp-json\/wp\/v2\/media?parent=2721"}],"wp:term":[{"taxonomy":"category","embeddable":true,"href":"https:\/\/www.fbycc.org\/index.php\/wp-json\/wp\/v2\/categories?post=2721"},{"taxonomy":"post_tag","embeddable":true,"href":"https:\/\/www.fbycc.org\/index.php\/wp-json\/wp\/v2\/tags?post=2721"}],"curies":[{"name":"wp","href":"https:\/\/api.w.org\/{rel}","templated":true}]}}