{"id":2703,"date":"2022-04-25T17:38:02","date_gmt":"2022-04-25T17:38:02","guid":{"rendered":"https:\/\/www.fbycc.org\/?p=2703"},"modified":"2022-05-14T10:26:34","modified_gmt":"2022-05-14T10:26:34","slug":"la-fundacion-gomez-pintado-presenta-el-libro-construir-en-altura-con-madera","status":"publish","type":"post","link":"https:\/\/www.fbycc.org\/index.php\/2022\/04\/25\/la-fundacion-gomez-pintado-presenta-el-libro-construir-en-altura-con-madera\/","title":{"rendered":"La Fundaci\u00f3n G\u00f3mez-Pintado presenta el libro \u201cConstruir en altura con madera\u201d"},"content":{"rendered":"<p>&nbsp;<\/p>\n<p style=\"text-align: justify;\">La <a href=\"https:\/\/fundaciongomez-pintado.com\/\" target=\"_blank\" rel=\"noopener\">Fundaci\u00f3n G\u00f3mez-Pintado<\/a> ha presentado el libro <strong><em>\u201cConstruir en altura con madera\u201d<\/em><\/strong>, del arquitecto David Sebasti\u00e1n, en el Colegio Oficial de Aparejadores y Arquitectos T\u00e9cnicos de Madrid, ante un auditorio que ha reunido a un centenar de profesionales interesados en el uso de este material en la construcci\u00f3n.<\/p>\n<p style=\"text-align: center;\"><img loading=\"lazy\" decoding=\"async\" class=\"alignnone size-large wp-image-2704\" src=\"https:\/\/www.fbycc.org\/wp-content\/uploads\/2022\/04\/IMG_8173-1024x683.jpg\" alt=\"\" width=\"604\" height=\"403\" srcset=\"https:\/\/www.fbycc.org\/wp-content\/uploads\/2022\/04\/IMG_8173-1024x683.jpg 1024w, https:\/\/www.fbycc.org\/wp-content\/uploads\/2022\/04\/IMG_8173-300x200.jpg 300w, https:\/\/www.fbycc.org\/wp-content\/uploads\/2022\/04\/IMG_8173-768x512.jpg 768w, https:\/\/www.fbycc.org\/wp-content\/uploads\/2022\/04\/IMG_8173-1536x1024.jpg 1536w, https:\/\/www.fbycc.org\/wp-content\/uploads\/2022\/04\/IMG_8173-2048x1365.jpg 2048w\" sizes=\"auto, (max-width: 604px) 100vw, 604px\" \/><\/p>\n<p style=\"text-align: justify;\">El acto ha contado con la asistencia de Francisco Javier Mart\u00edn, director general de Vivienda y Suelo del Ministerio de Transportes, Movilidad y Agenda Urbana, Mar\u00eda Jos\u00e9 Piccio, directora general de Vivienda y Rehabilitaci\u00f3n de la Comunidad de Madrid, Jes\u00fas Pa\u00f1os, presidente del Colegio Oficial de Aparejadores y Arquitectos T\u00e9cnicos de Madrid y Alfredo Sanz, presidente del Consejo General de la Arquitectura T\u00e9cnica de Espa\u00f1a.<\/p>\n<p style=\"text-align: justify;\">La presentaci\u00f3n corri\u00f3 a cargo de la directora de la Fundaci\u00f3n G\u00f3mez \u2013 Pintado, Ana Elisa Rodr\u00edguez y el presidente del Foro de Bosques y Cambio Clim\u00e1tico, Germ\u00e1n Glar\u00eda, que dieron paso a una charla entre el presidente de la fundaci\u00f3n, Juan Antonio G\u00f3mez \u2013 Pintado y el arquitecto David Sebasti\u00e1n.<\/p>\n<p style=\"text-align: justify;\">David Sebasti\u00e1n, autor del libro, ha enumerado muchas de las ventajas del empleo de la madera en la construcci\u00f3n: \u201cel control de plazos y calidades, la trazabilidad desde la corta de la madera y su transformaci\u00f3n, hasta su puesta en obra, y sobre todo, su bajo impacto en la huella de carbono. En su opini\u00f3n, \u201cen unos a\u00f1os la edificabilidad se medir\u00e1 por par\u00e1metros medioambientales\u201d.<\/p>\n<p style=\"text-align: justify;\">Por su parte, Germ\u00e1n Glar\u00eda aludi\u00f3 a \u201c<em>la necesidad de que la construcci\u00f3n se convierta en un sumidero de carbono<\/em>\u201d.<\/p>\n<p style=\"text-align: justify;\">El presidente de la fundaci\u00f3n recalc\u00f3 que es prioritario \u201c<em>industrializar, ser m\u00e1s eficientes y dar soluciones sociales edificando con un menor impacto medioambiental<\/em>\u201d. A su juicio, \u201c<em>una de las misiones de la fundaci\u00f3n es eliminar la desinformaci\u00f3n que existe sobre falsos t\u00f3picos y mitos de la madera<\/em>\u201d.<\/p>\n<p style=\"text-align: justify;\">El libro tiene como objetivo mostrar las posibilidades t\u00e9cnicas y normativas del empleo de la madera en edificios de gran altura para hacer frente a la inminente densificaci\u00f3n de las ciudades de una manera sostenible. Analiza los principios b\u00e1sicos de la construcci\u00f3n en altura, los elementos estructurales horizontales-verticales, y muestra cinco torres significativas realizadas recientemente en Europa con este tipo de estructura:<\/p>\n<ol style=\"text-align: justify;\">\n<li>Torre Mj\u00f8st\u00e5rnet de Voll Arkitekter. Noruega (85 m).<\/li>\n<li>Torre HoHo de RLP Ru\u0308diger Lainer+Partners. Austria (84 m).<\/li>\n<li>Torre Haut de RLP Ru\u0308diger Lainer+Partners. Holanda (73 m).<\/li>\n<li>Torre de la Sara Kulturhus de White Arkitekter. Suecia (65 m).<\/li>\n<li>Torre Hyperion de Jean Paul Viguier &amp; Associ\u00e9s. Francia (55 m)<\/li>\n<\/ol>\n<p style=\"text-align: justify;\">El libro se puede adquirir en la Casa del Libro y en diferentes librer\u00edas especializadas del pa\u00eds.<\/p>\n<p style=\"text-align: center;\"><iframe loading=\"lazy\" title=\"Publicaci\u00f3n integrada\" src=\"https:\/\/www.linkedin.com\/embed\/feed\/update\/urn:li:ugcPost:6930544951684411392\" width=\"504\" height=\"804\" frameborder=\"0\" allowfullscreen=\"allowfullscreen\"><\/iframe><\/p>\n","protected":false},"excerpt":{"rendered":"<p>&nbsp; La Fundaci\u00f3n G\u00f3mez-Pintado ha presentado el libro \u201cConstruir en altura con madera\u201d, del arquitecto David Sebasti\u00e1n, en el Colegio Oficial de Aparejadores y Arquitectos T\u00e9cnicos de Madrid, ante un auditorio que<a class=\"moretag\" href=\"https:\/\/www.fbycc.org\/index.php\/2022\/04\/25\/la-fundacion-gomez-pintado-presenta-el-libro-construir-en-altura-con-madera\/\">Leer m\u00e1s&#8230;<\/a><\/p>\n","protected":false},"author":2,"featured_media":0,"comment_status":"closed","ping_status":"open","sticky":false,"template":"","format":"standard","meta":{"_monsterinsights_skip_tracking":false,"_monsterinsights_sitenote_active":false,"_monsterinsights_sitenote_note":"","_monsterinsights_sitenote_category":0,"footnotes":""},"categories":[11],"tags":[138,137,88],"class_list":["post-2703","post","type-post","status-publish","format-standard","hentry","category-noticias","tag-construir-en-altura-con-madera","tag-fundacion-gomez-pintado","tag-madera"],"_links":{"self":[{"href":"https:\/\/www.fbycc.org\/index.php\/wp-json\/wp\/v2\/posts\/2703","targetHints":{"allow":["GET"]}}],"collection":[{"href":"https:\/\/www.fbycc.org\/index.php\/wp-json\/wp\/v2\/posts"}],"about":[{"href":"https:\/\/www.fbycc.org\/index.php\/wp-json\/wp\/v2\/types\/post"}],"author":[{"embeddable":true,"href":"https:\/\/www.fbycc.org\/index.php\/wp-json\/wp\/v2\/users\/2"}],"replies":[{"embeddable":true,"href":"https:\/\/www.fbycc.org\/index.php\/wp-json\/wp\/v2\/comments?post=2703"}],"version-history":[{"count":8,"href":"https:\/\/www.fbycc.org\/index.php\/wp-json\/wp\/v2\/posts\/2703\/revisions"}],"predecessor-version":[{"id":2714,"href":"https:\/\/www.fbycc.org\/index.php\/wp-json\/wp\/v2\/posts\/2703\/revisions\/2714"}],"wp:attachment":[{"href":"https:\/\/www.fbycc.org\/index.php\/wp-json\/wp\/v2\/media?parent=2703"}],"wp:term":[{"taxonomy":"category","embeddable":true,"href":"https:\/\/www.fbycc.org\/index.php\/wp-json\/wp\/v2\/categories?post=2703"},{"taxonomy":"post_tag","embeddable":true,"href":"https:\/\/www.fbycc.org\/index.php\/wp-json\/wp\/v2\/tags?post=2703"}],"curies":[{"name":"wp","href":"https:\/\/api.w.org\/{rel}","templated":true}]}}