{"id":2685,"date":"2022-04-19T12:01:09","date_gmt":"2022-04-19T12:01:09","guid":{"rendered":"https:\/\/www.fbycc.org\/?p=2685"},"modified":"2022-04-24T17:46:39","modified_gmt":"2022-04-24T17:46:39","slug":"abierta-la-inscripcion-temprana-al-8o-congreso-forestal-espanol","status":"publish","type":"post","link":"https:\/\/www.fbycc.org\/index.php\/2022\/04\/19\/abierta-la-inscripcion-temprana-al-8o-congreso-forestal-espanol\/","title":{"rendered":"Abierta la inscripci\u00f3n temprana al 8\u00ba Congreso Forestal Espa\u00f1ol"},"content":{"rendered":"<p>&nbsp;<\/p>\n<p style=\"text-align: justify;\"><img loading=\"lazy\" decoding=\"async\" class=\"size-medium alignright\" src=\"https:\/\/8cfe.congresoforestal.es\/sites\/default\/files\/styles\/large\/public\/field\/image\/4circular_not.jpg?itok=9zXIPFv-\" width=\"480\" height=\"360\" \/>El Comit\u00e9 Organizador del 8\u00ba Congreso Forestal Espa\u00f1ol (CFE) acaba de lanzar la 4\u00aa Circular, en la que da cuenta, entre otros aspectos, de la\u00a0<a href=\"https:\/\/8cfe.congresoforestal.es\/es\/content\/tarifas\">apertura de la inscripci\u00f3n temprana<\/a>\u00a0para congresistas hasta el pr\u00f3ximo 30 de abril. Aunque la cita se ha retrasado un a\u00f1o m\u00e1s (deb\u00eda haberse celebrado en 2021) porque se quer\u00eda primar lo presencial frente a lo virtual, en esta edici\u00f3n se ha habilitado la f\u00f3rmula de participaci\u00f3n en l\u00ednea, para aquellos que no puedan acudir a Lleida del 27 de junio al 1 de julio pr\u00f3ximos.<\/p>\n<p style=\"text-align: justify;\">En esta circular tambi\u00e9n se ofrece un primer esbozo del\u00a0<a href=\"https:\/\/8cfe.congresoforestal.es\/es\/programa\">programa<\/a>\u00a0con la distribuci\u00f3n de las cerca de 600 comunicaciones cient\u00edficas en las siete\u00a0<a href=\"https:\/\/8cfe.congresoforestal.es\/es\/content\/mesas-tematicas\">mesas tem\u00e1ticas<\/a>\u00a0en las que se enmarcan los contenidos, para facilitar a las y los congresistas la planificaci\u00f3n de su asistencia al 8CFE. Otra de las actividades cuya planificaci\u00f3n ya est\u00e1 en marcha es la ronda de\u00a0<a href=\"https:\/\/8cfe.congresoforestal.es\/viajes-tecnicos\">viajes t\u00e9cnicos<\/a>\u00a0que se celebrar\u00e1 el 29 de junio, una primera aproximaci\u00f3n sobre la tem\u00e1tica y la zona en la que se llevar\u00e1n a cabo las 10 rutas programadas.<\/p>\n<p style=\"text-align: justify;\">Tambi\u00e9n se ha abierto un proceso participativo por el cual las diferentes entidades interesadas pueden ponerse en contacto con la organizaci\u00f3n del encuentro para proponer la celebraci\u00f3n de\u00a0<a href=\"https:\/\/8cfe.congresoforestal.es\/es\/content\/propuesta-de-taller-o-mesa-redonda\">talleres o mesas redondas<\/a>\u00a0que contribuyan a enriquecer el Congreso. Los talleres son espacios t\u00e9cnicos en los que se expondr\u00e1n buenas pr\u00e1cticas sobre un tema concreto, mientras que las mesas redondas est\u00e1n orientadas a establecer un espacio de discusi\u00f3n y debate por sus integrantes. Ambos modelos se programar\u00e1n en sesiones de dos horas.<\/p>\n<p style=\"text-align: justify;\">La Circular se complementa con otras informaciones relativas a diferentes f\u00f3rmulas de apoyo a la organizaci\u00f3n del 8CFE (mediante el patrocinio y la colaboraci\u00f3n), as\u00ed como la presentaci\u00f3n del servicio \u2018<a href=\"https:\/\/8cfe.congresoforestal.es\/es\/content\/8cfe-concilia-0\">8CFE Concilia<\/a>\u2019, adaptando la celebraci\u00f3n del encuentro a las necesidades de conciliaci\u00f3n de los y las asistentes al Congreso.<\/p>\n<p style=\"text-align: center;\"><a href=\"https:\/\/8cfe.congresoforestal.es\/\"><img loading=\"lazy\" decoding=\"async\" class=\"aligncenter wp-image-2697\" src=\"https:\/\/www.fbycc.org\/wp-content\/uploads\/2022\/04\/8CFE_lema-1024x321.jpg\" alt=\"\" width=\"1000\" height=\"313\" srcset=\"https:\/\/www.fbycc.org\/wp-content\/uploads\/2022\/04\/8CFE_lema-1024x321.jpg 1024w, https:\/\/www.fbycc.org\/wp-content\/uploads\/2022\/04\/8CFE_lema-300x94.jpg 300w, https:\/\/www.fbycc.org\/wp-content\/uploads\/2022\/04\/8CFE_lema-768x241.jpg 768w, https:\/\/www.fbycc.org\/wp-content\/uploads\/2022\/04\/8CFE_lema-1536x481.jpg 1536w, https:\/\/www.fbycc.org\/wp-content\/uploads\/2022\/04\/8CFE_lema.jpg 1900w\" sizes=\"auto, (max-width: 1000px) 100vw, 1000px\" \/><\/a><\/p>\n","protected":false},"excerpt":{"rendered":"<p>&nbsp; El Comit\u00e9 Organizador del 8\u00ba Congreso Forestal Espa\u00f1ol (CFE) acaba de lanzar la 4\u00aa Circular, en la que da cuenta, entre otros aspectos, de la\u00a0apertura de la inscripci\u00f3n temprana\u00a0para congresistas hasta<a class=\"moretag\" href=\"https:\/\/www.fbycc.org\/index.php\/2022\/04\/19\/abierta-la-inscripcion-temprana-al-8o-congreso-forestal-espanol\/\">Leer m\u00e1s&#8230;<\/a><\/p>\n","protected":false},"author":2,"featured_media":0,"comment_status":"closed","ping_status":"open","sticky":false,"template":"","format":"standard","meta":{"_monsterinsights_skip_tracking":false,"_monsterinsights_sitenote_active":false,"_monsterinsights_sitenote_note":"","_monsterinsights_sitenote_category":0,"footnotes":""},"categories":[11],"tags":[16,136],"class_list":["post-2685","post","type-post","status-publish","format-standard","hentry","category-noticias","tag-bosques","tag-congreso-forestal-espanol"],"_links":{"self":[{"href":"https:\/\/www.fbycc.org\/index.php\/wp-json\/wp\/v2\/posts\/2685","targetHints":{"allow":["GET"]}}],"collection":[{"href":"https:\/\/www.fbycc.org\/index.php\/wp-json\/wp\/v2\/posts"}],"about":[{"href":"https:\/\/www.fbycc.org\/index.php\/wp-json\/wp\/v2\/types\/post"}],"author":[{"embeddable":true,"href":"https:\/\/www.fbycc.org\/index.php\/wp-json\/wp\/v2\/users\/2"}],"replies":[{"embeddable":true,"href":"https:\/\/www.fbycc.org\/index.php\/wp-json\/wp\/v2\/comments?post=2685"}],"version-history":[{"count":8,"href":"https:\/\/www.fbycc.org\/index.php\/wp-json\/wp\/v2\/posts\/2685\/revisions"}],"predecessor-version":[{"id":2698,"href":"https:\/\/www.fbycc.org\/index.php\/wp-json\/wp\/v2\/posts\/2685\/revisions\/2698"}],"wp:attachment":[{"href":"https:\/\/www.fbycc.org\/index.php\/wp-json\/wp\/v2\/media?parent=2685"}],"wp:term":[{"taxonomy":"category","embeddable":true,"href":"https:\/\/www.fbycc.org\/index.php\/wp-json\/wp\/v2\/categories?post=2685"},{"taxonomy":"post_tag","embeddable":true,"href":"https:\/\/www.fbycc.org\/index.php\/wp-json\/wp\/v2\/tags?post=2685"}],"curies":[{"name":"wp","href":"https:\/\/api.w.org\/{rel}","templated":true}]}}