{"id":2592,"date":"2022-04-07T15:11:40","date_gmt":"2022-04-07T15:11:40","guid":{"rendered":"https:\/\/www.fbycc.org\/?p=2592"},"modified":"2022-04-08T18:29:07","modified_gmt":"2022-04-08T18:29:07","slug":"el-ipcc-publica-el-6o-informe-de-evaluacion-sobre-mitigacion","status":"publish","type":"post","link":"https:\/\/www.fbycc.org\/index.php\/2022\/04\/07\/el-ipcc-publica-el-6o-informe-de-evaluacion-sobre-mitigacion\/","title":{"rendered":"EL IPCC PUBLICA EL 6\u00ba INFORME DE EVALUACI\u00d3N SOBRE MITIGACI\u00d3N"},"content":{"rendered":"<p>&nbsp;<\/p>\n<p style=\"text-align: justify;\">El pasado lunes 4 de abril de 2022, el Grupo Intergubernamental de Expertos sobre el Cambio Clim\u00e1tico (IPCC) present\u00f3 la tercera entrega de su Sexto Informe de Evaluaci\u00f3n: <strong>\u00abCambio clim\u00e1tico 2022: mitigaci\u00f3n\u00bb<\/strong>.<\/p>\n<p style=\"text-align: center;\"><iframe loading=\"lazy\" src=\"\/\/www.youtube.com\/embed\/STFoSxqFQXU\" width=\"560\" height=\"314\" allowfullscreen=\"allowfullscreen\"><\/iframe><\/p>\n<p style=\"text-align: left;\">El documento se aprob\u00f3 con el apoyo de 195 pa\u00edses, y en \u00e9l se alerta del continuo crecimiento de las emisiones de gases de efecto invernadero durante la d\u00e9cada 2010-2019, de forma que las emisiones medias anuales durante este periodo han sido las m\u00e1s elevadas registradas hasta la fecha.<\/p>\n<p style=\"text-align: justify;\">El citado Sexto Informe se ha estructurado en diferentes entregas:<\/p>\n<ul style=\"text-align: justify;\">\n<li>la primera entrega (agosto 2021), se centr\u00f3 en las <strong>bases f\u00edsicas del calentamiento<\/strong> y concluy\u00f3 que la aceleraci\u00f3n del cambio clim\u00e1tico es responsabilidad de la acci\u00f3n humana, <a href=\"https:\/\/www.ipcc.ch\/report\/ar6\/wg1\/\">AR6 Climate Change 2021<\/a><\/li>\n<li>la segunda entrega (febrero 2022), <strong>impactos, adaptaci\u00f3n y vulnerabilidad<\/strong>, destac\u00f3 que el alcance y magnitud de la crisis clim\u00e1tica es mayor de lo estimado hasta el momento, <a href=\"https:\/\/www.ipcc.ch\/report\/sixth-assessment-report-working-group-ii\/\">Climate Change 2022: Impacts, Adaptation and Vulnerability<\/a><\/li>\n<li>Esta tercera y \u00faltima entrega, tal como se plasma en el informe aprobado el lunes 4 de abril, se centra en las <strong>medidas de mitigaci\u00f3n necesarias<\/strong> para mantener el calentamiento global dentro unos l\u00edmites seguros. <a href=\"https:\/\/www.ipcc.ch\/report\/sixth-assessment-report-working-group-3\/\">Climate Change 2022: Mitigation of Climate Change<\/a><\/li>\n<\/ul>\n<p style=\"text-align: justify;\">Seg\u00fan revela el Informe, el elevado aumento de emisiones pone en peligro el cumplimiento de los objetivos establecidos en el Acuerdo de Par\u00eds, donde se fij\u00f3 un incremento m\u00e1ximo en la temperatura a nivel mundial de 1,5\u00baC o sustancialmente inferior a 2\u00baC.<\/p>\n<p style=\"text-align: justify;\"><strong>MEDIDAS DE MITIGACI\u00d3N PLANTEADAS<\/strong><\/p>\n<p style=\"text-align: justify;\">Para alcanzar el cumplimiento de los l\u00edmites de temperatura del Acuerdo de Par\u00eds se necesita una acci\u00f3n urgente y ambiciosa a todas las escalas, adem\u00e1s de una profunda transformaci\u00f3n social e industrial hacia un desarrollo con bajas emisiones de gases de efecto invernadero.<\/p>\n<p style=\"text-align: justify;\">Seg\u00fan concluye el nuevo informe, limitar el calentamiento global a 1,5\u00baC es casi inevitable, pero se podr\u00eda reducir por debajo del nivel cr\u00edtico hacia finales de este siglo. Para ello, se requiere que las emisiones mundiales de gases de efecto invernadero alcancen el pico antes de 2025 para que luego se reduzcan en un 43% antes de 2030 y hasta el 84% en 2050. Para cumplir con esta meta se estima que el uso global de carb\u00f3n, petr\u00f3leo y gas tendr\u00e1 que haberse reducido un 100%, un 60% y un 70%, respectivamente, en comparaci\u00f3n con 2019.<\/p>\n<p style=\"text-align: justify;\">Dentro de un contexto de desarrollo sostenible, se contemplan medidas de mitigaci\u00f3n de emisiones en todos los sectores: sistemas energ\u00e9ticos y urbanos, agricultura, selvicultura, uso del suelo, edificios, transporte, industria, aspectos sociales, patrones de consumo, etc. Se menciona tambi\u00e9n la relaci\u00f3n entre las v\u00edas de emisi\u00f3n y los esfuerzos de mitigaci\u00f3n durante los \u00faltimos a\u00f1os, y hace referencia a los compromisos nacionales en los objetivos a largo plazo.<\/p>\n<p style=\"text-align: justify;\">A la luz de la publicaci\u00f3n del informe, la vicepresidenta y ministra para la Transici\u00f3n Ecol\u00f3gica y el Reto Demogr\u00e1fico, Teresa Ribera ha indicado que \u201c<em>estamos en una d\u00e9cada cr\u00edtica para la lucha contra el cambio clim\u00e1tico y no tenemos tiempo para dudar. Conocemos la fragilidad de la profunda dependencia de los combustibles f\u00f3siles, los injustos efectos negativos del cambio clim\u00e1tico y la subida de los precios de la energ\u00eda<\/em>\u201d.<\/p>\n<p style=\"text-align: justify;\">As\u00ed, la limitaci\u00f3n del calentamiento global exige importantes transiciones del sector energ\u00e9tico, siendo la alternativa m\u00e1s clara el uso de energ\u00edas renovables con una reducci\u00f3n sustancial del uso de combustibles f\u00f3siles, una electrificaci\u00f3n generalizada, mayor eficiencia energ\u00e9tica y uso de combustibles alternativos. Seg\u00fan indica el Secretario General de la ONU, Ant\u00f3nio Guterres, \u201c<em>es hora de que dejemos de quemar nuestro planeta y empecemos a invertir en las renovables<\/em>\u201d. Adem\u00e1s, se se\u00f1ala que la eliminaci\u00f3n de las ayudas p\u00fablicas a estos combustibles, como las que est\u00e1n aprobando los gobiernos para contrarrestar la subida de los precios de la gasolina por la guerra de Ucrania, lograr\u00eda por s\u00ed sola una reducci\u00f3n del 10% de las emisiones mundiales para 2030.<\/p>\n<p style=\"text-align: justify;\">En el informe tambi\u00e9n se destaca el potencial que tiene la reforestaci\u00f3n para impulsar los sumideros cuando se implementan de forma sostenible, pero se advierte: \u201c<em>no pueden compensar completamente el retraso en la acci\u00f3n en otros sectores<\/em>\u201d. Los expertos se refieren aqu\u00ed al riesgo de que se quiera luchar contra el cambio clim\u00e1tico solo con acciones de reforestaci\u00f3n sin recortes brutos de las emisiones.<\/p>\n<p style=\"text-align: justify;\">En cifras, el sector AFOLU (agricultura, selvicultura y otros usos de la tierra), represent\u00f3 entre el 13 y el 21% del total de las emisiones de GEI en el periodo 2010-2019. Al mismo tiempo, los ecosistemas terrestres naturales y gestionados fueron un sumidero de carbono, absorbiendo alrededor de un tercio de las emisiones. Seg\u00fan se indica en el informe, este sector ofrece un importante potencial de mitigaci\u00f3n a corto plazo a un coste relativamente bajo y puede proporcionar un 20-30% de la reducci\u00f3n de emisiones en 2050. Por tanto, se necesitan urgentemente intervenciones pol\u00edticas efectivas y planes nacionales de inversi\u00f3n orientados hacia una reorientaci\u00f3n gradual de las actuales subvenciones a la agricultura y la selvicultura.<\/p>\n<p style=\"text-align: justify;\">Por otro lado, en el informe se desarrollan medidas de mitigaci\u00f3n que tienen que ver con el uso de la innovaci\u00f3n, desarrollo y transferencia de la tecnolog\u00eda, y la utilizaci\u00f3n de t\u00e9cnicas de eliminaci\u00f3n de di\u00f3xido de carbono de la atm\u00f3sfera, evaluando los riesgos asociados.<\/p>\n<p style=\"text-align: justify;\">De vital importancia son tambi\u00e9n otras medidas que se abordan en relaci\u00f3n a instituciones y pol\u00edticas, cooperaci\u00f3n internacional y financiaci\u00f3n. En este sentido, los pa\u00edses menos desarrollados defienden que no est\u00e1n preparados para realizar los cambios necesarios y que necesitan ayuda financiera de las naciones m\u00e1s ricas para reducir las emisiones y ayudarles a adaptarse a los impactos de la crisis clim\u00e1tica. Madeleine Diouf Sarr, presidenta del grupo de pa\u00edses menos desarrollados en las conversaciones de la ONU sobre el clima, dijo: \u201c<em>Los pa\u00edses menos desarrollados s\u00f3lo contribuyen a una peque\u00f1a fracci\u00f3n de las emisiones mundiales, y sin embargo son los que m\u00e1s sufren los impactos clim\u00e1ticos. Nuestras posibilidades de lograr un desarrollo sostenible se ven fundamentalmente socavadas por la inacci\u00f3n de los grandes emisores. Esto debe cambiar<\/em>\u201d.<\/p>\n<p style=\"text-align: justify;\"><strong>PRINCIPALES CONCLUSIONES<\/strong><\/p>\n<p style=\"text-align: justify;\">Las conclusiones principales que se reflejan en el informe son:<\/p>\n<ul style=\"list-style-type: square;\">\n<li style=\"text-align: justify;\">El uso del carb\u00f3n debe ser eliminado de forma efectiva para cumplir la meta de los 1,5\u00baC, pero las nuevas infraestructuras de combustibles f\u00f3siles previstas actualmente no cumplir\u00edan este objetivo.<\/li>\n<li>Las emisiones de metano deben reducirse en un tercio.<\/li>\n<li>Se hace muy necesaria la conservaci\u00f3n de suelos y la gesti\u00f3n forestal sostenible, pero la reforestaci\u00f3n por s\u00ed misma no es suficiente para compensar las emisiones que producen los combustibles f\u00f3siles.<\/li>\n<li>La inversi\u00f3n en el cambio hacia un mundo con bajas emisiones de carbono es seis veces menor de lo que deber\u00eda ser.<\/li>\n<li>Todos los sectores de la econom\u00eda mundial, desde la energ\u00eda y el transporte hasta los edificios y la alimentaci\u00f3n, deben cambiar dr\u00e1stica y r\u00e1pidamente, y se necesitar\u00e1n nuevas tecnolog\u00edas, como el combustible de hidr\u00f3geno y la captura y el almacenamiento de carbono.<\/li>\n<\/ul>\n<p style=\"text-align: justify;\"><strong>ENLACES DE INTER\u00c9S<\/strong><\/p>\n<ul>\n<li style=\"text-align: justify;\"><a href=\"https:\/\/www.ipcc.ch\/site\/assets\/uploads\/2022\/04\/AR6_Factsheet_April_2022.pdf\">Sixth Assessment Report factsheet<\/a><\/li>\n<li style=\"text-align: justify;\"><a href=\"https:\/\/www.ipcc.ch\/report\/ar6\/wg3\/\">Sixth Assesment Report<\/a><\/li>\n<li style=\"text-align: justify;\"><a href=\"https:\/\/report.ipcc.ch\/ar6wg3\/pdf\/IPCC_AR6_WGIII_SummaryForPolicymakers.pdf\">Summary for Policymakers<\/a> (approved version)<\/li>\n<li style=\"text-align: justify;\"><a href=\"https:\/\/report.ipcc.ch\/ar6wg3\/pdf\/IPCC_AR6_WGIII_FinalDraft_TechnicalSummary.pdf\">Technical Summary<\/a><\/li>\n<li style=\"text-align: justify;\"><a href=\"https:\/\/report.ipcc.ch\/ar6wg3\/pdf\/IPCC_AR6_WGIII_FinalDraft_FullReport.pdf\">Full Report<\/a><\/li>\n<li style=\"text-align: justify;\"><a href=\"https:\/\/www.ipcc.ch\/report\/ar6\/wg3\/about\/frequently-asked-questions\">Frequently Asked Questions<\/a><\/li>\n<li style=\"text-align: justify;\"><a href=\"https:\/\/www.ipcc.ch\/report\/ar6\/wg3\/resources\/spm-headline-statements\">Headline Statements<\/a><\/li>\n<li style=\"text-align: justify;\"><a href=\"https:\/\/report.ipcc.ch\/ar6wg3\/pdf\/IPCC_AR6_WGIII_PressConferenceSlides.pdf\">Press Conference Slides<\/a><\/li>\n<\/ul>\n<p>&nbsp;<\/p>\n","protected":false},"excerpt":{"rendered":"<p>&nbsp; El pasado lunes 4 de abril de 2022, el Grupo Intergubernamental de Expertos sobre el Cambio Clim\u00e1tico (IPCC) present\u00f3 la tercera entrega de su Sexto Informe de Evaluaci\u00f3n: \u00abCambio clim\u00e1tico 2022:<a class=\"moretag\" href=\"https:\/\/www.fbycc.org\/index.php\/2022\/04\/07\/el-ipcc-publica-el-6o-informe-de-evaluacion-sobre-mitigacion\/\">Leer m\u00e1s&#8230;<\/a><\/p>\n","protected":false},"author":2,"featured_media":0,"comment_status":"closed","ping_status":"open","sticky":false,"template":"","format":"standard","meta":{"_monsterinsights_skip_tracking":false,"_monsterinsights_sitenote_active":false,"_monsterinsights_sitenote_note":"","_monsterinsights_sitenote_category":0,"footnotes":""},"categories":[11],"tags":[124,17,114,132,29],"class_list":["post-2592","post","type-post","status-publish","format-standard","hentry","category-noticias","tag-afolu","tag-cambio-climatico","tag-ipcc","tag-mitigacion","tag-reduccion-de-emisiones"],"_links":{"self":[{"href":"https:\/\/www.fbycc.org\/index.php\/wp-json\/wp\/v2\/posts\/2592","targetHints":{"allow":["GET"]}}],"collection":[{"href":"https:\/\/www.fbycc.org\/index.php\/wp-json\/wp\/v2\/posts"}],"about":[{"href":"https:\/\/www.fbycc.org\/index.php\/wp-json\/wp\/v2\/types\/post"}],"author":[{"embeddable":true,"href":"https:\/\/www.fbycc.org\/index.php\/wp-json\/wp\/v2\/users\/2"}],"replies":[{"embeddable":true,"href":"https:\/\/www.fbycc.org\/index.php\/wp-json\/wp\/v2\/comments?post=2592"}],"version-history":[{"count":19,"href":"https:\/\/www.fbycc.org\/index.php\/wp-json\/wp\/v2\/posts\/2592\/revisions"}],"predecessor-version":[{"id":2639,"href":"https:\/\/www.fbycc.org\/index.php\/wp-json\/wp\/v2\/posts\/2592\/revisions\/2639"}],"wp:attachment":[{"href":"https:\/\/www.fbycc.org\/index.php\/wp-json\/wp\/v2\/media?parent=2592"}],"wp:term":[{"taxonomy":"category","embeddable":true,"href":"https:\/\/www.fbycc.org\/index.php\/wp-json\/wp\/v2\/categories?post=2592"},{"taxonomy":"post_tag","embeddable":true,"href":"https:\/\/www.fbycc.org\/index.php\/wp-json\/wp\/v2\/tags?post=2592"}],"curies":[{"name":"wp","href":"https:\/\/api.w.org\/{rel}","templated":true}]}}