{"id":2570,"date":"2022-04-05T14:03:37","date_gmt":"2022-04-05T14:03:37","guid":{"rendered":"https:\/\/www.fbycc.org\/?p=2570"},"modified":"2022-04-05T14:03:37","modified_gmt":"2022-04-05T14:03:37","slug":"el-senado-aprueba-medidas-de-apoyo-a-zonas-forestales","status":"publish","type":"post","link":"https:\/\/www.fbycc.org\/index.php\/2022\/04\/05\/el-senado-aprueba-medidas-de-apoyo-a-zonas-forestales\/","title":{"rendered":"El Senado aprueba medidas de apoyo a zonas forestales"},"content":{"rendered":"<p>&nbsp;<\/p>\n<p style=\"text-align: justify;\">Entre dichas medidas, se estudiar\u00e1 el establecimiento de ayudas econ\u00f3micas para los propietarios de bosques que cuenten con especies que absorben carbono. La iniciativa, que fue presentada por el Grupo Parlamentario Socialista, fue aprobada en la Comisi\u00f3n de Despoblaci\u00f3n y Reto Demogr\u00e1fico del Senado, en su sesi\u00f3n celebrada el d\u00eda 29 de marzo de 2022, habi\u00e9ndose aprobado con el apoyo mayoritario de los grupos pol\u00edticos, a excepci\u00f3n de VOX, que opt\u00f3 por la abstenci\u00f3n.<\/p>\n<p style=\"text-align: justify;\">El objetivo que se pretende es instar al Gobierno a poner en marcha, en coordinaci\u00f3n con las Comunidades Aut\u00f3nomas, medidas de apoyo a las zonas forestales que permitan impulsar su funci\u00f3n en la lucha contra el cambio clim\u00e1tico y contra la despoblaci\u00f3n. Entre las medidas a estudiar, se contempla la puesta en marcha de ayudas econ\u00f3micas a los propietarios forestales para incentivar la gesti\u00f3n sostenible, enfocado a los bosques con especies que absorben carbono.<\/p>\n<p style=\"text-align: justify;\">En la actualidad, la superficie forestal arbolada ocupa m\u00e1s de un tercio de nuestro territorio, lo que supone la compensaci\u00f3n de un 20% de emisiones de CO2. Teniendo en cuenta que la UE establece que para 2030, se deben reducir las emisiones un 40% por debajo de los niveles de 1990, tal como defiende M.M. Arn\u00e1iz Garc\u00eda, del Grupo Parlamentario Socialista e impulsor de la moci\u00f3n, es necesario considerar la captaci\u00f3n de CO2 como un aprovechamiento forestal m\u00e1s, como ya se hace en Portugal.<\/p>\n<p style=\"text-align: justify;\">Seg\u00fan Arn\u00e1iz, las principales amenazas para nuestros bosques son el abandono rural, la falta de gesti\u00f3n forestal y el cambio clim\u00e1tico, lo que conlleva la p\u00e9rdida de gesti\u00f3n del territorio, de biodiversidad, de cultura tradicional y de posibilidades de desarrollo para nuestro pa\u00eds. Por otro lado, resalta su principal fortaleza, como sumidero de carbono y ayuda en la lucha contra el cambio clim\u00e1tico.<\/p>\n<p style=\"text-align: justify;\">Tambi\u00e9n ha destacado el Plan de Recuperaci\u00f3n, Transformaci\u00f3n y Resiliencia aprobado por el Gobierno, el cual apuesta por la gesti\u00f3n forestal sostenible como impulsor de la transici\u00f3n ecol\u00f3gica, y su vinculaci\u00f3n directa en la lucha contra la despoblaci\u00f3n rural: \u201cUna mayor inversi\u00f3n en las zonas forestales supone la creaci\u00f3n de un importante n\u00famero de empleos directos en \u00e1reas especialmente sensibles\u201d.<\/p>\n<p style=\"text-align: justify;\">En su intervenci\u00f3n del turno de portavoces, J.C. Medina Mart\u00ednez, del Grupo Parlamentario Vasco ha indicado que \u201cen los \u00faltimos a\u00f1os existe un claro aumento de espacios arb\u00f3reos debido a una falta de silvicultura y de ganader\u00eda extensiva, que a su vez provoca matorralizaci\u00f3n y riesgo de incendios\u201d. En la parte positiva, indica Medina, est\u00e1 el gran potencial como sumidero en la lucha contra el cambio clim\u00e1tico, e incide en la necesidad de gestionar, mantener y cuidar los espacios forestales que ya tenemos.<\/p>\n<p style=\"text-align: justify;\">Por su parte, el senador L.R. Rodr\u00edguez Comendador, del Grupo Parlamentario Popular, ha resaltado la importancia creciente que tienen los bosques en cuanto a bienes y servicios \u201ctales como protecci\u00f3n del suelo, el ciclo hidrol\u00f3gico, la fijaci\u00f3n de CO2 y la biodiversidad\u201d. Ha se\u00f1alado tambi\u00e9n estar \u201ca favor del impulso de que se articulen medidas de apoyo a las zonas rurales y zonas de bosques de nuestro pa\u00eds\u201d as\u00ed como \u201cque se invierta de forma permanente para hacer que se asiente la poblaci\u00f3n\u201d.<\/p>\n<p style=\"text-align: justify;\">El senador por Soria, del Grupo Parlamentario Socialista, L.A. Rey de las Heras, ha se\u00f1alado como ejemplo de gesti\u00f3n forestal sostenible, adem\u00e1s del motivo de promover esta moci\u00f3n, la Comarca de Pinares de Soria y Burgos. Seg\u00fan Rey, \u201cse trata de una zona tradicionalmente ligada a la gesti\u00f3n forestal vinculada a la industria de la madera y el mueble, adem\u00e1s de otros aprovechamientos, como el micol\u00f3gico, que en los \u00faltimos a\u00f1os ha sufrido un gran declive debido a la desaparici\u00f3n de la industria del mueble y la despoblaci\u00f3n\u201d. De aqu\u00ed surgen los dos principales objetivos de la moci\u00f3n: combatir el cambio clim\u00e1tico y la despoblaci\u00f3n.<\/p>\n<p style=\"text-align: justify;\">Por \u00faltimo, a\u00f1ade, Rey de las Heras, \u201ccon esta moci\u00f3n solo pretendemos animar al Gobierno de Espa\u00f1a para que, coordinadamente con las CCAA, impulse medidas en apoyo de las zonas forestales, y en concreto estudie esos incentivos para combatir el cambio clim\u00e1tico y la despoblaci\u00f3n\u201d.<\/p>\n<p><a href=\"https:\/\/www.senado.es\/web\/actividadparlamentaria\/iniciativas\/detalleiniciativa\/index.html?legis=14&amp;id1=661&amp;id2=000638\" target=\"_blank\" rel=\"noopener\">&gt;&gt; Moci\u00f3n por la que se insta al Gobierno a poner en marcha medidas de apoyo a las zonas forestales que permitan impulsar su funci\u00f3n en la lucha contra el cambio clim\u00e1tico y la despoblaci\u00f3n. XIV Legislatura<\/a><\/p>\n<p><a href=\"https:\/\/www.senado.es\/web\/actividadparlamentaria\/actualidad\/video\/index.html?s=14_S011023_023_01&amp;a=229864&amp;t=1#\" target=\"_blank\" rel=\"noopener\">&gt;&gt; Comisi\u00f3n de Despoblaci\u00f3n y Reto Demogr\u00e1fico. Sesi\u00f3n n\u00famero 12 &#8211; martes, 29 de marzo de 2022<\/a><\/p>\n","protected":false},"excerpt":{"rendered":"<p>&nbsp; Entre dichas medidas, se estudiar\u00e1 el establecimiento de ayudas econ\u00f3micas para los propietarios de bosques que cuenten con especies que absorben carbono. La iniciativa, que fue presentada por el Grupo Parlamentario<a class=\"moretag\" href=\"https:\/\/www.fbycc.org\/index.php\/2022\/04\/05\/el-senado-aprueba-medidas-de-apoyo-a-zonas-forestales\/\">Leer m\u00e1s&#8230;<\/a><\/p>\n","protected":false},"author":2,"featured_media":0,"comment_status":"closed","ping_status":"open","sticky":false,"template":"","format":"standard","meta":{"_monsterinsights_skip_tracking":false,"_monsterinsights_sitenote_active":false,"_monsterinsights_sitenote_note":"","_monsterinsights_sitenote_category":0,"footnotes":""},"categories":[11],"tags":[131,17,130],"class_list":["post-2570","post","type-post","status-publish","format-standard","hentry","category-noticias","tag-ayudas","tag-cambio-climatico","tag-senado"],"_links":{"self":[{"href":"https:\/\/www.fbycc.org\/index.php\/wp-json\/wp\/v2\/posts\/2570","targetHints":{"allow":["GET"]}}],"collection":[{"href":"https:\/\/www.fbycc.org\/index.php\/wp-json\/wp\/v2\/posts"}],"about":[{"href":"https:\/\/www.fbycc.org\/index.php\/wp-json\/wp\/v2\/types\/post"}],"author":[{"embeddable":true,"href":"https:\/\/www.fbycc.org\/index.php\/wp-json\/wp\/v2\/users\/2"}],"replies":[{"embeddable":true,"href":"https:\/\/www.fbycc.org\/index.php\/wp-json\/wp\/v2\/comments?post=2570"}],"version-history":[{"count":7,"href":"https:\/\/www.fbycc.org\/index.php\/wp-json\/wp\/v2\/posts\/2570\/revisions"}],"predecessor-version":[{"id":2579,"href":"https:\/\/www.fbycc.org\/index.php\/wp-json\/wp\/v2\/posts\/2570\/revisions\/2579"}],"wp:attachment":[{"href":"https:\/\/www.fbycc.org\/index.php\/wp-json\/wp\/v2\/media?parent=2570"}],"wp:term":[{"taxonomy":"category","embeddable":true,"href":"https:\/\/www.fbycc.org\/index.php\/wp-json\/wp\/v2\/categories?post=2570"},{"taxonomy":"post_tag","embeddable":true,"href":"https:\/\/www.fbycc.org\/index.php\/wp-json\/wp\/v2\/tags?post=2570"}],"curies":[{"name":"wp","href":"https:\/\/api.w.org\/{rel}","templated":true}]}}