{"id":2567,"date":"2022-03-24T15:34:04","date_gmt":"2022-03-24T15:34:04","guid":{"rendered":"https:\/\/www.fbycc.org\/?p=2567"},"modified":"2022-04-08T18:31:06","modified_gmt":"2022-04-08T18:31:06","slug":"teresa-ribera-la-bioeconomia-es-un-claro-elemento-de-cohesion-territorial","status":"publish","type":"post","link":"https:\/\/www.fbycc.org\/index.php\/2022\/03\/24\/teresa-ribera-la-bioeconomia-es-un-claro-elemento-de-cohesion-territorial\/","title":{"rendered":"Teresa Ribera: \u201cLa bioeconom\u00eda es un claro elemento de cohesi\u00f3n territorial\u201d"},"content":{"rendered":"<p style=\"text-align: justify;\">La vicepresidenta y ministra para la Transici\u00f3n Ecol\u00f3gica y el Reto Demogr\u00e1fico, Teresa Ribera, ha destacado con motivo del D\u00eda Internacional de los Bosques el valor de nuestra principal \u201cinfraestructura ecol\u00f3gica\u201d y la importancia de gestionarla correctamente. \u201cEn los bosques podemos encontrar las mejores respuestas a la hora de fijar suelo, evitar desertificaci\u00f3n, general resiliencia frente a los efectos del cambio clim\u00e1tico, favorecer la biodiversidad\u201d, ha manifestado la vicepresidenta a trav\u00e9s de un v\u00eddeo durante la jornada \u2018Bioeconom\u00eda y emprendimiento\u2019, organizada por el Ministerio en el Parador de La Granja (Real Sitio de San Ildefonso, Segovia).<\/p>\n<p style=\"text-align: justify;\">\u201cEspa\u00f1a cuenta con un gran potencial forestal insuficientemente aprovechado\u201d, ha se\u00f1alado Ribera en alusi\u00f3n al lema que Naciones Unidas ha elegido para este a\u00f1o, \u201cBosques: producci\u00f3n y consumo sostenibles\u201d. Asimismo, ha insistido en la necesidad de apostar por una gesti\u00f3n que respete al m\u00e1ximo los ecosistemas y las especies aut\u00f3ctonas, as\u00ed como a las personas que viven en esos entornos. \u201cLa gesti\u00f3n forestal es fundamental para abordar el doble desaf\u00edo que supone la transici\u00f3n ecol\u00f3gica y el reto demogr\u00e1fico: una asociaci\u00f3n de mutuo beneficio\u201d. En este sentido, \u201cla bioeconom\u00eda es un claro elemento de cohesi\u00f3n territorial\u201d.<\/p>\n<p style=\"text-align: justify;\">Los espacios forestales ocupan m\u00e1s de la mitad de la superficie de nuestro pa\u00eds (un 55%, seg\u00fan el Inventario Forestal Nacional), y la superficie forestal arbolada supera los 185.000 km2, extendi\u00e9ndose por m\u00e1s de un tercio de nuestro territorio. \u201cYa no es suficiente con proteger y conservar nuestros ecosistemas, especialmente los forestales. Tambi\u00e9n es necesario restaurar, con pol\u00edticas de mitigaci\u00f3n y adaptaci\u00f3n a los efectos del cambio clim\u00e1tico\u201d, ha advertido la vicepresidenta.<\/p>\n<p style=\"text-align: justify;\"><strong>INVERSIONES EN CONSERVACI\u00d3N Y RESTAURACI\u00d3N DE ECOSISTEMAS<\/strong><\/p>\n<p style=\"text-align: justify;\">Teresa Ribera ha recordado que la \u201cConservaci\u00f3n y restauraci\u00f3n de ecosistemas y su biodiversidad\u201d constituye el objetivo del Componente 4 del Plan de Recuperaci\u00f3n, Transformaci\u00f3n y Resiliencia (PRTR) y contempla una inversi\u00f3n de 1.642 millones de euros.<\/p>\n<p style=\"text-align: justify;\">En 2021, a trav\u00e9s de las Conferencias Sectoriales de Medio Ambiente (agosto y diciembre), ya se transfiri\u00f3 a las comunidades aut\u00f3nomas 462 M\u20ac para protecci\u00f3n y conservaci\u00f3n de biodiversidad, restauraci\u00f3n de ecosistemas e infraestructuras verdes, y el desarrollo de una gesti\u00f3n forestal sostenible.<\/p>\n<p style=\"text-align: justify;\">La vicepresidenta tambi\u00e9n ha destacado el compromiso del Gobierno, reflejado en los Presupuestos Generales del Estado para 2022, que incorporan 343 millones de inversi\u00f3n para los cuatro programas de inversi\u00f3n del PRTR en esta materia.<\/p>\n<p style=\"text-align: justify;\"><strong>AYUDAS DEL PROGRAMA DE BIOECONOM\u00cdA Y GESTI\u00d3N FORESTAL<\/strong><\/p>\n<p style=\"text-align: justify;\">La vicepresidenta ha anunciado pr\u00f3ximas convocatorias enmarcadas en el Programa de Bioeconom\u00eda y Gesti\u00f3n Forestal Sostenible, dotado con 120 millones de euros de inversi\u00f3n. Se trata del primer paquete de inversiones en el que se combina de forma espec\u00edfica la promoci\u00f3n de la bioeconom\u00eda y las actuaciones de transformaci\u00f3n territorial y lucha contra la despoblaci\u00f3n. Un programa con una gobernanza compartida que destina 40 millones para las comunidades aut\u00f3nomas, 40 millones para entidades locales y 40 millones para empresas, asociaciones y emprendedores.<\/p>\n<p style=\"text-align: justify;\">Estas ayudas buscan favorecer el surgimiento de iniciativas de bioeconom\u00eda circular, aprovechamiento energ\u00e9tico con recursos end\u00f3genos, gesti\u00f3n de los recursos forestales, apoyo a la fabricaci\u00f3n de productos del bosque (madereros, micol\u00f3gicos, resina\u2026) o proyectos de divulgaci\u00f3n o capacitaci\u00f3n, entre otros.<\/p>\n<p style=\"text-align: justify;\">\u201cTenemos la obligaci\u00f3n y la necesidad de acelerar e intensificar la protecci\u00f3n, conservaci\u00f3n y restauraci\u00f3n de los espacios forestales, los bosques, y la biodiversidad. Pero tambi\u00e9n es una oportunidad \u00fanica para abordar, desde la sostenibilidad, la cohesi\u00f3n territorial, el futuro de nuestro medio rural y la posibilidad de luchar eficazmente contra la despoblaci\u00f3n, con proyectos viables, innovadores y sostenibles\u201d, ha manifestado Ribera<\/p>\n<p style=\"text-align: justify;\">La vicepresidenta ha resaltado la Manifestaci\u00f3n de Inter\u00e9s lanzada en 2020, que recogi\u00f3 casi 1.200 proyectos que luchaban contra la despoblaci\u00f3n y afrontaban el reto demogr\u00e1fico a trav\u00e9s de la gesti\u00f3n sostenible de sus espacios forestales y el impulso de proyectos de bioeconom\u00eda. \u201cEstas convocatorias permitir\u00e1n captar talento y generar empleo en municipios que tradicionalmente se han visto asolados por una progresiva despoblaci\u00f3n, logrando conciliar el desarrollo humano y conservaci\u00f3n de los ecosistemas\u201d, ha concluido Ribera.<\/p>\n<p style=\"text-align: justify;\"><strong>JORNADA \u2018BIOECONOM\u00cdA Y EMPRENDIMIENTO\u2019<\/strong><\/p>\n<p style=\"text-align: justify;\">La Jornada celebrada en el Parador de La Granja ha contado con la participaci\u00f3n del secretario general para el Reto Demogr\u00e1fico, Paco Boya; la directora general de Biodiversidad del MITECO, Mar\u00eda Jes\u00fas rodr\u00edguez de Sancho; el director del European Forest Institute, Marc Palahi; y el consejero de Fomento y Medio Ambiente de Castilla y le\u00f3n, Juan Carlos Su\u00e1rez-Qui\u00f1ones, junto a otros representantes de la administraci\u00f3n local, el sector forestal, emprendedores y divulgadores ambientales.<\/p>\n<p><span style=\"font-size: 8pt;\">Fuente: MITECO<\/span><\/p>\n","protected":false},"excerpt":{"rendered":"<p>La vicepresidenta y ministra para la Transici\u00f3n Ecol\u00f3gica y el Reto Demogr\u00e1fico, Teresa Ribera, ha destacado con motivo del D\u00eda Internacional de los Bosques el valor de nuestra principal \u201cinfraestructura ecol\u00f3gica\u201d y<a class=\"moretag\" href=\"https:\/\/www.fbycc.org\/index.php\/2022\/03\/24\/teresa-ribera-la-bioeconomia-es-un-claro-elemento-de-cohesion-territorial\/\">Leer m\u00e1s&#8230;<\/a><\/p>\n","protected":false},"author":2,"featured_media":0,"comment_status":"closed","ping_status":"open","sticky":false,"template":"","format":"standard","meta":{"_monsterinsights_skip_tracking":false,"_monsterinsights_sitenote_active":false,"_monsterinsights_sitenote_note":"","_monsterinsights_sitenote_category":0,"footnotes":""},"categories":[11],"tags":[87,16,70,68,133,134],"class_list":["post-2567","post","type-post","status-publish","format-standard","hentry","category-noticias","tag-bioeconomia","tag-bosques","tag-dia-internacional-de-los-bosques","tag-emprendimiento","tag-inversion","tag-sector-forestal"],"_links":{"self":[{"href":"https:\/\/www.fbycc.org\/index.php\/wp-json\/wp\/v2\/posts\/2567","targetHints":{"allow":["GET"]}}],"collection":[{"href":"https:\/\/www.fbycc.org\/index.php\/wp-json\/wp\/v2\/posts"}],"about":[{"href":"https:\/\/www.fbycc.org\/index.php\/wp-json\/wp\/v2\/types\/post"}],"author":[{"embeddable":true,"href":"https:\/\/www.fbycc.org\/index.php\/wp-json\/wp\/v2\/users\/2"}],"replies":[{"embeddable":true,"href":"https:\/\/www.fbycc.org\/index.php\/wp-json\/wp\/v2\/comments?post=2567"}],"version-history":[{"count":1,"href":"https:\/\/www.fbycc.org\/index.php\/wp-json\/wp\/v2\/posts\/2567\/revisions"}],"predecessor-version":[{"id":2568,"href":"https:\/\/www.fbycc.org\/index.php\/wp-json\/wp\/v2\/posts\/2567\/revisions\/2568"}],"wp:attachment":[{"href":"https:\/\/www.fbycc.org\/index.php\/wp-json\/wp\/v2\/media?parent=2567"}],"wp:term":[{"taxonomy":"category","embeddable":true,"href":"https:\/\/www.fbycc.org\/index.php\/wp-json\/wp\/v2\/categories?post=2567"},{"taxonomy":"post_tag","embeddable":true,"href":"https:\/\/www.fbycc.org\/index.php\/wp-json\/wp\/v2\/tags?post=2567"}],"curies":[{"name":"wp","href":"https:\/\/api.w.org\/{rel}","templated":true}]}}