{"id":2559,"date":"2022-03-21T17:28:05","date_gmt":"2022-03-21T17:28:05","guid":{"rendered":"https:\/\/www.fbycc.org\/?p=2559"},"modified":"2022-04-08T18:31:34","modified_gmt":"2022-04-08T18:31:34","slug":"dia-internacional-de-los-bosques-2022","status":"publish","type":"post","link":"https:\/\/www.fbycc.org\/index.php\/2022\/03\/21\/dia-internacional-de-los-bosques-2022\/","title":{"rendered":"D\u00eda Internacional de los Bosques 2022"},"content":{"rendered":"<p>&nbsp;<\/p>\n<p style=\"text-align: justify;\">Este a\u00f1o <strong>Juntos por los Bosques<\/strong>, retoma la celebraci\u00f3n prevista para el a\u00f1o 2020 y que no se pudo realizar a causa de la pandemia, en colaboraci\u00f3n con el\u00a0<strong>Ministerio para la Transici\u00f3n Ecol\u00f3gica y el Reto Demogr\u00e1fico<\/strong>, las\u00a0<strong>CCAA anfitrionas de Castilla \u2013 La Mancha y Arag\u00f3n<\/strong>, celebran el\u00a0<strong>D\u00eda Internacional de los Bosques en Montes Universales<\/strong>, en los municipios de\u00a0<strong>Orea (Guadalajara) y Orihuela del Tremedal (Teruel)<\/strong>, durante los d\u00edas\u00a0<strong>31 de marzo al 03 de abril 2022<\/strong>.<\/p>\n<p style=\"text-align: justify;\">Ya est\u00e1 disponible el programa resumen del DIB2022 que figura aqu\u00ed. Se ha programado una amplia gama de actividades, tanto de car\u00e1cter t\u00e9cnico como divulgativo.<\/p>\n<p style=\"text-align: center;\"><iframe loading=\"lazy\" src=\"\/\/www.youtube.com\/embed\/_nyqdcHMQ6c\" width=\"560\" height=\"314\" allowfullscreen=\"allowfullscreen\"><\/iframe><\/p>\n<p style=\"text-align: justify;\"><strong>Si est\u00e1s interesad@ en asistir, es necesario inscribirse rellenando el<\/strong>\u00a0<strong>formulario de inscripci\u00f3n <\/strong>marcando las casillas de las actividades a las que se desee asistir. Es un formulario de car\u00e1cter individual, donde tan solo hay que indicar nombre y apellidos del asistente, mail de contacto y tel\u00e9fono m\u00f3vil. La asistencia ser\u00e1 gratuita en todas las actividades, salvo comidas y cenas, que ser\u00e1n a cuenta del participante.<\/p>\n<p style=\"text-align: justify;\">Se adjunta\u00a0<strong>informaci\u00f3n de alojamientos y restaurantes de ambos pueblos<\/strong>, por si se quiere disfrutar de todas las actividades programadas desde el jueves hasta el domingo.<\/p>\n<p>\u00a0 \u00a0<a href=\"https:\/\/juntosporlosbosques.ingenierosdemontes.org\/dia-internacional-de-los-bosques-2022-orea-guadalajara-orihuela-del-tremedal-teruel\/\" target=\"_blank\" rel=\"noopener\">&gt;&gt; FORMULARIO DE INSCRIPCI\u00d3N<\/a><\/p>\n<p><a class=\"mtli_attachment mtli_pdf\" href=\"https:\/\/juntosporlosbosques.ingenierosdemontes.org\/wp-content\/uploads\/2022\/03\/ProgramaCompleto_DIB2022.pdf\" target=\"_blank\" rel=\"noopener noreferrer\" data-mtli=\"mtli_filesize1,31MB\">\u00a0 \u00a0&gt;&gt; Programa COMPLETO DIB 2022<\/a><\/p>\n<p><a class=\"mtli_attachment mtli_pdf\" href=\"https:\/\/juntosporlosbosques.ingenierosdemontes.org\/wp-content\/uploads\/2022\/02\/Guia_Orea.pdf\" target=\"_blank\" rel=\"noopener noreferrer\" data-mtli=\"mtli_filesize4,38MB\">\u00a0 \u00a0&gt;&gt; Gu\u00eda de Orea<\/a><\/p>\n<p><a class=\"mtli_attachment mtli_pdf\" href=\"https:\/\/juntosporlosbosques.ingenierosdemontes.org\/wp-content\/uploads\/2022\/02\/Guia_OrihuelaDelTremedal.pdf\" target=\"_blank\" rel=\"noopener noreferrer\" data-mtli=\"mtli_filesize1,27MB\">\u00a0 \u00a0&gt;&gt; Gu\u00eda de Orihuela del Tremedal<\/a><\/p>\n<p><a class=\"mtli_attachment mtli_pdf\" href=\"https:\/\/juntosporlosbosques.ingenierosdemontes.org\/wp-content\/uploads\/2022\/02\/Visitas-Interesantes-por-la-zona.pdf\" target=\"_blank\" rel=\"noopener\" data-mtli=\"mtli_filesize141,63kB\">\u00a0 \u00a0&gt;&gt; Sitios para visitar en la zona<\/a><\/p>\n","protected":false},"excerpt":{"rendered":"<p>&nbsp; Este a\u00f1o Juntos por los Bosques, retoma la celebraci\u00f3n prevista para el a\u00f1o 2020 y que no se pudo realizar a causa de la pandemia, en colaboraci\u00f3n con el\u00a0Ministerio para la<a class=\"moretag\" href=\"https:\/\/www.fbycc.org\/index.php\/2022\/03\/21\/dia-internacional-de-los-bosques-2022\/\">Leer m\u00e1s&#8230;<\/a><\/p>\n","protected":false},"author":2,"featured_media":0,"comment_status":"closed","ping_status":"open","sticky":false,"template":"","format":"standard","meta":{"_monsterinsights_skip_tracking":false,"_monsterinsights_sitenote_active":false,"_monsterinsights_sitenote_note":"","_monsterinsights_sitenote_category":0,"footnotes":""},"categories":[11],"tags":[70,135],"class_list":["post-2559","post","type-post","status-publish","format-standard","hentry","category-noticias","tag-dia-internacional-de-los-bosques","tag-juntos-por-los-bosques"],"_links":{"self":[{"href":"https:\/\/www.fbycc.org\/index.php\/wp-json\/wp\/v2\/posts\/2559","targetHints":{"allow":["GET"]}}],"collection":[{"href":"https:\/\/www.fbycc.org\/index.php\/wp-json\/wp\/v2\/posts"}],"about":[{"href":"https:\/\/www.fbycc.org\/index.php\/wp-json\/wp\/v2\/types\/post"}],"author":[{"embeddable":true,"href":"https:\/\/www.fbycc.org\/index.php\/wp-json\/wp\/v2\/users\/2"}],"replies":[{"embeddable":true,"href":"https:\/\/www.fbycc.org\/index.php\/wp-json\/wp\/v2\/comments?post=2559"}],"version-history":[{"count":5,"href":"https:\/\/www.fbycc.org\/index.php\/wp-json\/wp\/v2\/posts\/2559\/revisions"}],"predecessor-version":[{"id":2564,"href":"https:\/\/www.fbycc.org\/index.php\/wp-json\/wp\/v2\/posts\/2559\/revisions\/2564"}],"wp:attachment":[{"href":"https:\/\/www.fbycc.org\/index.php\/wp-json\/wp\/v2\/media?parent=2559"}],"wp:term":[{"taxonomy":"category","embeddable":true,"href":"https:\/\/www.fbycc.org\/index.php\/wp-json\/wp\/v2\/categories?post=2559"},{"taxonomy":"post_tag","embeddable":true,"href":"https:\/\/www.fbycc.org\/index.php\/wp-json\/wp\/v2\/tags?post=2559"}],"curies":[{"name":"wp","href":"https:\/\/api.w.org\/{rel}","templated":true}]}}