{"id":2541,"date":"2022-03-17T17:07:27","date_gmt":"2022-03-17T17:07:27","guid":{"rendered":"https:\/\/www.fbycc.org\/?p=2541"},"modified":"2022-03-17T17:13:00","modified_gmt":"2022-03-17T17:13:00","slug":"la-comision-invita-a-las-regiones-a-la-mision-de-adaptacion-al-cambio-climatico","status":"publish","type":"post","link":"https:\/\/www.fbycc.org\/index.php\/2022\/03\/17\/la-comision-invita-a-las-regiones-a-la-mision-de-adaptacion-al-cambio-climatico\/","title":{"rendered":"La comisi\u00f3n invita a las regiones a la Misi\u00f3n de Adaptaci\u00f3n al Cambio Clim\u00e1tico"},"content":{"rendered":"<p>&nbsp;<\/p>\n<p style=\"text-align: justify;\">La Comisi\u00f3n Europea ha publicado una encuesta para que las regiones y comunidades expresen su inter\u00e9s en unirse a la Misi\u00f3n de Adaptaci\u00f3n al Cambio Clim\u00e1tico de la UE. Una vez analizadas las respuestas a la encuesta, se invitar\u00e1 a las regiones y comunidades que demuestren su compromiso con la adaptaci\u00f3n a firmar una <a href=\"https:\/\/ec.europa.eu\/info\/research-and-innovation\/funding\/funding-opportunities\/funding-programmes-and-open-calls\/horizon-europe\/eu-missions-horizon-europe\/adaptation-climate-change-including-societal-transformation_en#documents\" target=\"_blank\" rel=\"noopener\">Carta de la Misi\u00f3n<\/a>.<\/p>\n<p style=\"text-align: justify;\">El objetivo de la Misi\u00f3n es apoyar a 150 regiones y comunidades para que aceleren su transformaci\u00f3n hacia la resiliencia clim\u00e1tica, ayud\u00e1ndolas a comprender, preparar y gestionar los riesgos inducidos por el clima.<\/p>\n<p style=\"text-align: justify;\">Unirse a la Misi\u00f3n situar\u00e1 a las regiones y comunidades en la vanguardia de la innovaci\u00f3n en la transici\u00f3n de Europa para convertirse en un continente m\u00e1s resiliente.<\/p>\n<p style=\"text-align: center;\"><iframe loading=\"lazy\" src=\"\/\/www.youtube.com\/embed\/KlvjfPgwDKg?t=85s\" width=\"560\" height=\"314\" allowfullscreen=\"allowfullscreen\"><\/iframe><\/p>\n<p style=\"text-align: justify;\">La cuesti\u00f3n de la adaptaci\u00f3n al cambio clim\u00e1tico y de la resiliencia a sus efectos ha cobrado un gran impulso, tanto a nivel mundial como europeo. La<a href=\"https:\/\/ec.europa.eu\/clima\/eu-action\/adaptation-climate-change\/eu-adaptation-strategy_fr\" target=\"_blank\" rel=\"noopener\"> Estrategia de Adaptaci\u00f3n de la UE<\/a> establece c\u00f3mo podemos prepararnos mejor para los inevitables impactos clim\u00e1ticos y los fen\u00f3menos meteorol\u00f3gicos extremos.<\/p>\n<p style=\"text-align: justify;\">La Misi\u00f3n de Adaptaci\u00f3n al Cambio Clim\u00e1tico de la UE contribuye a poner en pr\u00e1ctica la estrategia sobre el terreno en las regiones y comunidades de la UE, ya que son \u00e9stas las que est\u00e1n mejor situadas para desplegar soluciones a medida que aborden sus vulnerabilidades clim\u00e1ticas locales espec\u00edficas.<\/p>\n<p style=\"text-align: justify;\"><strong>\u00bfPor qu\u00e9 participar? Beneficios para las regiones y comunidades<\/strong><\/p>\n<p style=\"text-align: justify;\">Al adherirse a la <a href=\"https:\/\/ec.europa.eu\/info\/research-and-innovation\/funding\/funding-opportunities\/funding-programmes-and-open-calls\/horizon-europe\/eu-missions-horizon-europe\/adaptation-climate-change-including-societal-transformation_en#documents\" target=\"_blank\" rel=\"noopener\">Carta<\/a> y a los principios de la Misi\u00f3n de la UE sobre la Adaptaci\u00f3n al Cambio Clim\u00e1tico, las regiones y comunidades pasar\u00e1n a formar parte de una comunidad de pr\u00e1cticas sobre la adaptaci\u00f3n al cambio clim\u00e1tico, y tendr\u00e1n la oportunidad de establecer redes y compartir con otras regiones y comunidades de Europa.<\/p>\n<p style=\"text-align: justify;\">Los firmantes tambi\u00e9n tendr\u00e1n acceso a los servicios de la Plataforma de Implementaci\u00f3n de la Misi\u00f3n, que estar\u00e1 operativa a principios de 2023. Estos servicios incluir\u00e1n:<\/p>\n<ul style=\"list-style-type: square; text-align: justify;\">\n<li>Ayuda para acceder a los conocimientos y m\u00e9todos sobre evaluaciones de riesgos clim\u00e1ticos<\/li>\n<li>Acceso a ejemplos de mejores pr\u00e1cticas de otras regiones e informaci\u00f3n sobre los \u00faltimos resultados de la investigaci\u00f3n;<br \/>\nApoyo para vincular estos ejemplos y los resultados de la investigaci\u00f3n con los planes de adaptaci\u00f3n locales, las hojas de ruta o las v\u00edas de adaptaci\u00f3n<\/li>\n<li>Acceso a herramientas, ejemplos y mejores pr\u00e1cticas para interactuar y comprometerse con los ciudadanos<\/li>\n<li>Asesoramiento sobre posibles fuentes de financiaci\u00f3n p\u00fablica y privada para la adaptaci\u00f3n.<\/li>\n<\/ul>\n<p style=\"text-align: justify;\"><strong>C\u00f3mo participar<\/strong><\/p>\n<p style=\"text-align: justify;\">La <a href=\"https:\/\/ec.europa.eu\/eusurvey\/runner\/MissionAdaptationRegions2022\" target=\"_blank\" rel=\"noopener\">encuesta<\/a> tiene como objetivo evaluar el inter\u00e9s de las regiones y comunidades en unirse a la Misi\u00f3n de Adaptaci\u00f3n al Cambio Clim\u00e1tico mediante la firma de la Carta de la Misi\u00f3n. Tambi\u00e9n pretende conocer los principales problemas y retos a los que se enfrentan las autoridades locales y regionales de la UE para adaptarse a los impactos del cambio clim\u00e1tico.<\/p>\n<p style=\"text-align: justify;\">El secretariado de la Misi\u00f3n evaluar\u00e1 el compromiso de las regiones y comunidades a trav\u00e9s de las respuestas y las pruebas aportadas. Sobre esta base, se invitar\u00e1 a las regiones y comunidades a firmar la Carta de la Misi\u00f3n. Se pedir\u00e1 a los representantes de las autoridades regionales y locales que firmen la Carta de la Misi\u00f3n en nombre de sus respectivas autoridades.<\/p>\n<p style=\"text-align: justify;\">La participaci\u00f3n en la encuesta es abierta y no competitiva. Todas las solicitudes recibidas se evaluar\u00e1n en consecuencia.<\/p>\n<p style=\"text-align: justify;\"><strong>Antecedentes<\/strong><\/p>\n<p style=\"text-align: justify;\">En 2019 se constituyeron cinco Juntas de Misiones para ayudar a especificar, dise\u00f1ar e iniciar la implementaci\u00f3n de las Misiones para Horizonte Europa y su mandato termina a finales de 2021. Sobre la base de sus propuestas la Comisi\u00f3n Europea seleccion\u00f3 cinco Misiones en septiembre de 2020.<\/p>\n<p style=\"text-align: justify;\">Con la Comunicaci\u00f3n adoptada el 29 de septiembre de 2021, se puso en marcha oficialmente la ejecuci\u00f3n de la Misi\u00f3n de Adaptaci\u00f3n al Cambio Clim\u00e1tico, entre otras, con un presupuesto de casi 370 millones de euros hasta 2023.<\/p>\n<p style=\"text-align: justify;\">Los planes han avanzado r\u00e1pidamente desde entonces, y las <a href=\"https:\/\/ec.europa.eu\/info\/funding-tenders\/opportunities\/docs\/2021-2027\/horizon\/wp-call\/2021-2022\/wp-12-missions_horizon-2021-2022_en.pdf\" target=\"_blank\" rel=\"noopener\">convocatorias<\/a> de proyectos se abrieron en enero de 2022.<\/p>\n<p style=\"text-align: justify;\">El primer Foro Anual de la Misi\u00f3n, que tendr\u00e1 lugar el 7 de junio de 2022, estimular\u00e1 los intercambios din\u00e1micos y el intercambio de experiencias, har\u00e1 balance de los progresos colectivos en la consecuci\u00f3n de los objetivos de la Misi\u00f3n y contribuir\u00e1 a orientar sus acciones.<\/p>\n<p><strong>M\u00e1s informaci\u00f3n<\/strong><\/p>\n<ul>\n<li><a href=\"https:\/\/ec.europa.eu\/clima\/news-your-voice\/news\/commission-invites-regions-and-communities-join-mission-adaptation-climate-change-2022-03-14_es\" target=\"_blank\" rel=\"noopener\">Commission invites regions and communities to join the Mission Adaptation to Climate Change<\/a><\/li>\n<li><a href=\"https:\/\/ec.europa.eu\/info\/sites\/default\/files\/research_and_innovation\/events\/documents\/eu_missions_climate_qanda_infosession_feb2022.pdf\" target=\"_blank\" rel=\"noopener\">Questions and Answers<\/a><\/li>\n<li><a href=\"https:\/\/ec.europa.eu\/info\/research-and-innovation\/funding\/funding-opportunities\/funding-programmes-and-open-calls\/horizon-europe\/eu-missions-horizon-europe\/adaptation-climate-change-including-societal-transformation_en\" target=\"_blank\" rel=\"noopener\">EU Adaptation to Climate Change Mission website<\/a><\/li>\n<li><a href=\"https:\/\/op.europa.eu\/en\/publication-detail\/-\/publication\/158ca8e2-2658-11ec-bd8e-01aa75ed71a1\/language-en\/format-PDF\/source-233488586\" target=\"_blank\" rel=\"noopener\">Factsheet<\/a><\/li>\n<li><a href=\"https:\/\/ec.europa.eu\/info\/sites\/default\/https:\/ec.europa.eu\/info\/research-and-innovation\/funding\/funding-opportunities\/funding-programmes-and-open-calls\/horizon-europe\/missions-horizon-europe_en\/research_and_innovation\/funding\/documents\/climat_mission_implementation_plan_final_for_publication.pdf\" target=\"_blank\" rel=\"noopener\">EU Mission Climate-Neutral and Smart Cities Implementation Plan<\/a><\/li>\n<li><a class=\"ecl-link\" href=\"https:\/\/ec.europa.eu\/info\/research-and-innovation\/funding\/funding-opportunities\/funding-programmes-and-open-calls\/horizon-europe\/eu-missions-horizon-europe_en\" target=\"_blank\" rel=\"noopener\">EU Missions\u00a0website<\/a><\/li>\n<li><a href=\"https:\/\/ec.europa.eu\/info\/research-and-innovation\/funding\/funding-opportunities\/funding-programmes-and-open-calls\/horizon-europe\/eu-missions-horizon-europe\/adaptation-climate-change-including-societal-transformation_en#funding-opportunities\" target=\"_blank\" rel=\"noopener\">EU Mission: Adaptation to Climate Change<\/a><\/li>\n<\/ul>\n<p><span style=\"font-size: 10pt;\">Fuente: Comisi\u00f3n Europea<\/span><\/p>\n","protected":false},"excerpt":{"rendered":"<p>&nbsp; La Comisi\u00f3n Europea ha publicado una encuesta para que las regiones y comunidades expresen su inter\u00e9s en unirse a la Misi\u00f3n de Adaptaci\u00f3n al Cambio Clim\u00e1tico de la UE. Una vez<a class=\"moretag\" href=\"https:\/\/www.fbycc.org\/index.php\/2022\/03\/17\/la-comision-invita-a-las-regiones-a-la-mision-de-adaptacion-al-cambio-climatico\/\">Leer m\u00e1s&#8230;<\/a><\/p>\n","protected":false},"author":2,"featured_media":0,"comment_status":"closed","ping_status":"open","sticky":false,"template":"","format":"standard","meta":{"_monsterinsights_skip_tracking":false,"_monsterinsights_sitenote_active":false,"_monsterinsights_sitenote_note":"","_monsterinsights_sitenote_category":0,"footnotes":""},"categories":[11],"tags":[129,125,41],"class_list":["post-2541","post","type-post","status-publish","format-standard","hentry","category-noticias","tag-adaptacion","tag-ue","tag-union-europea"],"_links":{"self":[{"href":"https:\/\/www.fbycc.org\/index.php\/wp-json\/wp\/v2\/posts\/2541","targetHints":{"allow":["GET"]}}],"collection":[{"href":"https:\/\/www.fbycc.org\/index.php\/wp-json\/wp\/v2\/posts"}],"about":[{"href":"https:\/\/www.fbycc.org\/index.php\/wp-json\/wp\/v2\/types\/post"}],"author":[{"embeddable":true,"href":"https:\/\/www.fbycc.org\/index.php\/wp-json\/wp\/v2\/users\/2"}],"replies":[{"embeddable":true,"href":"https:\/\/www.fbycc.org\/index.php\/wp-json\/wp\/v2\/comments?post=2541"}],"version-history":[{"count":16,"href":"https:\/\/www.fbycc.org\/index.php\/wp-json\/wp\/v2\/posts\/2541\/revisions"}],"predecessor-version":[{"id":2557,"href":"https:\/\/www.fbycc.org\/index.php\/wp-json\/wp\/v2\/posts\/2541\/revisions\/2557"}],"wp:attachment":[{"href":"https:\/\/www.fbycc.org\/index.php\/wp-json\/wp\/v2\/media?parent=2541"}],"wp:term":[{"taxonomy":"category","embeddable":true,"href":"https:\/\/www.fbycc.org\/index.php\/wp-json\/wp\/v2\/categories?post=2541"},{"taxonomy":"post_tag","embeddable":true,"href":"https:\/\/www.fbycc.org\/index.php\/wp-json\/wp\/v2\/tags?post=2541"}],"curies":[{"name":"wp","href":"https:\/\/api.w.org\/{rel}","templated":true}]}}