{"id":2532,"date":"2022-03-02T20:40:27","date_gmt":"2022-03-02T20:40:27","guid":{"rendered":"https:\/\/www.fbycc.org\/?p=2532"},"modified":"2022-03-02T20:40:27","modified_gmt":"2022-03-02T20:40:27","slug":"el-ipcc-subraya-la-necesidad-de-adaptarse-al-cambio-climatico","status":"publish","type":"post","link":"https:\/\/www.fbycc.org\/index.php\/2022\/03\/02\/el-ipcc-subraya-la-necesidad-de-adaptarse-al-cambio-climatico\/","title":{"rendered":"EL IPCC SUBRAYA LA NECESIDAD DE ADAPTARSE AL CAMBIO CLIM\u00c1TICO"},"content":{"rendered":"<p>&nbsp;<\/p>\n<p style=\"text-align: justify;\">El Grupo Intergubernamental de Expertos sobre el Cambio Clim\u00e1tico (IPCC) ha publicado su <a href=\"https:\/\/www.ipcc.ch\/report\/ar6\/wg2\/\" target=\"_blank\" rel=\"noopener\">\u00faltimo informe<\/a> sobre los impactos, la adaptaci\u00f3n y las vulnerabilidades relacionadas con el cambio clim\u00e1tico. Elaborado por cientos de los mejores cient\u00edficos del clima del mundo, el informe confirma que el cambio clim\u00e1tico ha llegado para quedarse y que algunos de sus efectos son ya inevitables. En todo el mundo, la crisis clim\u00e1tica est\u00e1 poniendo en peligro las vidas y los medios de subsistencia, especialmente de los m\u00e1s vulnerables.<\/p>\n<p style=\"text-align: justify;\">Una de las principales conclusiones del informe es que el cambio clim\u00e1tico inducido por la humanidad ya est\u00e1 afectando a la naturaleza y a las personas de forma m\u00e1s intensa, m\u00e1s frecuente y en una zona geogr\u00e1fica m\u00e1s amplia de lo que se pensaba.<\/p>\n<ul style=\"list-style-type: disc;\">\n<li style=\"text-align: justify;\">Una mayor superficie de tierra est\u00e1 siendo quemada por los incendios forestales, y los ciclones tropicales est\u00e1n causando mayores da\u00f1os debido al cambio clim\u00e1tico.<\/li>\n<li style=\"text-align: justify;\">Alrededor de la mitad de las especies estudiadas han desplazado sus h\u00e1bitats hacia los polos o a mayores alturas, y ya se han producido las primeras extinciones de especies provocadas por el cambio clim\u00e1tico.<\/li>\n<li style=\"text-align: justify;\">La degradaci\u00f3n y destrucci\u00f3n de los ecosistemas perjudica nuestra capacidad de adaptaci\u00f3n al cambio clim\u00e1tico.<\/li>\n<li style=\"text-align: justify;\">El cambio clim\u00e1tico ya est\u00e1 socavando nuestra seguridad alimentaria y del agua, la productividad agr\u00edcola y la salud f\u00edsica y mental.<\/li>\n<\/ul>\n<p style=\"text-align: justify;\">Adem\u00e1s, el informe concluye que este tipo de riesgos aumentar\u00e1 inexorablemente en las pr\u00f3ximas dos d\u00e9cadas, pero algunos de ellos pueden reducirse adoptando medidas de adaptaci\u00f3n a sus efectos.<\/p>\n<p style=\"text-align: justify;\">Como confirm\u00f3 el informe del IPCC del a\u00f1o pasado sobre la ciencia f\u00edsica, podemos disminuir estos riesgos a largo plazo reduciendo las emisiones de gases de efecto invernadero y frenando el calentamiento global, pero tambi\u00e9n debemos adaptarnos simult\u00e1neamente al cambio clim\u00e1tico. Las conclusiones del informe refuerzan la necesidad de que Europa sea m\u00e1s resistente al clima y se prepare para los inevitables impactos de la crisis clim\u00e1tica. Con la <a href=\"https:\/\/ec.europa.eu\/clima\/eu-action\/adaptation-climate-change\/eu-adaptation-strategy_en\" target=\"_blank\" rel=\"noopener\">Estrategia de Adaptaci\u00f3n de la UE<\/a> se pretende que la adaptaci\u00f3n sea m\u00e1s inteligente, r\u00e1pida y sist\u00e9mica, y que se intensifique la acci\u00f3n internacional en materia de adaptaci\u00f3n al cambio clim\u00e1tico.<\/p>\n<p style=\"text-align: justify;\">La Misi\u00f3n de la UE para la Adaptaci\u00f3n al Cambio Clim\u00e1tico desempe\u00f1a un papel fundamental en estos esfuerzos, apoyando al menos a 150 regiones y comunidades europeas para que sean resistentes al clima de aqu\u00ed a 2030. Mientras tanto, la UE ya desempe\u00f1a un papel importante en el apoyo a la adaptaci\u00f3n al clima a nivel mundial. En 2020, la UE y sus Estados miembros prometieron unos 23.390 millones de euros en financiaci\u00f3n clim\u00e1tica, de los cuales aproximadamente la mitad se destinaron a ayudar a nuestros socios a adaptarse al cambio clim\u00e1tico. Adem\u00e1s, en la COP26 <a href=\"https:\/\/ec.europa.eu\/commission\/presscorner\/detail\/en\/ip_21_5886\" target=\"_blank\" rel=\"noopener\">la UE se comprometi\u00f3 a aportar 100 millones de euros al Fondo de Adaptaci\u00f3n de las Naciones Unidas<\/a>, lo que la convierte en el mayor donante del Fondo, que ofrece financiaci\u00f3n a los pa\u00edses en desarrollo vulnerables al impacto del cambio clim\u00e1tico.<\/p>\n","protected":false},"excerpt":{"rendered":"<p>&nbsp; El Grupo Intergubernamental de Expertos sobre el Cambio Clim\u00e1tico (IPCC) ha publicado su \u00faltimo informe sobre los impactos, la adaptaci\u00f3n y las vulnerabilidades relacionadas con el cambio clim\u00e1tico. Elaborado por cientos<a class=\"moretag\" href=\"https:\/\/www.fbycc.org\/index.php\/2022\/03\/02\/el-ipcc-subraya-la-necesidad-de-adaptarse-al-cambio-climatico\/\">Leer m\u00e1s&#8230;<\/a><\/p>\n","protected":false},"author":2,"featured_media":0,"comment_status":"closed","ping_status":"open","sticky":false,"template":"","format":"standard","meta":{"_monsterinsights_skip_tracking":false,"_monsterinsights_sitenote_active":false,"_monsterinsights_sitenote_note":"","_monsterinsights_sitenote_category":0,"footnotes":""},"categories":[11],"tags":[129,17,114,41],"class_list":["post-2532","post","type-post","status-publish","format-standard","hentry","category-noticias","tag-adaptacion","tag-cambio-climatico","tag-ipcc","tag-union-europea"],"_links":{"self":[{"href":"https:\/\/www.fbycc.org\/index.php\/wp-json\/wp\/v2\/posts\/2532","targetHints":{"allow":["GET"]}}],"collection":[{"href":"https:\/\/www.fbycc.org\/index.php\/wp-json\/wp\/v2\/posts"}],"about":[{"href":"https:\/\/www.fbycc.org\/index.php\/wp-json\/wp\/v2\/types\/post"}],"author":[{"embeddable":true,"href":"https:\/\/www.fbycc.org\/index.php\/wp-json\/wp\/v2\/users\/2"}],"replies":[{"embeddable":true,"href":"https:\/\/www.fbycc.org\/index.php\/wp-json\/wp\/v2\/comments?post=2532"}],"version-history":[{"count":6,"href":"https:\/\/www.fbycc.org\/index.php\/wp-json\/wp\/v2\/posts\/2532\/revisions"}],"predecessor-version":[{"id":2540,"href":"https:\/\/www.fbycc.org\/index.php\/wp-json\/wp\/v2\/posts\/2532\/revisions\/2540"}],"wp:attachment":[{"href":"https:\/\/www.fbycc.org\/index.php\/wp-json\/wp\/v2\/media?parent=2532"}],"wp:term":[{"taxonomy":"category","embeddable":true,"href":"https:\/\/www.fbycc.org\/index.php\/wp-json\/wp\/v2\/categories?post=2532"},{"taxonomy":"post_tag","embeddable":true,"href":"https:\/\/www.fbycc.org\/index.php\/wp-json\/wp\/v2\/tags?post=2532"}],"curies":[{"name":"wp","href":"https:\/\/api.w.org\/{rel}","templated":true}]}}