{"id":2515,"date":"2022-01-25T18:05:02","date_gmt":"2022-01-25T18:05:02","guid":{"rendered":"https:\/\/www.fbycc.org\/?p=2515"},"modified":"2022-01-25T18:05:57","modified_gmt":"2022-01-25T18:05:57","slug":"posicion-de-espana-en-la-reunion-de-ministros-de-medio-ambiente-de-la-ue","status":"publish","type":"post","link":"https:\/\/www.fbycc.org\/index.php\/2022\/01\/25\/posicion-de-espana-en-la-reunion-de-ministros-de-medio-ambiente-de-la-ue\/","title":{"rendered":"Posici\u00f3n de Espa\u00f1a en la reuni\u00f3n de ministros de Medio Ambiente de la UE"},"content":{"rendered":"<p>&nbsp;<\/p>\n<p style=\"text-align: justify;\">El pasado viernes tuvo lugar en Amiens (Francia) una reuni\u00f3n informal de ministros de Medio Ambiente y Energ\u00eda de la Uni\u00f3n Europea.\u00a0La vicepresidenta y ministra para la Transici\u00f3n Ecol\u00f3gica y el Reto Demogr\u00e1fico, Teresa Ribera, reiter\u00f3 ante sus hom\u00f3logos el rechazo de Espa\u00f1a a la propuesta de la Comisi\u00f3n para incorporar el gas y la nuclear entre las tecnolog\u00edas consideradas sostenibles por la Taxonom\u00eda Europea. Una propuesta controvertida <em>\u201cque puede distorsionar y generar confusi\u00f3n\u201d<\/em> a la hora de encauzar inversiones sostenibles en la UE. \u201c<em>Ni la nuclear ni el gas cumplen los criterios cient\u00edficos y legales para ser consideradas sostenibles ni recibir el mismo tratamiento que tecnolog\u00edas incuestionablemente verdes, como la e\u00f3lica o la solar, y orientan en sentido contrario a las prioridades de un proceso de descarbonizaci\u00f3n de la econom\u00eda europea sin riesgos ambientales<\/em>\u201d, ha dicho.<\/p>\n<p style=\"text-align: justify;\">La vicepresidenta se refiri\u00f3 as\u00ed a las alegaciones presentadas por Espa\u00f1a a la propuesta del colegio de comisarios y a la carta suscrita junto con Austria, Dinamarca y Luxemburgo, en el que los cuatro pa\u00edses expon\u00edan su rechazo a incluir el gas y la energ\u00eda nuclear en la Taxonom\u00eda. El criterio aplicado al gas, de no emitir m\u00e1s de 270 gramos de CO2\/kWh, est\u00e1 por encima de las recomendaciones del IPCC y la AIE y eliminar\u00eda de facto el principio de \u201cno causar da\u00f1o significativo\u201d (DNSH por sus siglas inglesas) establecido en la primera propuesta de Taxonom\u00eda, fijado precisamente en ese nivel de emisi\u00f3n.<\/p>\n<p style=\"text-align: justify;\">En el caso de la nuclear, el impacto negativo de los residuos radiactivos de alta actividad est\u00e1 sobradamente documentado y es incompatible con el DNSH. El tratamiento de dichos residuos acarrea unos costes muy elevados y todav\u00eda carecemos de una soluci\u00f3n probada y definitiva para ellos, tras 60 a\u00f1os de uso de la tecnolog\u00eda. Por a\u00f1adidura, accidentes como Chernobyl o Fukushima son referentes claros sobre los riesgos de la energ\u00eda nuclear.<\/p>\n<p style=\"text-align: justify;\">Espa\u00f1a, en suma, considera que la propuesta de la Comisi\u00f3n emite una muy mala se\u00f1al a los mercados financieros para orientar su inversi\u00f3n hacia tecnolog\u00eda realmente sostenible y con poco riesgo. Adem\u00e1s, advierte de que puede reducir significativamente la inversi\u00f3n en fuentes incuestionablemente limpias, de modo que supone una amenaza para el proceso de transici\u00f3n energ\u00e9tica y la consecuci\u00f3n de los objetivos europeos de descarbonizaci\u00f3n.<\/p>\n<p style=\"text-align: justify;\"><strong>PRECIOS DE LA ENERG\u00cdA<\/strong><\/p>\n<p style=\"text-align: justify;\">Con relaci\u00f3n a la escalada de precios de la energ\u00eda y el agravamiento de la situaci\u00f3n de crisis en Ucrania, Espa\u00f1a ha insistido en la necesidad de desarrollar mecanismos que protejan a los consumidores de la volatilidad de las materias primas en los mercados internacionales, m\u00e1s all\u00e1 de las propuestas de la Comisi\u00f3n desglosadas en su Comunicaci\u00f3n Toolbox.<\/p>\n<p style=\"text-align: justify;\"><em>\u201cVamos a insistir, una vez m\u00e1s, en la importancia de que la UE se plantee en el plan de emergencia qu\u00e9 medidas excepcionales se pueden adoptar en el contexto regulatorio para que esa situaci\u00f3n tan complicada respecto al gas no impacte de una manera tan desorbitada tambi\u00e9n sobre los precios de la electricidad<\/em>\u201d, ha se\u00f1alado Ribera.<\/p>\n<p style=\"text-align: justify;\">Las propuestas de la Toolbox se basan en las transferencias econ\u00f3micas procedentes de los presupuestos p\u00fablicos y de los consumidores con rentas elevadas hacia los consumidores vulnerables y la industria. Por lo tanto, s\u00f3lo pueden aplicarlas determinados estados, de modo que generan desigualdad, distorsionan la competencia e, incluso, fomentan la deslocalizaci\u00f3n hacia los pa\u00edses con m\u00e1s cobertura, atentando contra de la unidad de mercado.<\/p>\n<p style=\"text-align: justify;\"><strong>TRANSICI\u00d3N JUSTA Y BOSQUES<\/strong><\/p>\n<p style=\"text-align: justify;\">La reuni\u00f3n informal convocada por la presidencia francesa de turno ha analizado en su reuni\u00f3n de este viernes el papel de los impactos del paquete normativo del Fit for 55% -que fija el compromiso comunitario de reducci\u00f3n del 55% de emisiones de CO2 para 2030- en la vida de los ciudadanos europeos y los retos que representa en t\u00e9rminos de equidad y justicia social. La transici\u00f3n hacia la descarbonizaci\u00f3n de la econom\u00eda europea debe ser justa y \u201c<em>s\u00f3lo tendr\u00e1 \u00e9xito si contamos con el respaldo de la ciudadan\u00eda y somos capaces de mostrarles los beneficios y oportunidades de este proceso<\/em>\u201d, ha subrayado la vicepresidenta.<\/p>\n<p style=\"text-align: justify;\">Espa\u00f1a considera que la propuesta de la Comisi\u00f3n sobre la Transici\u00f3n Justa proporciona una base sobre la que trabajar, si bien plantea algunas preocupaciones basadas en la equidad social y el reparto equitativo del esfuerzo para los pa\u00edses y sectores, adem\u00e1s de igualar la cohesi\u00f3n clim\u00e1tica de los impactos y riesgos entre el sur y el norte de Europa. Por ejemplo, considera que se debe estudiar con prudencia la aplicaci\u00f3n del mercado de CO2 al transporte y la edificaci\u00f3n, o que debe analizarse mejor el reparto del esfuerzo adicional de absorci\u00f3n de CO2 entre los estados miembro.<\/p>\n<p style=\"text-align: justify;\">Espa\u00f1a cree imprescindible que el esquema legislativo en el que pretende avanzar la Comisi\u00f3n respete las particularidades de cada regi\u00f3n, permita flexibilidad a los estados miembros y facilite los fondos suficientes para garantizar una transici\u00f3n inclusiva y la adaptaci\u00f3n de los trabajadores y profesionales a los nuevos modelos de negocio en todos los sectores.<\/p>\n<p style=\"text-align: justify;\">Uno de esos sectores sobre los que hoy debati\u00f3 el consejo informal es el de los bosques y la madera. Los representantes de los estados miembros y de la Comisi\u00f3n analizaron su papel en las pol\u00edticas ambientales, energ\u00e9ticas y clim\u00e1ticas de la UE en tanto que sumideros de carbono y elementos clave para construir resiliencia frente al calentamiento global con soluciones basadas en la naturaleza, o sus usos e implicaciones desde el punto de vista energ\u00e9tico como biomasa.<\/p>\n<p style=\"text-align: justify;\"><strong>La posici\u00f3n espa\u00f1ola pone el acento en la necesidad de fijar incentivos econ\u00f3micos y fiscales para conservar los bosques maduros por su capacidad para secuestrar el CO2 y como protectores del suelo y garantes de biodiversidad, as\u00ed como activar la gesti\u00f3n forestal para una silvicultura sostenible, de gran valor a\u00f1adido y generadora de empleo, capaz de dinamizar los entornos rurales en riesgo de despoblaci\u00f3n.<\/strong><\/p>\n<p style=\"text-align: justify;\"><strong>ACELERAR EL PROCESO DE TRANSICI\u00d3N<\/strong><\/p>\n<p style=\"text-align: justify;\">En todo caso, entiende que debe acelerarse el desarrollo de las energ\u00edas renovables y el ahorro y la eficiencia energ\u00e9tica para que los consumidores puedan beneficiarse cuanto antes de sus ventajas y se reduzca la dependencia de la UE de las importaciones energ\u00e9ticas y la volatilidad de los mercados internacionales de materias primas.<\/p>\n<p><span style=\"font-size: 10pt;\">Fuente: MITECORD<\/span><\/p>\n","protected":false},"excerpt":{"rendered":"<p>&nbsp; El pasado viernes tuvo lugar en Amiens (Francia) una reuni\u00f3n informal de ministros de Medio Ambiente y Energ\u00eda de la Uni\u00f3n Europea.\u00a0La vicepresidenta y ministra para la Transici\u00f3n Ecol\u00f3gica y el<a class=\"moretag\" href=\"https:\/\/www.fbycc.org\/index.php\/2022\/01\/25\/posicion-de-espana-en-la-reunion-de-ministros-de-medio-ambiente-de-la-ue\/\">Leer m\u00e1s&#8230;<\/a><\/p>\n","protected":false},"author":2,"featured_media":0,"comment_status":"closed","ping_status":"open","sticky":false,"template":"","format":"standard","meta":{"_monsterinsights_skip_tracking":false,"_monsterinsights_sitenote_active":false,"_monsterinsights_sitenote_note":"","_monsterinsights_sitenote_category":0,"footnotes":""},"categories":[11],"tags":[126,16,127,128,125],"class_list":["post-2515","post","type-post","status-publish","format-standard","hentry","category-noticias","tag-eu2022fr","tag-bosques","tag-gas","tag-nuclear","tag-ue"],"_links":{"self":[{"href":"https:\/\/www.fbycc.org\/index.php\/wp-json\/wp\/v2\/posts\/2515","targetHints":{"allow":["GET"]}}],"collection":[{"href":"https:\/\/www.fbycc.org\/index.php\/wp-json\/wp\/v2\/posts"}],"about":[{"href":"https:\/\/www.fbycc.org\/index.php\/wp-json\/wp\/v2\/types\/post"}],"author":[{"embeddable":true,"href":"https:\/\/www.fbycc.org\/index.php\/wp-json\/wp\/v2\/users\/2"}],"replies":[{"embeddable":true,"href":"https:\/\/www.fbycc.org\/index.php\/wp-json\/wp\/v2\/comments?post=2515"}],"version-history":[{"count":6,"href":"https:\/\/www.fbycc.org\/index.php\/wp-json\/wp\/v2\/posts\/2515\/revisions"}],"predecessor-version":[{"id":2521,"href":"https:\/\/www.fbycc.org\/index.php\/wp-json\/wp\/v2\/posts\/2515\/revisions\/2521"}],"wp:attachment":[{"href":"https:\/\/www.fbycc.org\/index.php\/wp-json\/wp\/v2\/media?parent=2515"}],"wp:term":[{"taxonomy":"category","embeddable":true,"href":"https:\/\/www.fbycc.org\/index.php\/wp-json\/wp\/v2\/categories?post=2515"},{"taxonomy":"post_tag","embeddable":true,"href":"https:\/\/www.fbycc.org\/index.php\/wp-json\/wp\/v2\/tags?post=2515"}],"curies":[{"name":"wp","href":"https:\/\/api.w.org\/{rel}","templated":true}]}}