{"id":2489,"date":"2021-11-18T19:32:52","date_gmt":"2021-11-18T19:32:52","guid":{"rendered":"https:\/\/www.fbycc.org\/?p=2489"},"modified":"2021-12-04T12:24:34","modified_gmt":"2021-12-04T12:24:34","slug":"sobre-restablecer-los-ciclos-sostenibles-del-carbono","status":"publish","type":"post","link":"https:\/\/www.fbycc.org\/index.php\/2021\/11\/18\/sobre-restablecer-los-ciclos-sostenibles-del-carbono\/","title":{"rendered":"SOBRE \u00abRESTABLECER LOS CICLOS SOSTENIBLES DEL CARBONO\u00bb"},"content":{"rendered":"<p style=\"text-align: center;\"><strong><u><br \/>\nCOMENTARIOS DEL FORO DE BOSQUES Y CAMBIO CLIM\u00c1TICO A LA <\/u><\/strong><\/p>\n<p style=\"text-align: center;\"><strong>INICIATIVA DE LA COMUNICACI\u00d3N \u00abRESTABLECER LOS CICLOS SOSTENIBLES DEL CARBONO\u00bb <\/strong><strong>SOBRE LA CERTIFICACI\u00d3N DE LAS ABSORCIONES DE CARBONO Y LA AGRICULTURA DEL CARBONO.<\/strong><\/p>\n<p style=\"text-align: justify;\">La iniciativa de la Comisi\u00f3n de aprobar una Comunicaci\u00f3n sobre <a href=\"https:\/\/ec.europa.eu\/info\/law\/better-regulation\/have-your-say\/initiatives\/13066-Climate-change-restoring-sustainable-carbon-cycles_en\" target=\"_blank\" rel=\"noopener\">\u201c<strong><em>La restauraci\u00f3n de ciclos de carbono sostenibles<\/em><\/strong>\u201d<\/a>, que intenta promover el desarrollo de soluciones y t\u00e9cnicas para la retirada y absorci\u00f3n de carbono de la atm\u00f3sfera es muy positiva y la asociaci\u00f3n espa\u00f1ola \u201cForo de Bosques y Cambio Clim\u00e1tico (FByCC)\u201d felicita por ello a la Comisi\u00f3n.<\/p>\n<p style=\"text-align: justify;\">No obstante, s\u00f3lo se contempla:<\/p>\n<ul style=\"text-align: justify;\">\n<li>Un Plan de Acci\u00f3n para el <em>Cultivo de Carbono<\/em> en explotaciones agr\u00edcolas y ganaderas y<\/li>\n<li>El desarrollo de un <a href=\"https:\/\/ec.europa.eu\/info\/law\/better-regulation\/have-your-say\/initiatives\/13172-Certification-of-carbon-removals-EU-rules_en\">nuevo marco para la certificaci\u00f3n del carbono<\/a>, que se espera para el primer trimestre de 2022.<\/li>\n<\/ul>\n<p style=\"text-align: justify;\">Desde nuestra asociaci\u00f3n consideramos que ser\u00eda muy conveniente contemplar tambi\u00e9n un Plan de Acci\u00f3n para la <em>Selvicultura del Carbono<\/em>, que tiene un potencial de incrementar los sumideros forestales muy superior a la agronom\u00eda; puesto que la materia org\u00e1nica, vegetal y ed\u00e1fica que pueden acumular los sistemas forestales es muy superior a los agron\u00f3micos.<\/p>\n<p style=\"text-align: justify;\">El papel que desempe\u00f1an los bosques y los selvicultores en la lucha contra el cambio clim\u00e1tico es crucial como reconoce el Acuerdo de Par\u00eds, y puede ayudar a alcanzar los objetivos clim\u00e1ticos a trav\u00e9s de las siguientes v\u00edas:<\/p>\n<ul style=\"list-style-type: disc;\">\n<li style=\"text-align: justify;\">Aumento de la biomasa viva<\/li>\n<li style=\"text-align: justify;\">Aumento del carbono org\u00e1nico del suelo<\/li>\n<li style=\"text-align: justify;\">Aumento del carbono inorg\u00e1nico del suelo<\/li>\n<li style=\"text-align: justify;\">Aumento de los productos forestales<\/li>\n<li style=\"text-align: justify;\">Emisiones evitadas por la sustituci\u00f3n de combustibles f\u00f3siles<\/li>\n<li style=\"text-align: justify;\">Emisiones evitadas por la sustituci\u00f3n de materiales con mayor demanda energ\u00e9tica.<\/li>\n<li style=\"text-align: justify;\">Emisiones evitadas de los incendios forestales con una gesti\u00f3n forestal activa.<\/li>\n<\/ul>\n<p style=\"text-align: justify;\">Teniendo en cuentas estos aspectos, tanto en los bosques como en toda la cadena de valor de la industria asociada, ser\u00eda posible generar un impacto beneficioso completo en los tres pilares de la sostenibilidad: la naturaleza, las personas y la econom\u00eda, en un nuevo modelo econ\u00f3mico bajo en carbono.<\/p>\n<p style=\"text-align: justify;\">El potencial de mitigaci\u00f3n de la gesti\u00f3n forestal es el mayor dentro del sector AFOLU, por lo que una nueva iniciativa de incentivos para el secuestro de carbono debe crear un marco que reconozca tambi\u00e9n la contribuci\u00f3n de la <em>Selvicultura del Carbono<\/em>. Esta iniciativa deber\u00eda considerar:<\/p>\n<ul style=\"list-style-type: disc;\">\n<li style=\"text-align: justify;\">Incentivar las funciones de los bosques como sumideros de forma proporcional a su potencial de mitigaci\u00f3n.<\/li>\n<li style=\"text-align: justify;\">Reconocer el esfuerzo de selvicultores, propietarios de bosques y gestores forestales como principales agentes en los terrenos forestales para alcanzar los objetivos clim\u00e1ticos en el sector AFOLU.<\/li>\n<li style=\"text-align: justify;\">Aplicar esquemas de incentivos sobre toda la cadena de valor del sector forestal.<\/li>\n<\/ul>\n<p style=\"text-align: justify;\">El \u201c<a href=\"https:\/\/op.europa.eu\/en\/publication-detail\/-\/publication\/10acfd66-a740-11eb-9585-01aa75ed71a1\/language-en\" target=\"_blank\" rel=\"noopener\"><strong>Manual de orientaci\u00f3n t\u00e9cnica para el dise\u00f1o de mecanismos de cultivo de carbono<\/strong> <strong>orientados a resultados<\/strong><\/a>\u201d, que la Comisi\u00f3n ha publicado en 2021, es un instrumento muy \u00fatil para las administraciones y las organizaciones sectoriales; pero se requiere un manual similar para el dise\u00f1o de mecanismos espec\u00edficos para la gesti\u00f3n forestal.<\/p>\n<p style=\"text-align: justify;\">Resulta sorprendente y contraproducente que la Comisi\u00f3n apoye un Plan para la Plantaci\u00f3n de 3.000 millones de \u00e1rboles antes de 2030 y que la Estrategia Forestal Europea para 2030 no contemple un Plan de Acci\u00f3n para el desarrollo de una selvicultura activa del carbono entre los forestales europeos.<\/p>\n<p style=\"text-align: justify;\">Pensar en crear plantaciones, sin un impulso paralelo de la selvicultura y la planificaci\u00f3n forestal, es un error bien conocido por numerosas administraciones estatales y regionales europeas, que han desarrollado este tipo de programa desde hace m\u00e1s de 150 a\u00f1os.<\/p>\n<p style=\"text-align: justify;\">No referirse a la necesidad paralela ineludible de dise\u00f1ar territorios resilientes que minimicen el riesgo de incendios, vendavales, enfermedades y otras perturbaciones carece de sentido y resulta un desprop\u00f3sito, como conocen bien los profesionales forestales de las regiones y pa\u00edses mediterr\u00e1neos.<\/p>\n<p style=\"text-align: justify;\">Por \u00faltimo, no contemplar simult\u00e1neamente las posibilidades que ofrecen los productos derivados de madera de mantener el carbono durante d\u00e9cadas o incluso siglos y el efecto de substituci\u00f3n que contemplan es una omisi\u00f3n injustificable.<\/p>\n<p style=\"text-align: justify;\">Tal y como reconoce la resoluci\u00f3n del Parlamento Europeo del 8 de Octubre de 2020: <em>\u201clos compromisos internos e internacionales de la UE, por ejemplo, <strong>el Acuerdo Verde Europeo, los Objetivos de Desarrollo Sostenible (ODS) de las Naciones Unidas, el Protocolo de Kioto, el Acuerdo de Par\u00eds y la creaci\u00f3n de una sociedad de cero emisiones, ser\u00e1n imposibles de lograr sin los beneficios clim\u00e1ticos y otros servicios ecosist\u00e9micos proporcionados por los bosques y el sector forestal\u201d.<\/strong><\/em><\/p>\n","protected":false},"excerpt":{"rendered":"<p>COMENTARIOS DEL FORO DE BOSQUES Y CAMBIO CLIM\u00c1TICO A LA INICIATIVA DE LA COMUNICACI\u00d3N \u00abRESTABLECER LOS CICLOS SOSTENIBLES DEL CARBONO\u00bb SOBRE LA CERTIFICACI\u00d3N DE LAS ABSORCIONES DE CARBONO Y LA AGRICULTURA DEL<a class=\"moretag\" href=\"https:\/\/www.fbycc.org\/index.php\/2021\/11\/18\/sobre-restablecer-los-ciclos-sostenibles-del-carbono\/\">Leer m\u00e1s&#8230;<\/a><\/p>\n","protected":false},"author":2,"featured_media":0,"comment_status":"closed","ping_status":"open","sticky":false,"template":"","format":"standard","meta":{"_monsterinsights_skip_tracking":false,"_monsterinsights_sitenote_active":false,"_monsterinsights_sitenote_note":"","_monsterinsights_sitenote_category":0,"footnotes":""},"categories":[11],"tags":[124,121,120,119,123,27,122],"class_list":["post-2489","post","type-post","status-publish","format-standard","hentry","category-noticias","tag-afolu","tag-cabon-silviculture","tag-carbon-farming","tag-european-commission","tag-fit-for-55","tag-lulucf","tag-restoring-sustainable-carbon-cycles"],"_links":{"self":[{"href":"https:\/\/www.fbycc.org\/index.php\/wp-json\/wp\/v2\/posts\/2489","targetHints":{"allow":["GET"]}}],"collection":[{"href":"https:\/\/www.fbycc.org\/index.php\/wp-json\/wp\/v2\/posts"}],"about":[{"href":"https:\/\/www.fbycc.org\/index.php\/wp-json\/wp\/v2\/types\/post"}],"author":[{"embeddable":true,"href":"https:\/\/www.fbycc.org\/index.php\/wp-json\/wp\/v2\/users\/2"}],"replies":[{"embeddable":true,"href":"https:\/\/www.fbycc.org\/index.php\/wp-json\/wp\/v2\/comments?post=2489"}],"version-history":[{"count":11,"href":"https:\/\/www.fbycc.org\/index.php\/wp-json\/wp\/v2\/posts\/2489\/revisions"}],"predecessor-version":[{"id":2500,"href":"https:\/\/www.fbycc.org\/index.php\/wp-json\/wp\/v2\/posts\/2489\/revisions\/2500"}],"wp:attachment":[{"href":"https:\/\/www.fbycc.org\/index.php\/wp-json\/wp\/v2\/media?parent=2489"}],"wp:term":[{"taxonomy":"category","embeddable":true,"href":"https:\/\/www.fbycc.org\/index.php\/wp-json\/wp\/v2\/categories?post=2489"},{"taxonomy":"post_tag","embeddable":true,"href":"https:\/\/www.fbycc.org\/index.php\/wp-json\/wp\/v2\/tags?post=2489"}],"curies":[{"name":"wp","href":"https:\/\/api.w.org\/{rel}","templated":true}]}}