{"id":2450,"date":"2021-10-30T08:57:05","date_gmt":"2021-10-30T08:57:05","guid":{"rendered":"https:\/\/www.fbycc.org\/?p=2450"},"modified":"2021-10-30T08:57:05","modified_gmt":"2021-10-30T08:57:05","slug":"participacion-de-la-comision-europea-en-la-cop26","status":"publish","type":"post","link":"https:\/\/www.fbycc.org\/index.php\/2021\/10\/30\/participacion-de-la-comision-europea-en-la-cop26\/","title":{"rendered":"Participaci\u00f3n de la Comisi\u00f3n Europea en la COP26"},"content":{"rendered":"<p style=\"text-align: justify;\">Del 1 al 12 de noviembre, la Comisi\u00f3n Europea participar\u00e1 en la Conferencia de las Naciones Unidas sobre el Cambio Clim\u00e1tico, COP26, que tendr\u00e1 lugar en Glasgow (Reino Unido). Los d\u00edas 1 y 2 de noviembre, la presidenta\u00a0<strong>Von der Leyen<\/strong>\u00a0representar\u00e1 a la Comisi\u00f3n en la\u00a0<a href=\"https:\/\/unfccc.int\/cop26\/world-leaders-summit\">Cumbre de Dirigentes Mundiales<\/a>, que inaugura oficialmente la COP26. El vicepresidente ejecutivo Frans\u00a0<strong>Timmermans<\/strong>\u00a0dirigir\u00e1 el equipo negociador de la UE. La comisaria Kadri\u00a0<strong>Simson<\/strong>\u00a0tambi\u00e9n asistir\u00e1 a la COP26 y la UE organizar\u00e1 m\u00e1s de 150 actos paralelos en el pabell\u00f3n de la\u00a0UE.<\/p>\n<p style=\"text-align: center;\">\n<iframe loading=\"lazy\" id=\"videoplayer\" title=\" EC press conference by European Commission President Ursula von der LEYEN ahead of the G20 Summit and the UN Climate Change Conference (COP26)\" src=\"https:\/\/audiovisual.ec.europa.eu\/embed\/index.html?ref=I-213136&amp;lg=ES\" width=\"600\" height=\"338\" frameborder=\"0\" scrolling=\"no\" allowfullscreen=\"allowfullscreen\"><\/iframe><\/p>\n<p style=\"text-align: justify;\">La Comisi\u00f3n instar\u00e1 a todas las partes para que cumplan sus compromisos en virtud del Acuerdo de Par\u00eds y reduzcan sus emisiones de gases de efecto invernadero. Tambi\u00e9n instaremos a los pa\u00edses desarrollados a aumentar su financiaci\u00f3n para la lucha contra el cambio clim\u00e1tico a fin de alcanzar el objetivo de 100\u00a0000 millones de d\u00f3lares acordado en Par\u00eds, al que la UE ya aporta m\u00e1s de 25\u00a0000 millones de d\u00f3lares y su contribuci\u00f3n va en aumento, y trabajaremos para ultimar el \u00abc\u00f3digo normativo del Acuerdo de Par\u00eds\u00bb.<\/p>\n<p style=\"text-align: justify;\">En declaraciones previas a la COP26, la presidenta Ursula<strong>\u00a0von der Leyen<\/strong>\u00a0dijo lo siguiente:\u00a0<em>La carrera mundial por llegar a las cero emisiones netas para mediados de siglo ha empezado. Trabajando juntos podemos ser ganadores todos.<\/em><em>\u00a0En la COP26 tenemos el deber de proteger nuestro planeta para las generaciones futuras. En Europa, tenemos todo a punto para alcanzar la neutralidad clim\u00e1tica de aqu\u00ed a 2050 y reducir nuestras emisiones en al menos un 55\u00a0% de aqu\u00ed a 2030. En Glasgow instar\u00e9 a otros l\u00edderes mundiales a hacer lo propio; innovar e invertir en una nueva estrategia de crecimiento m\u00e1s sostenible. En resumen, a prosperar y construir sociedades m\u00e1s saludables, a la vez que se garantiza un futuro mejor para nuestro planeta.<\/em><\/p>\n<p style=\"text-align: justify;\">El vicepresidente ejecutivo responsable del Pacto Verde Europeo, Frans\u00a0<strong>Timmermans<\/strong>, ha declarado lo siguiente:\u00a0<em>Es esencial que aprovechemos el peso de la ciencia, el apoyo popular y el intenso control p\u00fablico que traer\u00e1n consigo las pr\u00f3ximas dos semanas a fin de avanzar con audacia en la acci\u00f3n mundial por el clima. Solo trabajando juntos podremos proteger el futuro de la humanidad en este planeta. En las \u00faltimas semanas he estado trabajando con socios de todos los continentes con el fin de allanar el camino para las pr\u00f3ximas negociaciones. Todos debemos actuar ahora para ultimar el c\u00f3digo normativo del Acuerdo de Par\u00eds, acelerar la reducci\u00f3n de nuestras emisiones y facilitar la financiaci\u00f3n de la lucha contra el cambio clim\u00e1tico que el mundo necesita<\/em>.<\/p>\n<p style=\"text-align: justify;\">En virtud del Acuerdo de Par\u00eds, 195 pa\u00edses acordaron presentar contribuciones determinadas a nivel nacional (CDN), que representan sus objetivos individuales de reducci\u00f3n de emisiones. En su conjunto, estas CDN deber\u00edan contribuir a mantener el cambio de la temperatura media global por debajo de los 2\u00b0C y lo m\u00e1s cerca posible de 1,5\u00b0C para finales de este siglo. El \u00faltimo Informe de s\u00edntesis de la CMNUCC, publicado este mes, muestra que las actuales CDN no cumplen los objetivos del Acuerdo de Par\u00eds, lo que nos situar\u00eda camino de un peligroso calentamiento global de 2,7\u00b0\u00a0C con efectos extremadamente nocivos que plantean un reto existencial.<\/p>\n<p style=\"text-align: justify;\">Los pa\u00edses desarrollados se han comprometido a movilizar un total de 100\u00a0000\u00a0millones de d\u00f3lares anuales de financiaci\u00f3n internacional de la lucha contra el cambio clim\u00e1tico entre 2020 y 2025 para ayudar a los pa\u00edses m\u00e1s vulnerables y a los peque\u00f1os Estados insulares, en particular en sus esfuerzos de mitigaci\u00f3n y adaptaci\u00f3n. La UE es el mayor donante, con una contribuci\u00f3n por encima de la cuarta parte del objetivo, y la presidenta Von der Leyen ha anunciado recientemente un importe adicional de 4\u00a0000\u00a0millones\u00a0EUR con cargo al presupuesto de la UE hasta 2027. Sin embargo, otros socios tienen que redoblar sus esfuerzos y hacer frente al d\u00e9ficit actual de casi 20\u00a0000\u00a0millones de d\u00f3lares. La financiaci\u00f3n de la lucha contra el cambio clim\u00e1tico es esencial para contribuir a que las comunidades vulnerables se protejan contra los efectos del cambio clim\u00e1tico y desarrollen una econom\u00eda limpia.<\/p>\n<p style=\"text-align: justify;\">Seis a\u00f1os despu\u00e9s de la adopci\u00f3n del Acuerdo de Par\u00eds, la UE negociar\u00e1 tambi\u00e9n con otras partes en la COP26 para ultimar el \u00abc\u00f3digo normativo del Acuerdo Par\u00eds\u00bb de normas y procedimientos para la aplicaci\u00f3n del Acuerdo. En particular, estamos buscando un acuerdo que garantice la integridad medioambiental de los mercados mundiales del carbono y que regule la transparencia y las obligaciones de informaci\u00f3n. Un mercado internacional del carbono que funcione correctamente puede generar inversiones adicionales en la transici\u00f3n ecol\u00f3gica y acelerar la reducci\u00f3n de las emisiones de manera eficiente desde el punto de vista econ\u00f3mico.<\/p>\n<p style=\"text-align: justify;\"><strong>Actos paralelos de la UE en la COP26<\/strong><\/p>\n<p style=\"text-align: justify;\">Durante la conferencia, la UE celebrar\u00e1 m\u00e1s de 150 actos paralelos en el pabell\u00f3n de la UE de Glasgow y en l\u00ednea. Estos actos, organizados por distintos pa\u00edses y organizaciones, tanto de Europa como de otras partes del mundo, abordar\u00e1n una gran variedad de cuestiones relacionadas con el clima, como la transici\u00f3n energ\u00e9tica, la financiaci\u00f3n sostenible y la investigaci\u00f3n e innovaci\u00f3n.<\/p>\n<p style=\"text-align: justify;\"><strong>Contexto<\/strong><\/p>\n<p style=\"text-align: justify;\">La Uni\u00f3n Europea es l\u00edder mundial de la acci\u00f3n por el clima al haber reducido ya sus emisiones de gases de efecto invernadero en un 31\u00a0% con respecto a los niveles de 1990, al tiempo que su econom\u00eda crec\u00eda en m\u00e1s de un 60\u00a0%. Con el\u00a0<a href=\"https:\/\/ec.europa.eu\/info\/strategy\/priorities-2019-2024\/european-green-deal_es\">Pacto Verde Europeo<\/a>, presentado en diciembre de 2019, la UE volvi\u00f3 a aumentar su ambici\u00f3n clim\u00e1tica comprometi\u00e9ndose a alcanzar la neutralidad clim\u00e1tica de aqu\u00ed a 2050. Este objetivo pas\u00f3 a ser jur\u00eddicamente vinculante con la adopci\u00f3n y la entrada en vigor de la\u00a0<a href=\"https:\/\/ec.europa.eu\/clima\/eu-action\/european-green-deal\/european-climate-law_es\">Ley Europea del Clima<\/a>, en julio de 2021. La Ley Europea del Clima tambi\u00e9n establece un objetivo intermedio de reducci\u00f3n de las emisiones netas de gases de efecto invernadero para 2030 en al menos un 55\u00a0% con respecto a los niveles de 1990. Este objetivo para 2030 se\u00a0<a href=\"https:\/\/www4.unfccc.int\/sites\/ndcstaging\/PublishedDocuments\/European%20Union%20First\/EU_NDC_Submission_December%202020.pdf\">comunic\u00f3<\/a>\u00a0a la CMNUCC en diciembre de 2020 como CDN de la UE en el marco del Acuerdo de Par\u00eds. Con el objetivo de cumplir estos compromisos, la Comisi\u00f3n Europea present\u00f3\u00a0<a href=\"https:\/\/ec.europa.eu\/info\/strategy\/priorities-2019-2024\/european-green-deal\/delivering-european-green-deal_en\">un paquete de propuestas<\/a>\u00a0en julio de 2021 para adaptar las pol\u00edticas de la UE en materia de clima, energ\u00eda, uso del suelo, transporte y fiscalidad a fin de reducir las emisiones netas de gases de efecto invernadero en al menos un 55\u00a0% para 2030.<\/p>\n<p style=\"text-align: justify;\"><strong>M\u00e1s informaci\u00f3n<\/strong><\/p>\n<p style=\"text-align: justify;\"><a href=\"https:\/\/ec.europa.eu\/commission\/presscorner\/detail\/es\/qanda_21_5482\">Preguntas y respuestas sobre la UE en la COP26<\/a><\/p>\n<p style=\"text-align: justify;\"><a href=\"https:\/\/ec.europa.eu\/commission\/presscorner\/detail\/es\/fs_21_5485\">De la ambici\u00f3n a la acci\u00f3n: Actuar juntos por el planeta (ficha informativa)<\/a><\/p>\n<p style=\"text-align: justify;\"><a href=\"https:\/\/www.cop26eusideevents.eu\/\">P\u00e1gina web de la Comisi\u00f3n Europea sobre la COP26 y programa de actos paralelos<\/a><\/p>\n<p>&nbsp;<\/p>\n<p>Fuente: Comisi\u00f3n Europea<\/p>\n","protected":false},"excerpt":{"rendered":"<p>Del 1 al 12 de noviembre, la Comisi\u00f3n Europea participar\u00e1 en la Conferencia de las Naciones Unidas sobre el Cambio Clim\u00e1tico, COP26, que tendr\u00e1 lugar en Glasgow (Reino Unido). Los d\u00edas 1<a class=\"moretag\" href=\"https:\/\/www.fbycc.org\/index.php\/2021\/10\/30\/participacion-de-la-comision-europea-en-la-cop26\/\">Leer m\u00e1s&#8230;<\/a><\/p>\n","protected":false},"author":2,"featured_media":0,"comment_status":"closed","ping_status":"open","sticky":false,"template":"","format":"standard","meta":{"_monsterinsights_skip_tracking":false,"_monsterinsights_sitenote_active":false,"_monsterinsights_sitenote_note":"","_monsterinsights_sitenote_category":0,"footnotes":""},"categories":[11],"tags":[118,117,86,116,55],"class_list":["post-2450","post","type-post","status-publish","format-standard","hentry","category-noticias","tag-euatcop26","tag-eugreendeal","tag-comision-europea","tag-cop26","tag-europa"],"_links":{"self":[{"href":"https:\/\/www.fbycc.org\/index.php\/wp-json\/wp\/v2\/posts\/2450","targetHints":{"allow":["GET"]}}],"collection":[{"href":"https:\/\/www.fbycc.org\/index.php\/wp-json\/wp\/v2\/posts"}],"about":[{"href":"https:\/\/www.fbycc.org\/index.php\/wp-json\/wp\/v2\/types\/post"}],"author":[{"embeddable":true,"href":"https:\/\/www.fbycc.org\/index.php\/wp-json\/wp\/v2\/users\/2"}],"replies":[{"embeddable":true,"href":"https:\/\/www.fbycc.org\/index.php\/wp-json\/wp\/v2\/comments?post=2450"}],"version-history":[{"count":11,"href":"https:\/\/www.fbycc.org\/index.php\/wp-json\/wp\/v2\/posts\/2450\/revisions"}],"predecessor-version":[{"id":2481,"href":"https:\/\/www.fbycc.org\/index.php\/wp-json\/wp\/v2\/posts\/2450\/revisions\/2481"}],"wp:attachment":[{"href":"https:\/\/www.fbycc.org\/index.php\/wp-json\/wp\/v2\/media?parent=2450"}],"wp:term":[{"taxonomy":"category","embeddable":true,"href":"https:\/\/www.fbycc.org\/index.php\/wp-json\/wp\/v2\/categories?post=2450"},{"taxonomy":"post_tag","embeddable":true,"href":"https:\/\/www.fbycc.org\/index.php\/wp-json\/wp\/v2\/tags?post=2450"}],"curies":[{"name":"wp","href":"https:\/\/api.w.org\/{rel}","templated":true}]}}