{"id":2426,"date":"2021-07-27T08:00:03","date_gmt":"2021-07-27T08:00:03","guid":{"rendered":"https:\/\/www.fbycc.org\/?p=2426"},"modified":"2021-07-27T08:02:20","modified_gmt":"2021-07-27T08:02:20","slug":"arboles-contra-el-cambio-climatico-2","status":"publish","type":"post","link":"https:\/\/www.fbycc.org\/index.php\/2021\/07\/27\/arboles-contra-el-cambio-climatico-2\/","title":{"rendered":"\u00c1RBOLES CONTRA EL CAMBIO CLIM\u00c1TICO"},"content":{"rendered":"<p>&nbsp;<\/p>\n<p style=\"text-align: justify;\"><span style=\"font-weight: 400;\"><em><img loading=\"lazy\" decoding=\"async\" class=\"size-full wp-image-2422 alignright\" src=\"https:\/\/www.fbycc.org\/wp-content\/uploads\/2021\/07\/eduardo-rojas-elecciones-coim-osbo.jpg\" alt=\"\" width=\"376\" height=\"412\" srcset=\"https:\/\/www.fbycc.org\/wp-content\/uploads\/2021\/07\/eduardo-rojas-elecciones-coim-osbo.jpg 376w, https:\/\/www.fbycc.org\/wp-content\/uploads\/2021\/07\/eduardo-rojas-elecciones-coim-osbo-274x300.jpg 274w\" sizes=\"auto, (max-width: 376px) 100vw, 376px\" \/>Art\u00edculo de Eduardo Rojas Briales, profesor de la Universidad Polit\u00e9cnica de Valencia, Decano del Colegio Oficial de Ingenieros de Montes, exsubdirector general de FAO<\/em>.<\/span><\/p>\n<p style=\"text-align: justify;\"><span style=\"font-weight: 400;\">La conjunci\u00f3n del Green New Deal de la UE y la Presidencia de Biden en USA est\u00e1 impulsando la lucha contra el cambio clim\u00e1tico tanto a escala global como de nuestro pa\u00eds como pone de manifiesto la reci\u00e9n aprobada Ley de Cambio Clim\u00e1tico. Pero este hecho no se limita al sector p\u00fablico, las grandes empresas lo han asumido plenamente convirti\u00e9ndose en un actor clave.<\/span><\/p>\n<p style=\"text-align: justify;\"><span style=\"font-weight: 400;\">El ambicioso objetivo de la carbono-neutralidad como m\u00e1ximo en 2050 comporta algunos retos como son el almacenaje energ\u00e9tico, el transporte a\u00e9reo, mar\u00edtimo y terrestre pesado adem\u00e1s de la producci\u00f3n de ciertos derivados de hidrocarburos carentes de alternativas viables. A diferencia de otros contaminantes o de los accidentes, el CO2 no solo se emite, sino que puede igualmente secuestrarse bien sea por la vegetaci\u00f3n o por los oc\u00e9anos. Como quiera que los oc\u00e9anos no son gestionables un creciente n\u00famero de actores est\u00e1n identificando plantar bosques como la alternativa a compensar las emisiones inevitables en 30 a\u00f1os. A ello se une que en el proceso de cambio clim\u00e1tico la contabilizaci\u00f3n de la repoblaci\u00f3n ha avanzado mucho m\u00e1s debido a su mayor simplicidad.<\/span><\/p>\n<p style=\"text-align: justify;\"><span style=\"font-weight: 400;\">Est\u00e1 surgiendo en los pasados meses tambi\u00e9n aqu\u00ed un a veces desaforado inter\u00e9s por identificar terrenos bald\u00edos que repoblar con el pr\u00e1cticamente \u00fanico objetivo de descontar el futuro secuestro de CO2 en principio muy loable pero que necesita ser enmarcado para evitar disfunciones, errores ya cometidos, generar un tratamiento discriminatorio y fracasos sonoros p.e., aplicando t\u00e9cnicas no suficientemente contratadas como la siembra con drones.<\/span><\/p>\n<p style=\"text-align: justify;\"><span style=\"font-weight: 400;\">Supondr\u00eda un grav\u00edsimo error ignorar el conocimiento acumulado y a los actores arraigados pretendiendo simplificar lo que es complejo y fiando todo a un aluvi\u00f3n moment\u00e1neo de recursos no siempre solventemente asistidos. Tampoco ser\u00eda correcto instrumentalizar las repoblaciones para alargar el modelo econ\u00f3mico f\u00f3sil que padecemos (green washing).<\/span><\/p>\n<p style=\"text-align: justify;\"><span style=\"font-weight: 400;\">Siempre es conveniente conocer de donde partimos. Los terrenos forestales ocupan un 55% de Espa\u00f1a y los bosques un 37%. Si lo comparamos con nuestro entorno es cierto que estamos a pocos puntos de la media de la UE (43%) pero no lo es menos que los pa\u00edses n\u00f3rdicos carentes de agricultura y poco poblados no son comparables siendo nuestra cubierta forestal de las primeras del resto de la UE. Desde los m\u00ednimos de cobertura arb\u00f3rea hace 150 a\u00f1os hemos multiplicado entre 2 y 3 veces su extensi\u00f3n, y en los pasados 45 a\u00f1os en un 120% los stocks de madera. Por lo tanto, no es riguroso justificar la repoblaci\u00f3n por la deforestaci\u00f3n de Espa\u00f1a como s\u00ed lo fue hasta hace 50 a\u00f1os.<\/span><\/p>\n<p style=\"text-align: justify;\"><span style=\"font-weight: 400;\">Sin duda quedan zonas a repoblar, pero ya no en la dimensi\u00f3n de anta\u00f1o y considerando que en una parte importante se est\u00e1 produciendo este proceso de forma espont\u00e1nea y que ser\u00eda mucho m\u00e1s recomendable guiarlo siguiendo la pr\u00e1ctica identificada en Asia de regeneraci\u00f3n natural asistida que no solo es menos costosa, sino que preserva mejor la biodiversidad, sobre todo gen\u00e9tica. Sin olvidar que hay lugares donde no es deseable una cubierta arb\u00f3rea sea por prevenci\u00f3n de incendios \u2013 continuidad horizontal -, biodiversidad asociada a espacios abiertos o de bocage o las limitaciones del suelo, pendiente o clima no lo recomiendan. Adem\u00e1s, ante la perspectiva de 10.000 millones de habitantes en 2100 tampoco tiene sentido perder tierras agr\u00edcolas productivas.<\/span><\/p>\n<p style=\"text-align: justify;\"><span style=\"font-weight: 400;\">No debemos tampoco olvidar que los bosques contribuyen a la pr\u00e1ctica totalidad de los ODS de forma substantiva, relevante o moderada por lo que ser\u00eda un error pretender instrumentalizarlos exclusivamente como sumideros de carbono como lo fuera en el pasado para reducir excedentes agr\u00edcolas o limitarlos a la producci\u00f3n de madera, a la regulaci\u00f3n h\u00eddrica o a la biodiversidad. Disponemos de las t\u00e9cnicas para integrar todas estas demandas, pero de una forma ponderada y con visi\u00f3n de largo plazo.<\/span><\/p>\n<p style=\"text-align: justify;\"><span style=\"font-weight: 400;\">Tambi\u00e9n es necesario prestar atenci\u00f3n a la dimensi\u00f3n social. Los montes pertenecen en nuestro pa\u00eds en un 95% a m\u00e1s de 2 millones de peque\u00f1os propietarios familiares y a varios miles de peque\u00f1os ayuntamientos y colectividades vecinales de monta\u00f1a que por principios \u00e9ticos y requisitos legales deben ser integrados en este proceso.<\/span><\/p>\n<p style=\"text-align: justify;\"><span style=\"font-weight: 400;\">La pol\u00edtica forestal ha venido padeciendo de una grave indigencia presupuestaria fruto de la falta de competencia de la UE en esta materia lo que ha ocasionado una marginal inversi\u00f3n de la PAC de tan solo el 3% en tan vasto territorio. El Estado una vez transferidas estas competencias en los 80s se ha venido desentiendo de su financiaci\u00f3n y las CC.AA. m\u00e1s extensas y afectadas por la despoblaci\u00f3n disponen de una intensidad de ingresos fiscales\/km2 de hasta 200 veces inferior a la holandesa para destinar a aquellas pol\u00edticas cuyo coste est\u00e1 fuertemente vinculado al territorio como la forestal. Ante la amenaza de los incendios, la pr\u00e1ctica totalidad de medios se han derivado a la extinci\u00f3n lo que genera un modelo que focaliza en el s\u00edntoma y no en superar la causa del problema que no es otra que el abandono de la gesti\u00f3n forestal y el medio rural de monta\u00f1a.<\/span><\/p>\n<p style=\"text-align: justify;\"><span style=\"font-weight: 400;\">Desde una perspectiva pol\u00edtica y econ\u00f3mica resulta poco recomendable apostar por ampliar los bosques cuando venimos ya de un crecimiento excepcional en los pasados decenios y que contin\u00faa antes de consolidar lo que tenemos y resolver las muchas cuestiones pendientes como la infrafinanciaci\u00f3n, el minifundio o la aversi\u00f3n de la pol\u00edtica de biodiversidad por la gesti\u00f3n y que est\u00e1 recibiendo un fuerte impulso por el enfoque fuertemente prescriptor de la nueva Estrategia de Biodiversidad de la UE. Si conseguimos poner en valor esa inmensa extensi\u00f3n de bosques que tenemos por s\u00ed mismos se expandir\u00e1n donde sea viable y la gente buscar\u00e1 oportunidades para plantar m\u00e1s, pero si contin\u00faan abandonados ser\u00e1 harto inveros\u00edmil convencer al paisano de su viabilidad acabando finalmente pasto de las llamas.<\/span><\/p>\n<p style=\"text-align: justify;\"><span style=\"font-weight: 400;\">Hemos venido viviendo de espaldas al mundo rural, especialmente el de monta\u00f1a, y a los bosques aprovech\u00e1ndonos de lo mucho que nos aportan sin comprometernos en asegurar un retorno ecu\u00e1nime que asegure su mantenimiento fiando ingenuamente en su mera protecci\u00f3n formal su futuro. Obviamente, la gente ha emigrado y la gesti\u00f3n forestal se ha abandonado en muchos lugares.<\/span><\/p>\n<p style=\"text-align: justify;\"><span style=\"font-weight: 400;\">El crecimiento de la masa forestal en extensi\u00f3n y densidad compensa en este momento \u00bc de nuestras emisiones de CO2 que valoradas al precio del mercado de carbono del cual est\u00e1n injustificablemente excluidos suponen 4.000 millones \u20ac\/a\u00f1o o lo que equivale a 8 veces del presupuesto forestal actual. Si el impulso a la lucha contra el cambio clim\u00e1tico facilita la concienciaci\u00f3n sobre la importancia estrat\u00e9gica de los bosques solo hay un camino: prestarles la atenci\u00f3n que se merecen movilizando los medios necesarios, desde una visi\u00f3n fuertemente focalizada en el territorio y a largo plazo, considerar todas sus dimensiones no solo la clim\u00e1tica as\u00ed como integrar la ciencia y el saber acumulado de los profesionales forestales otorgando el protagonismo que merecen a las comunidades locales que los han venido sosteniendo.<\/span><\/p>\n<p style=\"text-align: justify;\"><span style=\"font-weight: 400;\">La repoblaci\u00f3n es una de numerosas t\u00e9cnicas de las que dispone la disciplina forestal como ocurre en muchas otras como la medicina, el derecho u otras ingenier\u00edas y que nunca deben convertirse en un fin en su mismas. La sociedad debe marcar objetivos y movilizar recursos, pero respetar dentro de cada disciplina competente en que orden, prioridad y lugar se aplican cada una de las pr\u00e1cticas concretas evitando en todo momento la diluci\u00f3n de responsabilidades.<\/span><\/p>\n<p>Fuente: ABC Levante<\/p>\n","protected":false},"excerpt":{"rendered":"<p>&nbsp; Art\u00edculo de Eduardo Rojas Briales, profesor de la Universidad Polit\u00e9cnica de Valencia, Decano del Colegio Oficial de Ingenieros de Montes, exsubdirector general de FAO. La conjunci\u00f3n del Green New Deal de<a class=\"moretag\" href=\"https:\/\/www.fbycc.org\/index.php\/2021\/07\/27\/arboles-contra-el-cambio-climatico-2\/\">Leer m\u00e1s&#8230;<\/a><\/p>\n","protected":false},"author":2,"featured_media":0,"comment_status":"closed","ping_status":"open","sticky":false,"template":"","format":"standard","meta":{"_monsterinsights_skip_tracking":false,"_monsterinsights_sitenote_active":false,"_monsterinsights_sitenote_note":"","_monsterinsights_sitenote_category":0,"footnotes":""},"categories":[11],"tags":[],"class_list":["post-2426","post","type-post","status-publish","format-standard","hentry","category-noticias"],"_links":{"self":[{"href":"https:\/\/www.fbycc.org\/index.php\/wp-json\/wp\/v2\/posts\/2426","targetHints":{"allow":["GET"]}}],"collection":[{"href":"https:\/\/www.fbycc.org\/index.php\/wp-json\/wp\/v2\/posts"}],"about":[{"href":"https:\/\/www.fbycc.org\/index.php\/wp-json\/wp\/v2\/types\/post"}],"author":[{"embeddable":true,"href":"https:\/\/www.fbycc.org\/index.php\/wp-json\/wp\/v2\/users\/2"}],"replies":[{"embeddable":true,"href":"https:\/\/www.fbycc.org\/index.php\/wp-json\/wp\/v2\/comments?post=2426"}],"version-history":[{"count":7,"href":"https:\/\/www.fbycc.org\/index.php\/wp-json\/wp\/v2\/posts\/2426\/revisions"}],"predecessor-version":[{"id":2433,"href":"https:\/\/www.fbycc.org\/index.php\/wp-json\/wp\/v2\/posts\/2426\/revisions\/2433"}],"wp:attachment":[{"href":"https:\/\/www.fbycc.org\/index.php\/wp-json\/wp\/v2\/media?parent=2426"}],"wp:term":[{"taxonomy":"category","embeddable":true,"href":"https:\/\/www.fbycc.org\/index.php\/wp-json\/wp\/v2\/categories?post=2426"},{"taxonomy":"post_tag","embeddable":true,"href":"https:\/\/www.fbycc.org\/index.php\/wp-json\/wp\/v2\/tags?post=2426"}],"curies":[{"name":"wp","href":"https:\/\/api.w.org\/{rel}","templated":true}]}}