{"id":2353,"date":"2021-06-05T07:53:35","date_gmt":"2021-06-05T07:53:35","guid":{"rendered":"https:\/\/www.fbycc.org\/?p=2353"},"modified":"2021-12-04T12:25:08","modified_gmt":"2021-12-04T12:25:08","slug":"2353","status":"publish","type":"post","link":"https:\/\/www.fbycc.org\/index.php\/2021\/06\/05\/2353\/","title":{"rendered":"La gesti\u00f3n de los bosques, clave en la lucha contra el cambio clim\u00e1tico"},"content":{"rendered":"<h1 class=\"legacy\" style=\"text-align: center;\">La gesti\u00f3n de los bosques, clave en la lucha contra el cambio clim\u00e1tico<\/h1>\n<p style=\"text-align: center;\"><a href=\"https:\/\/theconversation.com\/profiles\/agustin-rubio-sanchez-693585\">Agust\u00edn Rubio S\u00e1nchez<\/a>, <em><a href=\"https:\/\/theconversation.com\/institutions\/universidad-politecnica-de-madrid-upm-1649\">Universidad Polit\u00e9cnica de Madrid (UPM)<\/a><br \/>\n<\/em> <a href=\"https:\/\/theconversation.com\/profiles\/rafael-calama-sainz-1187295\">Rafael Calama Sainz<\/a>, <em><a href=\"https:\/\/theconversation.com\/institutions\/instituto-nacional-de-investigacion-y-tecnologia-agraria-y-alimentaria-inia-4139\">Instituto Nacional de Investigaci\u00f3n y Tecnolog\u00eda Agraria y Alimentaria (INIA)<\/a><\/em><\/p>\n<figure><img decoding=\"async\" class=\"aligncenter\" src=\"https:\/\/images.theconversation.com\/files\/403205\/original\/file-20210527-15-1vq3ztt.jpg?ixlib=rb-1.1.0&amp;rect=7%2C0%2C4985%2C3323&amp;q=45&amp;auto=format&amp;w=754&amp;fit=clip\" \/><figcaption><span class=\"attribution\"><a class=\"source\" href=\"https:\/\/www.shutterstock.com\/es\/image-photo\/forest-engineering-management-renewable-resources-forester-1798719079\">Shutterstock \/ ronstik<\/a><\/span><\/figcaption><\/figure>\n<p>El pasado 21 de mayo se public\u00f3 en el Bolet\u00edn Oficial del Estado la Ley de Cambio Clim\u00e1tico y Transici\u00f3n Energ\u00e9tica. Aunque supone un gran paso en la lucha contra el cambio clim\u00e1tico, desde muchos \u00e1mbitos se considera que deber\u00eda haber sido m\u00e1s ambiciosa y entre ellos est\u00e1 el sector forestal. Baste recordar que aproximadamente un tercio del CO\u2082 de origen humano emitido a la atm\u00f3sfera es capturado por los ecosistemas terrestres, principalmente por los sistemas forestales. Por eso son una herramienta fundamental en las estrategias de mitigaci\u00f3n del cambio clim\u00e1tico.<\/p>\n<p>Estas absorciones <a href=\"https:\/\/www.boe.es\/doue\/2018\/156\/L00001-00025.pdf\">se emplean para compensar las emisiones de otros sectores<\/a> en la contabilidad para alcanzar el objetivo de reducir los gases de efecto invernadero en la Uni\u00f3n Europea para 2030. Para incrementar ese efecto sumidero, el actual <a href=\"https:\/\/eur-lex.europa.eu\/legal-content\/EN\/TXT\/?uri=COM:2020:562:FIN\">sistema de contabilidad<\/a> incentiva principalmente las repoblaciones.<\/p>\n<p>Sin embargo, no se debe olvidar, obviar o menospreciar la importancia de la gesti\u00f3n forestal sobre las masas ya existentes, tanto para favorecer su adaptaci\u00f3n al nuevo escenario clim\u00e1tico \u2013y evitar as\u00ed su degradaci\u00f3n y el posible retorno del CO\u2082 a la atm\u00f3sfera\u2013 como para mejorar y aumentar su capacidad de fijaci\u00f3n de carbono (sin olvidar garantizar la provisi\u00f3n del resto de servicios ecosist\u00e9micos que los bosques proporcionan a la sociedad).<\/p>\n<figure class=\"align-center zoomable\"><a href=\"https:\/\/images.theconversation.com\/files\/402367\/original\/file-20210524-19-1gt4rav.png?ixlib=rb-1.1.0&amp;q=45&amp;auto=format&amp;w=1000&amp;fit=clip\"><img decoding=\"async\" class=\"aligncenter\" src=\"https:\/\/images.theconversation.com\/files\/402367\/original\/file-20210524-19-1gt4rav.png?ixlib=rb-1.1.0&amp;q=45&amp;auto=format&amp;w=754&amp;fit=clip\" sizes=\"(min-width: 1466px) 754px, (max-width: 599px) 100vw, (min-width: 600px) 600px, 237px\" srcset=\"https:\/\/images.theconversation.com\/files\/402367\/original\/file-20210524-19-1gt4rav.png?ixlib=rb-1.1.0&amp;q=45&amp;auto=format&amp;w=600&amp;h=421&amp;fit=crop&amp;dpr=1 600w, https:\/\/images.theconversation.com\/files\/402367\/original\/file-20210524-19-1gt4rav.png?ixlib=rb-1.1.0&amp;q=30&amp;auto=format&amp;w=600&amp;h=421&amp;fit=crop&amp;dpr=2 1200w, https:\/\/images.theconversation.com\/files\/402367\/original\/file-20210524-19-1gt4rav.png?ixlib=rb-1.1.0&amp;q=15&amp;auto=format&amp;w=600&amp;h=421&amp;fit=crop&amp;dpr=3 1800w, https:\/\/images.theconversation.com\/files\/402367\/original\/file-20210524-19-1gt4rav.png?ixlib=rb-1.1.0&amp;q=45&amp;auto=format&amp;w=754&amp;h=529&amp;fit=crop&amp;dpr=1 754w, https:\/\/images.theconversation.com\/files\/402367\/original\/file-20210524-19-1gt4rav.png?ixlib=rb-1.1.0&amp;q=30&amp;auto=format&amp;w=754&amp;h=529&amp;fit=crop&amp;dpr=2 1508w, https:\/\/images.theconversation.com\/files\/402367\/original\/file-20210524-19-1gt4rav.png?ixlib=rb-1.1.0&amp;q=15&amp;auto=format&amp;w=754&amp;h=529&amp;fit=crop&amp;dpr=3 2262w\" alt=\"Gr\u00e1fico que muestra el carbono absorbido y emisiones evitadas\" \/><\/a><figcaption><span style=\"font-size: 10pt;\"><span class=\"caption\">Figura 1. Balance de carbono resultante de la aplicaci\u00f3n de un proyecto hipot\u00e9tico de gesti\u00f3n forestal.<\/span><span class=\"attribution\"><a class=\"source\" href=\"https:\/\/www.ipcc.ch\/site\/assets\/uploads\/2018\/03\/WGI_TAR_full_report.pdf\"> IPCC Third Assessment Report WG3 (2001)<\/a><\/span><\/span><\/figcaption><\/figure>\n<h2>La selvicultura aumenta la absorci\u00f3n de CO\u2082<\/h2>\n<p style=\"text-align: left;\">Desde el punto de vista de la intervenci\u00f3n sobre el bosque, son dos los aspectos principales en los que la selvicultura puede incidir en la capacidad de fijaci\u00f3n de carbono, modificando la composici\u00f3n y la espesura.<\/p>\n<ol>\n<li style=\"text-align: left;\"><strong>Aumento de la cantidad de especies presentes en un bosque.<\/strong> La diversificaci\u00f3n de una masa forestal se puede conseguir mediante la aplicaci\u00f3n de cortas de liberaci\u00f3n, la apertura de huecos en el dosel e incluso mediante plantaciones de enriquecimiento. Esta diversificaci\u00f3n conlleva un <a href=\"https:\/\/link.springer.com\/article\/10.1007\/s10342-008-0215-9\">aumento de la productividad total y de su capacidad de fijaci\u00f3n de carbono<\/a>, as\u00ed como una menor vulnerabilidad frente a agentes bi\u00f3ticos y abi\u00f3ticos.<\/li>\n<li style=\"text-align: left;\"><strong>Reducci\u00f3n de la competencia y aumento del vigor y crecimiento de los \u00e1rboles.<\/strong> Es el resultado de la aplicaci\u00f3n de claras y cortas de mejora. Estos tratamientos permiten aumentar la capacidad de fijaci\u00f3n de CO\u2082 del arbolado remanente, permitiendo la obtenci\u00f3n de productos finales de mayor dimensi\u00f3n y calidad. Productos que suelen tener mayor vida \u00fatil, de manera que en ellos el carbono quedar\u00e1 retenido durante mayor tiempo.<\/li>\n<\/ol>\n<figure class=\"align-center zoomable\"><img decoding=\"async\" class=\"aligncenter\" src=\"https:\/\/images.theconversation.com\/files\/402368\/original\/file-20210524-23-aistrz.png?ixlib=rb-1.1.0&amp;q=45&amp;auto=format&amp;w=754&amp;fit=clip\" sizes=\"(min-width: 1466px) 754px, (max-width: 599px) 100vw, (min-width: 600px) 600px, 237px\" srcset=\"https:\/\/images.theconversation.com\/files\/402368\/original\/file-20210524-23-aistrz.png?ixlib=rb-1.1.0&amp;q=45&amp;auto=format&amp;w=600&amp;h=799&amp;fit=crop&amp;dpr=1 600w, https:\/\/images.theconversation.com\/files\/402368\/original\/file-20210524-23-aistrz.png?ixlib=rb-1.1.0&amp;q=30&amp;auto=format&amp;w=600&amp;h=799&amp;fit=crop&amp;dpr=2 1200w, https:\/\/images.theconversation.com\/files\/402368\/original\/file-20210524-23-aistrz.png?ixlib=rb-1.1.0&amp;q=15&amp;auto=format&amp;w=600&amp;h=799&amp;fit=crop&amp;dpr=3 1800w, https:\/\/images.theconversation.com\/files\/402368\/original\/file-20210524-23-aistrz.png?ixlib=rb-1.1.0&amp;q=45&amp;auto=format&amp;w=754&amp;h=1005&amp;fit=crop&amp;dpr=1 754w, https:\/\/images.theconversation.com\/files\/402368\/original\/file-20210524-23-aistrz.png?ixlib=rb-1.1.0&amp;q=30&amp;auto=format&amp;w=754&amp;h=1005&amp;fit=crop&amp;dpr=2 1508w, https:\/\/images.theconversation.com\/files\/402368\/original\/file-20210524-23-aistrz.png?ixlib=rb-1.1.0&amp;q=15&amp;auto=format&amp;w=754&amp;h=1005&amp;fit=crop&amp;dpr=3 2262w\" alt=\"Pinos de la especie Pinus sylvestris\" \/><span class=\"caption\" style=\"font-size: 10pt;\">Figura 2. Pinar de <em>Pinus sylvestris<\/em> (Sierra de Urbi\u00f3n) tras la realizaci\u00f3n de una clara. Con la disminuci\u00f3n de la densidad se favorece el crecimiento en di\u00e1metro de los \u00e1rboles remanentes y, por tanto, el incremento de biomasa, permitiendo obtener productos maderables con una vida \u00fatil m\u00e1s larga. Sierra de Urbi\u00f3n. <\/span><span class=\"attribution\" style=\"font-size: 10pt;\"><span class=\"source\">R. Calama<\/span>, <span class=\"license\">Author provided<\/span><\/span><\/figure>\n<figure class=\"align-center zoomable\"><a href=\"https:\/\/images.theconversation.com\/files\/402369\/original\/file-20210524-21-1iabyxb.png?ixlib=rb-1.1.0&amp;q=45&amp;auto=format&amp;w=1000&amp;fit=clip\"><img decoding=\"async\" class=\"aligncenter\" src=\"https:\/\/images.theconversation.com\/files\/402369\/original\/file-20210524-21-1iabyxb.png?ixlib=rb-1.1.0&amp;q=45&amp;auto=format&amp;w=754&amp;fit=clip\" sizes=\"(min-width: 1466px) 754px, (max-width: 599px) 100vw, (min-width: 600px) 600px, 237px\" srcset=\"https:\/\/images.theconversation.com\/files\/402369\/original\/file-20210524-21-1iabyxb.png?ixlib=rb-1.1.0&amp;q=45&amp;auto=format&amp;w=600&amp;h=451&amp;fit=crop&amp;dpr=1 600w, https:\/\/images.theconversation.com\/files\/402369\/original\/file-20210524-21-1iabyxb.png?ixlib=rb-1.1.0&amp;q=30&amp;auto=format&amp;w=600&amp;h=451&amp;fit=crop&amp;dpr=2 1200w, https:\/\/images.theconversation.com\/files\/402369\/original\/file-20210524-21-1iabyxb.png?ixlib=rb-1.1.0&amp;q=15&amp;auto=format&amp;w=600&amp;h=451&amp;fit=crop&amp;dpr=3 1800w, https:\/\/images.theconversation.com\/files\/402369\/original\/file-20210524-21-1iabyxb.png?ixlib=rb-1.1.0&amp;q=45&amp;auto=format&amp;w=754&amp;h=567&amp;fit=crop&amp;dpr=1 754w, https:\/\/images.theconversation.com\/files\/402369\/original\/file-20210524-21-1iabyxb.png?ixlib=rb-1.1.0&amp;q=30&amp;auto=format&amp;w=754&amp;h=567&amp;fit=crop&amp;dpr=2 1508w, https:\/\/images.theconversation.com\/files\/402369\/original\/file-20210524-21-1iabyxb.png?ixlib=rb-1.1.0&amp;q=15&amp;auto=format&amp;w=754&amp;h=567&amp;fit=crop&amp;dpr=3 2262w\" alt=\"Pinos separados y matorrales\" \/><\/a><figcaption><span style=\"font-size: 10pt;\"><span style=\"font-size: 10pt;\"><span class=\"caption\">Figura 3. Pinar de <em>Pinus pinaster<\/em> (en Quintana Redonda, Soria) transcurridos unos a\u00f1os tras efectuar una corta de regeneraci\u00f3n. Debido al temperamento heli\u00f3filo de esta especie, la exposici\u00f3n del suelo al sol favorece la aparici\u00f3n de nuevas plantas con la consecuente regeneraci\u00f3n del arbolado y perpetuaci\u00f3n del sistema. <\/span><span class=\"attribution\"><span class=\"source\">R. Calama<\/span>, <span class=\"license\">Author provided.<\/span><\/span><\/span><\/span><\/figcaption><\/figure>\n<p>La mejora del crecimiento individual compensa la reducci\u00f3n puntual del arbolado existente en el bosque. <a href=\"https:\/\/link.springer.com\/article\/10.1007%2Fs10342-012-0672-z\">Est\u00e1 demostrado cient\u00edficamente<\/a> que la aplicaci\u00f3n de determinados esquemas de claras puede incrementar el total del CO\u2082 absorbido por el bosque a lo largo del ciclo productivo. Este efecto es m\u00e1s patente si consideramos no solo la biomasa en pie, sino tambi\u00e9n la biomasa extra\u00edda a lo largo del ciclo.<\/p>\n<p><a href=\"https:\/\/link.springer.com\/article\/10.1007\/s10342-012-0672-z\">Se ha estimado<\/a> que mientras que en un pinar de <em>Pinus pinaster<\/em> no intervenido la fijaci\u00f3n de carbono en todos los componentes (biomasa a\u00e9rea, ra\u00edces, suelo forestal y productos extra\u00eddos) a lo largo del ciclo es de 317\u00a0MgC por hect\u00e1rea, cuando se realizan claras esta cifra aumenta hasta los 373- 379\u00a0MgC por hect\u00e1rea (figura 4).<\/p>\n<figure class=\"align-center zoomable\"><a href=\"https:\/\/images.theconversation.com\/files\/402370\/original\/file-20210524-13-1o1npdo.png?ixlib=rb-1.1.0&amp;q=45&amp;auto=format&amp;w=1000&amp;fit=clip\"><img decoding=\"async\" class=\"aligncenter\" src=\"https:\/\/images.theconversation.com\/files\/402370\/original\/file-20210524-13-1o1npdo.png?ixlib=rb-1.1.0&amp;q=45&amp;auto=format&amp;w=754&amp;fit=clip\" sizes=\"(min-width: 1466px) 754px, (max-width: 599px) 100vw, (min-width: 600px) 600px, 237px\" srcset=\"https:\/\/images.theconversation.com\/files\/402370\/original\/file-20210524-13-1o1npdo.png?ixlib=rb-1.1.0&amp;q=45&amp;auto=format&amp;w=600&amp;h=559&amp;fit=crop&amp;dpr=1 600w, https:\/\/images.theconversation.com\/files\/402370\/original\/file-20210524-13-1o1npdo.png?ixlib=rb-1.1.0&amp;q=30&amp;auto=format&amp;w=600&amp;h=559&amp;fit=crop&amp;dpr=2 1200w, https:\/\/images.theconversation.com\/files\/402370\/original\/file-20210524-13-1o1npdo.png?ixlib=rb-1.1.0&amp;q=15&amp;auto=format&amp;w=600&amp;h=559&amp;fit=crop&amp;dpr=3 1800w, https:\/\/images.theconversation.com\/files\/402370\/original\/file-20210524-13-1o1npdo.png?ixlib=rb-1.1.0&amp;q=45&amp;auto=format&amp;w=754&amp;h=703&amp;fit=crop&amp;dpr=1 754w, https:\/\/images.theconversation.com\/files\/402370\/original\/file-20210524-13-1o1npdo.png?ixlib=rb-1.1.0&amp;q=30&amp;auto=format&amp;w=754&amp;h=703&amp;fit=crop&amp;dpr=2 1508w, https:\/\/images.theconversation.com\/files\/402370\/original\/file-20210524-13-1o1npdo.png?ixlib=rb-1.1.0&amp;q=15&amp;auto=format&amp;w=754&amp;h=703&amp;fit=crop&amp;dpr=3 2262w\" alt=\"Gr\u00e1fico de barras\" \/><\/a><figcaption><span style=\"font-size: 10pt;\"><span class=\"caption\">Figura 4. Carbono fijado a lo largo de un ciclo de 60 a\u00f1os en un pinar de <em>Pinus pinaster<\/em> no intervenido (C), sometido a un r\u00e9gimen moderado (M) o fuerte (H) de claras.<\/span><span class=\"attribution\"><a class=\"source\" href=\"https:\/\/link.springer.com\/article\/10.1007\/s10342-012-0672-z\"> Elaborado a partir de Ruiz-Peinado et al. 2013<\/a>, <span class=\"license\">Author provided<\/span><\/span><\/span><\/figcaption><\/figure>\n<p>A esta mayor capacidad de fijaci\u00f3n habr\u00eda que a\u00f1adir el hecho de que una masa gestionada es m\u00e1s resiliente y menos vulnerable frente a eventos clim\u00e1ticos y perturbaciones como plagas e incendios, con lo que gestionando se reduce la probabilidad de retorno del CO\u2082 a la atm\u00f3sfera.<\/p>\n<p>A estas circunstancias hay que sumar, adem\u00e1s, el efecto sustitutivo que tiene sobre el balance de carbono la utilizaci\u00f3n de productos de origen forestal, frente a otros generados a partir de los hidrocarburos o para los que se han necesitado grandes cantidades de energ\u00eda en su fabricaci\u00f3n.<\/p>\n<h2>Impulsar la gesti\u00f3n de los bosques<\/h2>\n<p>Existe ya una amplia <a href=\"http:\/\/www.conama2016.org\/web\/generico.php?idpaginas=&amp;lang=es&amp;menu=405&amp;id=1466&amp;op=view&amp;tipo=C\">bibliograf\u00eda cient\u00edfica sobre la importarte contribuci\u00f3n que tienen las pr\u00e1cticas selv\u00edcolas en la fijaci\u00f3n de carbono<\/a>, tanto en la vegetaci\u00f3n como en el suelo. Es necesario aumentarla, pero sobre todo darla a conocer a propietarios, usuarios de los bosques y a la sociedad en general.<\/p>\n<p>Este enfoque ha de proyectarse obligatoriamente tanto sobre las masas existentes como sobre las futuras nuevas repoblaciones, para garantizar su correcta atenci\u00f3n mediante una gesti\u00f3n sostenible. Hay que evitar a toda costa que sufran el abandono que est\u00e1n sufriendo a d\u00eda de hoy miles de hect\u00e1reas arboladas en nuestro pa\u00eds.<\/p>\n<p>Masas de con\u00edferas fruto del esfuerzo repoblador realizado en nuestro pa\u00eds durante la segunda mitad del siglo XX o formaciones forestales aparecidas de manera espont\u00e1nea como consecuencia del abandono rural experimentado en los \u00faltimos 50 a\u00f1os y sobre las que no se ha intervenido en absoluto. Formaciones todas ellas que actualmente se encuentran en un estado evolutivo de alta competencia, impidiendo que el sistema contin\u00fae realizando sus funciones de fijaci\u00f3n de carbono en la biomasa y en los suelos y restringiendo la provisi\u00f3n de muchos otros servicios ecosist\u00e9micos que la sociedad demanda a los sistemas forestales.<\/p>\n<p>Estas masas forestales han fosilizado su estructura y permanecen en un inquietante estado de latencia. Un incendio forestal lanzar\u00eda en pocas horas el valioso <em>stock<\/em> de carbono atesorado lentamente a lo largo de los a\u00f1os. <a href=\"https:\/\/theconversation.com\/es\/topics\/incendios-forestales-55463\">Incendios forestales<\/a> que todos los modelos pronostican se ver\u00e1n incrementados en frecuencia y severidad en los pr\u00f3ximos a\u00f1os y que ser\u00e1n m\u00e1s dif\u00edciles de extinguir sin los necesarios tratamientos previos.<\/p>\n<p>Lamentablemente, hasta el momento los diferentes avatares pol\u00edticos internacionales no han permitido crear ning\u00fan mecanismo que favorezca la adopci\u00f3n de medidas para conservar y aumentar la capacidad de los sumideros naturales, tal y como indica el Acuerdo de Par\u00eds en su art\u00edculo 5.<\/p>\n<p>El \u00e1mbito forestal est\u00e1 quedando relegado de las pol\u00edticas y del desarrollo socioecon\u00f3mico asociado al nuevo marco de compromisos. Esto crea incertidumbre respecto a la disposici\u00f3n de recursos para la conservaci\u00f3n de los <em>stocks<\/em> y la adaptaci\u00f3n de las formaciones vegetales.<\/p>\n<h2>El CO\u2082 como moneda<\/h2>\n<p>Queda patente pues que la importancia de los bosques en la lucha contra el cambio clim\u00e1tico es incuestionable. El marco normativo que se est\u00e1 desarrollando para luchar contra el cambio clim\u00e1tico ha moldeado al CO\u2082\u00a0eq como una nueva unidad monetaria constituida para vincular la actividad econ\u00f3mica basada en los hidrocarburos con el impacto sobre la naturaleza.<\/p>\n<p>Si la normativa medioambiental adopta la aplicaci\u00f3n del principio de \u201cquien contamina paga\u201d, es l\u00f3gico pensar que las actividades forestales que favorecen las absorciones y velan porque no se generen emisiones deber\u00edan tener alg\u00fan tipo de retorno econ\u00f3mico. No hacerlo es desvincular al \u00e1mbito forestal de las pol\u00edticas clim\u00e1ticas y, quiz\u00e1s m\u00e1s desasosegante, del nuevo y esperable modelo de desarrollo socioecon\u00f3mico. No hacerlo es profundizar en acuciantes problemas actuales del medio rural como el envejecimiento, la despoblaci\u00f3n o los incendios.<\/p>\n<p>Hay que tener en cuenta que una gesti\u00f3n y aprovechamiento sostenibles de los recursos forestales nacionales redundar\u00eda tambi\u00e9n en la mejora de la biodiversidad de otras regiones del planeta, evitando la importaci\u00f3n de productos forestales de origen no certificado y contribuyendo a evitar <a href=\"https:\/\/theconversation.com\/el-comercio-global-de-plantas-amenaza-la-salud-de-los-bosques-130834\">importaciones de especies vegetales<\/a>, animales y microbiol\u00f3gicas de dudoso origen.<\/p>\n<p>Si bien la naturaleza puede parecer un concepto muy amplio a escala global, tiene un significado muy concreto y definido en la escala local. Todos los bosques del mundo presentan diferentes realidades y necesidades que hay que conocer y atender y que, en su conjunto, ofrecer\u00e1n una excelente herramienta en la lucha contra el cambio clim\u00e1tico.<\/p>\n<p>La adaptaci\u00f3n de las masas forestales y el aumento de sus almacenes de carbono no podr\u00e1 alcanzarse sin una gesti\u00f3n sostenible seria y constante, apoyada en criterios cient\u00edficos y t\u00e9cnicos, con objetivos concretos que permitan hacer seguimiento de los avances que se vayan produciendo.<\/p>\n<p>Debemos establecer las l\u00edneas de acci\u00f3n necesarias para conseguir una gesti\u00f3n forestal sostenible y activa de los bosques. Solo esta gesti\u00f3n permitir\u00e1 disminuir la vulnerabilidad de los bosques frente a los incendios forestales, incrementar su resiliencia (resistencia a plagas, enfermedades, estr\u00e9s h\u00eddrico), garantizar su biodiversidad, promocionar la obtenci\u00f3n de distintos servicios ecosist\u00e9micos e incrementar su capacidad de fijaci\u00f3n de CO\u2082 atmosf\u00e9rico.<\/p>\n<hr \/>\n<p><em>Este art\u00edculo ha sido escrito en colaboraci\u00f3n con Sergio de la Cruz, director t\u00e9cnico del <a href=\"http:\/\/www.fbycc.org\/\">Foro de Bosques y Cambio Clim\u00e1tico<\/a>.<\/em><\/p>\n<hr \/>\n<p><em>Esta es la tercera entrega de <a href=\"https:\/\/theconversation.com\/maneras-de-mirar-un-bosque-152426\">una serie<\/a> <a href=\"https:\/\/theconversation.com\/el-papel-de-los-bosques-como-sumideros-de-carbono-155997\">de art\u00edculos<\/a> centrada en los bosques, su importante papel como sumideros de carbono y su relaci\u00f3n con el cambio clim\u00e1tico.<\/em><\/p>\n<hr \/>\n<p><a href=\"https:\/\/theconversation.com\/profiles\/agustin-rubio-sanchez-693585\">Agust\u00edn Rubio S\u00e1nchez<\/a>, Catedr\u00e1tico de Ecolog\u00eda y Edafolog\u00eda, <em><a href=\"https:\/\/theconversation.com\/institutions\/universidad-politecnica-de-madrid-upm-1649\">Universidad Polit\u00e9cnica de Madrid (UPM)<\/a><\/em> y <a href=\"https:\/\/theconversation.com\/profiles\/rafael-calama-sainz-1187295\">Rafael Calama Sainz<\/a>, Cient\u00edfico Titular en Centro de Investigaci\u00f3n Forestal, <em><a href=\"https:\/\/theconversation.com\/institutions\/instituto-nacional-de-investigacion-y-tecnologia-agraria-y-alimentaria-inia-4139\">Instituto Nacional de Investigaci\u00f3n y Tecnolog\u00eda Agraria y Alimentaria (INIA)<\/a><\/em><\/p>\n<p>Este art\u00edculo fue publicado originalmente en <a href=\"https:\/\/theconversation.com\">The Conversation<\/a>. Lea el <a href=\"https:\/\/theconversation.com\/la-gestion-de-los-bosques-clave-en-la-lucha-contra-el-cambio-climatico-161459\">original<\/a>. <iframe loading=\"lazy\" src=\"https:\/\/counter.theconversation.com\/content\/161459\/count.gif?distributor=republish-lightbox-advanced\" width=\"1\" height=\"1\"><\/iframe><\/p>\n","protected":false},"excerpt":{"rendered":"<p>La gesti\u00f3n de los bosques, clave en la lucha contra el cambio clim\u00e1tico Agust\u00edn Rubio S\u00e1nchez, Universidad Polit\u00e9cnica de Madrid (UPM) Rafael Calama Sainz, Instituto Nacional de Investigaci\u00f3n y Tecnolog\u00eda Agraria y<a class=\"moretag\" href=\"https:\/\/www.fbycc.org\/index.php\/2021\/06\/05\/2353\/\">Leer m\u00e1s&#8230;<\/a><\/p>\n","protected":false},"author":2,"featured_media":0,"comment_status":"closed","ping_status":"open","sticky":false,"template":"","format":"standard","meta":{"_monsterinsights_skip_tracking":false,"_monsterinsights_sitenote_active":false,"_monsterinsights_sitenote_note":"","_monsterinsights_sitenote_category":0,"footnotes":""},"categories":[11],"tags":[124,16,17,109,27],"class_list":["post-2353","post","type-post","status-publish","format-standard","hentry","category-noticias","tag-afolu","tag-bosques","tag-cambio-climatico","tag-gestion-forestal","tag-lulucf"],"_links":{"self":[{"href":"https:\/\/www.fbycc.org\/index.php\/wp-json\/wp\/v2\/posts\/2353","targetHints":{"allow":["GET"]}}],"collection":[{"href":"https:\/\/www.fbycc.org\/index.php\/wp-json\/wp\/v2\/posts"}],"about":[{"href":"https:\/\/www.fbycc.org\/index.php\/wp-json\/wp\/v2\/types\/post"}],"author":[{"embeddable":true,"href":"https:\/\/www.fbycc.org\/index.php\/wp-json\/wp\/v2\/users\/2"}],"replies":[{"embeddable":true,"href":"https:\/\/www.fbycc.org\/index.php\/wp-json\/wp\/v2\/comments?post=2353"}],"version-history":[{"count":18,"href":"https:\/\/www.fbycc.org\/index.php\/wp-json\/wp\/v2\/posts\/2353\/revisions"}],"predecessor-version":[{"id":2378,"href":"https:\/\/www.fbycc.org\/index.php\/wp-json\/wp\/v2\/posts\/2353\/revisions\/2378"}],"wp:attachment":[{"href":"https:\/\/www.fbycc.org\/index.php\/wp-json\/wp\/v2\/media?parent=2353"}],"wp:term":[{"taxonomy":"category","embeddable":true,"href":"https:\/\/www.fbycc.org\/index.php\/wp-json\/wp\/v2\/categories?post=2353"},{"taxonomy":"post_tag","embeddable":true,"href":"https:\/\/www.fbycc.org\/index.php\/wp-json\/wp\/v2\/tags?post=2353"}],"curies":[{"name":"wp","href":"https:\/\/api.w.org\/{rel}","templated":true}]}}