{"id":2340,"date":"2021-05-24T14:43:45","date_gmt":"2021-05-24T14:43:45","guid":{"rendered":"https:\/\/www.fbycc.org\/?p=2340"},"modified":"2021-05-25T13:02:35","modified_gmt":"2021-05-25T13:02:35","slug":"el-foro-de-bosques-esperanzado-ante-la-ley-de-cambio-climatico","status":"publish","type":"post","link":"https:\/\/www.fbycc.org\/index.php\/2021\/05\/24\/el-foro-de-bosques-esperanzado-ante-la-ley-de-cambio-climatico\/","title":{"rendered":"EL FORO DE BOSQUES ANTE LA NUEVA LEY DE CAMBIO CLIM\u00c1TICO"},"content":{"rendered":"<p style=\"text-align: justify;\"><strong><br \/>\nEl <em>Foro de Bosques y Cambio Clim\u00e1tico<\/em> considera la publicaci\u00f3n definitiva de la Ley <em>de Cambio Clim\u00e1tico y Transici\u00f3n Energ\u00e9tica <\/em>un gran paso en el compromiso de alcanzar los objetivos clim\u00e1ticos y ofrece su colaboraci\u00f3n para el desarrollo de la capacidad de absorci\u00f3n de los sumideros de carbono.<\/strong><\/p>\n<p style=\"text-align: justify;\">El <em>Foro de Bosques y Cambio Clim\u00e1tico<\/em>, asociaci\u00f3n constituida por los principales agentes del sector forestal, se muestra conforme con lo recogido en la Ley, y aunque considera que la norma deber\u00eda haber sido m\u00e1s ambiciosa en la cuesti\u00f3n forestal, cree que supone un gran paso sobre el que poder seguir avanzando.<\/p>\n<p style=\"text-align: justify;\">Queremos recordar que la importancia de los sumideros naturales, incluidos los bosques, se recoge expresamente en el Art\u00edculo 5 del Acuerdo de Par\u00eds, por el cual las Partes deben adoptar medidas para conservar y aumentarlos por su funci\u00f3n como sumideros y dep\u00f3sitos de gases de efecto invernadero.<\/p>\n<p style=\"text-align: justify;\">La Asociaci\u00f3n, que viene participando activamente en los procesos de creaci\u00f3n de la Ley desde 2017 y colaborando con la plataforma <em>Juntos por los Bosques<\/em> de la que tambi\u00e9n es miembro, valora positivamente el reconocimiento en el art\u00edculo 26 de los servicios estrat\u00e9gicos que ofrecen los bosques, y ofrece su colaboraci\u00f3n para el desarrollo normativo del art\u00edculo 65 de la Ley de Montes, para que en el plazo m\u00e1ximo de un a\u00f1o se puedan regular los mecanismos y las condiciones para incentivar las externalidades positivas de los montes ordenados, tal y como indica la Disposici\u00f3n final s\u00e9ptima de la nueva Ley.<\/p>\n<p style=\"text-align: justify;\">Hay que destacar que el sector forestal en Espa\u00f1a es el \u00fanico con efecto sumidero neto. Seg\u00fan el Inventario Nacional de Gases de Efecto Invernadero sus absorciones ayudan a compensar m\u00e1s del 10% de las emisiones de otros sectores, tanto los sujetos al comercio de derechos de emisi\u00f3n (industria y generaci\u00f3n el\u00e9ctrica), como los sectores difusos (como el transporte, residencial, agr\u00edcola y ganadero, y gesti\u00f3n de residuos). <a href=\"https:\/\/www.mapa.gob.es\/es\/desarrollo-rural\/publicaciones\/publicaciones-de-desarrollo-rural\/librobiomasadigital_tcm30-538563.pdf\">Es<\/a>tudios detallados del Centro de Investigaci\u00f3n Forestal del Instituto Nacional de Investigaci\u00f3n y Tecnolog\u00eda Agraria y Alimentaria estiman una fijaci\u00f3n neta anual en terreno forestal en Espa\u00f1a de 116 megatoneladas de CO\u2082 equivalente, elevando el porcentaje de absorci\u00f3n real a m\u00e1s del 30% de las emisiones.<\/p>\n<p style=\"text-align: justify;\">Esta singularidad del sector forestal con respecto al resto de sectores hubiera sido merecedora de un cap\u00edtulo espec\u00edfico en la Ley que permitiera desarrollar todas sus potencialidades, as\u00ed como la asignaci\u00f3n de fondos espec\u00edficos para ello. Sin una pol\u00edtica seria, firme y decidida en el \u00e1mbito forestal, se corre el riesgo de seguir considerando los bosques, as\u00ed como los productos y servicios que nos reportan, como un medio gratuito para alcanzar los objetivos clim\u00e1ticos, retrasando la necesaria conversi\u00f3n del modelo econ\u00f3mico basado en los combustibles f\u00f3siles a otro m\u00e1s respetuoso con el medioambiente basado en la bioeconom\u00eda.<\/p>\n<p style=\"text-align: justify;\">Tambi\u00e9n se valora positivamente la incorporaci\u00f3n en la Estrategia de Transici\u00f3n Justa contenidos relativos a pol\u00edticas indrustriales, agrarias y forestales. La posibilidad de incorporar como prescripciones t\u00e9cnicas en el \u00e1mbito de la contrataci\u00f3n p\u00fablica el uso de madera procedente de bosques gestionados de forma sostenible, y la ejecuci\u00f3n de repoblaciones forestales con especies aut\u00f3ctonas como medida compensatoria de la huella de carbono resultante de obras o servicios, constituye tambi\u00e9n una interesante oportunidad para empezar a transformar las emisiones de ciertas actividades en absorciones promovidas por la gesti\u00f3n forestal, favoreciendo as\u00ed la retirada de CO<sub>2<\/sub> de la atm\u00f3sfera de una manera sostenible y respetuosa con los usos culturales del territorio.<\/p>\n","protected":false},"excerpt":{"rendered":"<p>El Foro de Bosques y Cambio Clim\u00e1tico considera la publicaci\u00f3n definitiva de la Ley de Cambio Clim\u00e1tico y Transici\u00f3n Energ\u00e9tica un gran paso en el compromiso de alcanzar los objetivos clim\u00e1ticos y<a class=\"moretag\" href=\"https:\/\/www.fbycc.org\/index.php\/2021\/05\/24\/el-foro-de-bosques-esperanzado-ante-la-ley-de-cambio-climatico\/\">Leer m\u00e1s&#8230;<\/a><\/p>\n","protected":false},"author":2,"featured_media":0,"comment_status":"closed","ping_status":"open","sticky":false,"template":"","format":"standard","meta":{"_monsterinsights_skip_tracking":false,"_monsterinsights_sitenote_active":false,"_monsterinsights_sitenote_note":"","_monsterinsights_sitenote_category":0,"footnotes":""},"categories":[11],"tags":[16,17,107,95,96],"class_list":["post-2340","post","type-post","status-publish","format-standard","hentry","category-noticias","tag-bosques","tag-cambio-climatico","tag-foresta","tag-ley","tag-transicion-energetica"],"_links":{"self":[{"href":"https:\/\/www.fbycc.org\/index.php\/wp-json\/wp\/v2\/posts\/2340","targetHints":{"allow":["GET"]}}],"collection":[{"href":"https:\/\/www.fbycc.org\/index.php\/wp-json\/wp\/v2\/posts"}],"about":[{"href":"https:\/\/www.fbycc.org\/index.php\/wp-json\/wp\/v2\/types\/post"}],"author":[{"embeddable":true,"href":"https:\/\/www.fbycc.org\/index.php\/wp-json\/wp\/v2\/users\/2"}],"replies":[{"embeddable":true,"href":"https:\/\/www.fbycc.org\/index.php\/wp-json\/wp\/v2\/comments?post=2340"}],"version-history":[{"count":7,"href":"https:\/\/www.fbycc.org\/index.php\/wp-json\/wp\/v2\/posts\/2340\/revisions"}],"predecessor-version":[{"id":2347,"href":"https:\/\/www.fbycc.org\/index.php\/wp-json\/wp\/v2\/posts\/2340\/revisions\/2347"}],"wp:attachment":[{"href":"https:\/\/www.fbycc.org\/index.php\/wp-json\/wp\/v2\/media?parent=2340"}],"wp:term":[{"taxonomy":"category","embeddable":true,"href":"https:\/\/www.fbycc.org\/index.php\/wp-json\/wp\/v2\/categories?post=2340"},{"taxonomy":"post_tag","embeddable":true,"href":"https:\/\/www.fbycc.org\/index.php\/wp-json\/wp\/v2\/tags?post=2340"}],"curies":[{"name":"wp","href":"https:\/\/api.w.org\/{rel}","templated":true}]}}