{"id":2326,"date":"2021-05-14T08:16:33","date_gmt":"2021-05-14T08:16:33","guid":{"rendered":"https:\/\/www.fbycc.org\/?p=2326"},"modified":"2021-05-14T08:16:33","modified_gmt":"2021-05-14T08:16:33","slug":"avebiom-se-une-al-foro-de-bosques-y-cambio-climatico","status":"publish","type":"post","link":"https:\/\/www.fbycc.org\/index.php\/2021\/05\/14\/avebiom-se-une-al-foro-de-bosques-y-cambio-climatico\/","title":{"rendered":"AVEBIOM se une al FORO DE BOSQUES Y CAMBIO CLIM\u00c1TICO"},"content":{"rendered":"<p style=\"text-align: justify;\"><strong><br \/>\nLa Asociaci\u00f3n Espa\u00f1ola de la Biomasa (AVEBIOM) se incorpora al Foro de Bosques y Cambio Clim\u00e1tico (FBYCC) con el objetivo de apoyar junto al resto de agentes del sector forestal, el desarrollo sostenible de los bosques espa\u00f1oles como medida indispensable para luchar contra el cambio clim\u00e1tico.<\/strong><\/p>\n<p style=\"text-align: justify;\">AVEBIOM se une a los principales agentes del sector forestal para defender de manera conjunta la funci\u00f3n que desempe\u00f1an los bosques frente al cambio clim\u00e1tico. Elementos important\u00edsimos de nuestra biosfera, los bosques suponen la piedra angular para un cambio de modelo econ\u00f3mico basado en la bioeconom\u00eda, respetuoso con el medioambiente y cuya gesti\u00f3n sostenible es generadora de empleo entre la poblaci\u00f3n rural.<\/p>\n<blockquote>\n<p style=\"text-align: justify;\"><strong>Seg\u00fan Javier D\u00edaz, presidente de AVEBIOM, <em>es clave que la sociedad y la administraci\u00f3n apoyen al sector forestal en la gesti\u00f3n sostenible del mayor sumidero de CO<sub>2<\/sub> que tenemos. Para ello, consideramos imprescindible impulsar medidas fiscales que ayuden en su labor a los responsables de los sistemas forestales, y tambi\u00e9n promover el consumo de los productos forestales sostenibles y sustitutivos de los basados en el petr\u00f3leo dentro de un modelo de bioeconom\u00eda.<\/em><\/strong><\/p>\n<\/blockquote>\n<p style=\"text-align: justify;\">El uso de biomasa como fuente de energ\u00eda supone apostar por una soluci\u00f3n energ\u00e9tica sostenible que permite la sustituci\u00f3n de los combustibles f\u00f3siles importados por un recurso local para su empleo en la generaci\u00f3n de energ\u00eda t\u00e9rmica, el\u00e9ctrica o para cogeneraci\u00f3n.<\/p>\n<p style=\"text-align: justify;\">La instalaci\u00f3n de equipos de calefacci\u00f3n con una energ\u00eda renovable como la biomasa en sustituci\u00f3n de combustibles f\u00f3siles en edificios dependientes de la Administraci\u00f3n General del Estado supondr\u00eda una <strong>acci\u00f3n ejemplar<\/strong> y una muestra de compromiso con los bosques, la lucha contra el cambio clim\u00e1tico y la econom\u00eda nacional.<\/p>\n<p style=\"text-align: justify;\">Tanto el Plan Nacional Integrado de Energ\u00eda y Clima (PNIEC) como la Ley de Cambio Clim\u00e1tico y Transici\u00f3n Energ\u00e9tica de Espa\u00f1a, pendiente de aprobaci\u00f3n definitiva en el Congreso, cuentan con la biomasa como fuente de energ\u00eda renovable indispensable para alcanzar la plena descarbonizaci\u00f3n de la econom\u00eda antes del a\u00f1o 2050.<\/p>\n<p style=\"text-align: justify;\">A principios de 2021, la Asociaci\u00f3n Espa\u00f1ola de la Biomasa present\u00f3 al Gobierno de Espa\u00f1a <a href=\"https:\/\/bit.ly\/Biomasa_900000\">dos ambiciosos proyectos<\/a> para favorecer la implantaci\u00f3n de la biomasa en municipios de menos de 5.000 habitantes, a trav\u00e9s de 100 nuevas redes de calor y del recambio de 255.000 calefactores obsoletos o con combustibles f\u00f3siles por sistemas modernos de biomasa. <em>\u201cAcciones totalmente alineadas con los objetivos del Plan de Recuperaci\u00f3n y Resiliencia y la reducci\u00f3n de emisiones\u201d,<\/em> afirma D\u00edaz.<\/p>\n<p style=\"text-align: justify;\"><strong>Sobre Avebiom<\/strong><\/p>\n<p style=\"text-align: justify;\"><em>La Asociaci\u00f3n Espa\u00f1ola de la Biomasa (Avebiom), constituida en 2004, re\u00fane a los principales actores del sector de la bioenerg\u00eda a lo largo de toda la cadena de valor de la biomasa. Su objetivo es promover el desarrollo del sector en Espa\u00f1a y contribuir a incrementar el consumo sostenible de biomasa con fines energ\u00e9ticos.<\/em> <em>Avebiom es miembro de Bioenergy Europe \u2013la asociaci\u00f3n sectorial europea- y forma parte del consejo de direcci\u00f3n; tambi\u00e9n participa en el European Pellet Council (EPC), ostentando en estos momentos su <\/em><em>presidencia<\/em><em>. Forma parte de la plataforma Juntos por\u00a0 los Bosques<\/em><\/p>\n<p style=\"text-align: justify;\"><a href=\"http:\/\/www.avebiom.org\"><em>www.avebiom.org<\/em><\/a><\/p>\n","protected":false},"excerpt":{"rendered":"<p>La Asociaci\u00f3n Espa\u00f1ola de la Biomasa (AVEBIOM) se incorpora al Foro de Bosques y Cambio Clim\u00e1tico (FBYCC) con el objetivo de apoyar junto al resto de agentes del sector forestal, el desarrollo<a class=\"moretag\" href=\"https:\/\/www.fbycc.org\/index.php\/2021\/05\/14\/avebiom-se-une-al-foro-de-bosques-y-cambio-climatico\/\">Leer m\u00e1s&#8230;<\/a><\/p>\n","protected":false},"author":2,"featured_media":0,"comment_status":"closed","ping_status":"open","sticky":false,"template":"","format":"standard","meta":{"_monsterinsights_skip_tracking":false,"_monsterinsights_sitenote_active":false,"_monsterinsights_sitenote_note":"","_monsterinsights_sitenote_category":0,"footnotes":""},"categories":[11],"tags":[],"class_list":["post-2326","post","type-post","status-publish","format-standard","hentry","category-noticias"],"_links":{"self":[{"href":"https:\/\/www.fbycc.org\/index.php\/wp-json\/wp\/v2\/posts\/2326","targetHints":{"allow":["GET"]}}],"collection":[{"href":"https:\/\/www.fbycc.org\/index.php\/wp-json\/wp\/v2\/posts"}],"about":[{"href":"https:\/\/www.fbycc.org\/index.php\/wp-json\/wp\/v2\/types\/post"}],"author":[{"embeddable":true,"href":"https:\/\/www.fbycc.org\/index.php\/wp-json\/wp\/v2\/users\/2"}],"replies":[{"embeddable":true,"href":"https:\/\/www.fbycc.org\/index.php\/wp-json\/wp\/v2\/comments?post=2326"}],"version-history":[{"count":7,"href":"https:\/\/www.fbycc.org\/index.php\/wp-json\/wp\/v2\/posts\/2326\/revisions"}],"predecessor-version":[{"id":2333,"href":"https:\/\/www.fbycc.org\/index.php\/wp-json\/wp\/v2\/posts\/2326\/revisions\/2333"}],"wp:attachment":[{"href":"https:\/\/www.fbycc.org\/index.php\/wp-json\/wp\/v2\/media?parent=2326"}],"wp:term":[{"taxonomy":"category","embeddable":true,"href":"https:\/\/www.fbycc.org\/index.php\/wp-json\/wp\/v2\/categories?post=2326"},{"taxonomy":"post_tag","embeddable":true,"href":"https:\/\/www.fbycc.org\/index.php\/wp-json\/wp\/v2\/tags?post=2326"}],"curies":[{"name":"wp","href":"https:\/\/api.w.org\/{rel}","templated":true}]}}