{"id":232,"date":"2016-05-26T11:56:43","date_gmt":"2016-05-26T11:56:43","guid":{"rendered":"http:\/\/www.fbycc.org\/?p=232"},"modified":"2019-06-18T12:48:50","modified_gmt":"2019-06-18T12:48:50","slug":"firma-del-acuerdo-de-paris","status":"publish","type":"post","link":"https:\/\/www.fbycc.org\/index.php\/2016\/05\/26\/firma-del-acuerdo-de-paris\/","title":{"rendered":"Tras la firma del Acuerdo de Par\u00eds en la sede de las Naciones Unidas"},"content":{"rendered":"<div style=\"text-align: justify;\">\n<p>El pasado 22 de abril 175 Partes (174 pa\u00edses y la Uni\u00f3n Europea) firmaron el Acuerdo de Par\u00eds, en una ceremonia en la sede de las Naciones Unidas. El Acuerdo es legalmente vinculante, pero no los planes de acci\u00f3n clim\u00e1tica presentados como parte del proceso de negociaci\u00f3n, y conocidos como\u00a0INDC <em>(contribuciones previstas a nivel nacional, por sus siglas en ingl\u00e9s).<\/em><\/p>\n<p>El Acuerdo de Par\u00eds inclu\u00eda un cambio en la estatus jur\u00eddico de estos planes de acci\u00f3n clim\u00e1tica, convirtiendo lo que eran las <strong><em>contribuciones previstas y determinadas a nivel nacional<\/em><\/strong> (<strong>INDC<\/strong>, por sus siglas en ingl\u00e9s) en planes concretos de acci\u00f3n, denominados <strong><em>contribuciones determinadas a nivel nacional<\/em> <\/strong>(<strong>NDC<\/strong>, por sus siglas en ingl\u00e9s).<\/p>\n<p>El Acuerdo entrar\u00e1 en vigor en el momento en que lo hayan firmado 55 pa\u00edses que sumen m\u00e1s del 55 por ciento de las emisiones totales, pero despu\u00e9s los INDC tienen que trasladarse al ordenamiento jur\u00eddico interno de las naciones, que deber\u00e1n respaldarlos con medidas concretas para que dejen de ser algo m\u00e1s que buenos deseos.<\/p>\n<p>Durante la ceremonia de firma, 15 pa\u00edses presentaron sus instrumentos de ratificaci\u00f3n (NDC), incluyendo peque\u00f1os Estados insulares en desarrollo que viven en la primera l\u00ednea frente al cambio clim\u00e1tico.<\/p>\n<p>En este sentido la secretar\u00eda de cambio clim\u00e1tico de la ONU ha puesto ya en marcha un <strong><a href=\"http:\/\/www4.unfccc.int\/ndcregistry\/Pages\/All.aspx\" target=\"_blank\" data-cke-saved-href=\"http:\/\/www4.unfccc.int\/ndcregistry\/Pages\/All.aspx\" rel=\"noopener noreferrer\">registro p\u00fablico provisional<\/a><\/strong> para capturar los planes formales de acci\u00f3n clim\u00e1tica de los pa\u00edses en el marco del Acuerdo. El nuevo registro provisional para las contribuciones determinadas a nivel nacional es el principal instrumento para registrar formalmente las medidas adoptadas por los pa\u00edses en el marco del acuerdo. Es un canal de comunicaci\u00f3n totalmente transparente en el que cualquiera puede buscar informaci\u00f3n sobre lo que est\u00e1n haciendo los pa\u00edses para combatir el cambio clim\u00e1tico.<\/p>\n<\/div>\n","protected":false},"excerpt":{"rendered":"<p>El pasado 22 de abril 175 Partes (174 pa\u00edses y la Uni\u00f3n Europea) firmaron el Acuerdo de Par\u00eds, en una ceremonia en la sede de las Naciones Unidas. El Acuerdo es legalmente<a class=\"moretag\" href=\"https:\/\/www.fbycc.org\/index.php\/2016\/05\/26\/firma-del-acuerdo-de-paris\/\">Leer m\u00e1s&#8230;<\/a><\/p>\n","protected":false},"author":2,"featured_media":0,"comment_status":"closed","ping_status":"closed","sticky":false,"template":"","format":"standard","meta":{"_monsterinsights_skip_tracking":false,"_monsterinsights_sitenote_active":false,"_monsterinsights_sitenote_note":"","_monsterinsights_sitenote_category":0,"footnotes":""},"categories":[11],"tags":[19,17,36,35,37],"class_list":["post-232","post","type-post","status-publish","format-standard","hentry","category-noticias","tag-acuerdo-de-paris","tag-cambio-climatico","tag-indc","tag-naciones-unidas","tag-ndc"],"_links":{"self":[{"href":"https:\/\/www.fbycc.org\/index.php\/wp-json\/wp\/v2\/posts\/232","targetHints":{"allow":["GET"]}}],"collection":[{"href":"https:\/\/www.fbycc.org\/index.php\/wp-json\/wp\/v2\/posts"}],"about":[{"href":"https:\/\/www.fbycc.org\/index.php\/wp-json\/wp\/v2\/types\/post"}],"author":[{"embeddable":true,"href":"https:\/\/www.fbycc.org\/index.php\/wp-json\/wp\/v2\/users\/2"}],"replies":[{"embeddable":true,"href":"https:\/\/www.fbycc.org\/index.php\/wp-json\/wp\/v2\/comments?post=232"}],"version-history":[{"count":12,"href":"https:\/\/www.fbycc.org\/index.php\/wp-json\/wp\/v2\/posts\/232\/revisions"}],"predecessor-version":[{"id":1623,"href":"https:\/\/www.fbycc.org\/index.php\/wp-json\/wp\/v2\/posts\/232\/revisions\/1623"}],"wp:attachment":[{"href":"https:\/\/www.fbycc.org\/index.php\/wp-json\/wp\/v2\/media?parent=232"}],"wp:term":[{"taxonomy":"category","embeddable":true,"href":"https:\/\/www.fbycc.org\/index.php\/wp-json\/wp\/v2\/categories?post=232"},{"taxonomy":"post_tag","embeddable":true,"href":"https:\/\/www.fbycc.org\/index.php\/wp-json\/wp\/v2\/tags?post=232"}],"curies":[{"name":"wp","href":"https:\/\/api.w.org\/{rel}","templated":true}]}}