{"id":2159,"date":"2021-04-11T15:40:49","date_gmt":"2021-04-11T15:40:49","guid":{"rendered":"http:\/\/www.fbycc.org\/?p=2159"},"modified":"2021-04-11T15:41:50","modified_gmt":"2021-04-11T15:41:50","slug":"el-sector-forestal-valora-la-ley-de-cambio-climatico-y-transicion-energetica","status":"publish","type":"post","link":"https:\/\/www.fbycc.org\/index.php\/2021\/04\/11\/el-sector-forestal-valora-la-ley-de-cambio-climatico-y-transicion-energetica\/","title":{"rendered":"El sector forestal valora la Ley de Cambio Clim\u00e1tico y Transici\u00f3n Energ\u00e9tica"},"content":{"rendered":"<p>La Plataforma &#8216;<em>Juntos por los Bosques<\/em>&#8216; ha emitido una nota de prensa en la que valora la inclusi\u00f3n de la gesti\u00f3n forestal activa en la Ley de Cambio Clim\u00e1tico y Transici\u00f3n Energ\u00e9tico que reproducimos a continuaci\u00f3n.<\/p>\n<p style=\"text-align: center;\"><strong><em>EL SECTOR FORESTAL VALORA LA INCLUSI\u00d3N DE LA GESTI\u00d3N <\/em><\/strong><strong><em>FORESTAL<br \/>\n<\/em><\/strong><strong><em> ACTIVA EN LA LEY DE CAMBIO CLIM\u00c1TICO Y <\/em><\/strong><strong><em>TRANSICI\u00d3N ENERG\u00c9TICA<\/em><\/strong><\/p>\n<p style=\"padding-left: 40px; text-align: justify;\">\u2022 Juntos por los Bosques valora especialmente la menci\u00f3n expresa a la inconclusa regulaci\u00f3n del reconocimiento a los selvicultores privados y locales, que conforman el 95% de la superficie de bosques de Espa\u00f1a por los vitales servicios ambientales que han venido aportando de forma gratuita al conjunto de la sociedad.<\/p>\n<p style=\"padding-left: 40px; text-align: justify;\">\u2022 Tambi\u00e9n valoran el reconocimiento de la importancia de la bioconstrucci\u00f3n con materiales de m\u00ednima huella de carbono, secuestro del mismo y \u00f3ptimo aislamiento, lo que sit\u00faa a la madera y otros productos forestales en una situaci\u00f3n estrat\u00e9gica.<\/p>\n<p style=\"text-align: justify;\">8\/4\/2021.- El Congreso de los Diputados aprueba hoy la primera Ley de Cambio Clim\u00e1tico de Espa\u00f1a. Desde los representantes del sector forestal quisi\u00e9ramos trasladar nuestra satisfacci\u00f3n tanto por este hito como por la incorporaci\u00f3n sustantiva de los bosques, su gesti\u00f3n sostenible y el uso de los biomateriales que nos ofrecen, como claves para alcanzar los objetivos.<\/p>\n<p style=\"text-align: justify;\">Valoramos especialmente la menci\u00f3n expresa a la inconclusa regulaci\u00f3n del reconocimiento a los selvicultores privados y locales, que conforman el 95% de la superficie de bosques de Espa\u00f1a por los vitales servicios ambientales que han venido aportando de forma gratuita al conjunto de la sociedad. Si bien la Ley de Montes de 2003 lo reconoc\u00eda en su art\u00edculo 65, carec\u00eda de elementos operativos para su implementaci\u00f3n, por lo que quedaba en una mera evocaci\u00f3n.<\/p>\n<p style=\"text-align: justify;\">Ahora, la Ley de Cambio Clim\u00e1tico obliga al Gobierno a presentar en el plazo de un a\u00f1o el desarrollo del art\u00edculo 65 de la Ley de Montes, referente a Incentivos por las externalidades ambientales, y asegurar as\u00ed su plena operatividad.<\/p>\n<p style=\"text-align: justify;\">Los montes regulan de forma excepcional la protecci\u00f3n frente a la erosi\u00f3n y la desertificaci\u00f3n; el ciclo h\u00eddrico, asegurando la mejor calidad de las aguas, son el \u00fanico sumidero de carbono gestionable y actualmente compensan el 30% de nuestras emisiones de CO2; albergan las tres cuartas partes de la biodiversidad terrestre; ofrecen el marco paisaj\u00edstico para el turismo de calidad y numerosas actividades de ocio y deporte cada vez m\u00e1s valoradas; contribuyen a nuestra salud f\u00edsica y ps\u00edquica; sin olvidar que por su ubicaci\u00f3n en las zonas de monta\u00f1a y estaciones menos productivas, la aportaci\u00f3n de la gesti\u00f3n forestal y las cadenas de valor asociadas son claves para en la lucha contra la despoblaci\u00f3n.<\/p>\n<p style=\"text-align: justify;\">Tambi\u00e9n se reconoce en la Ley de Cambio Clim\u00e1tico la necesidad de invertir en los bosques en relaci\u00f3n a su funci\u00f3n de stocks de carbono. De igual forma, se reconoce la importancia de la bioconstrucci\u00f3n con materiales de m\u00ednima huella de carbono, secuestro del mismo y \u00f3ptimo aislamiento, lo que sit\u00faa a la madera y otros productos forestales en una situaci\u00f3n estrat\u00e9gica.<\/p>\n<p style=\"text-align: justify;\">Recoge tambi\u00e9n la Ley la importancia de las energ\u00edas renovables. Lo que sit\u00faa a la biomasa de origen agr\u00edcola o forestal, especialmente la que no tiene otro uso material posible, como pieza clave, compensando as\u00ed una parte importante de nuestras emisiones de carbono por uso de energ\u00edas f\u00f3siles.<\/p>\n<p style=\"text-align: justify;\">Recoge a su vez la importancia de las infraestructuras verdes en los entornos urbanos para mejorar la calidad de vida y reducir la isla de calor asociada a las ciudades. Igualmente se reconoce la importancia de la correcci\u00f3n hidrol\u00f3gico-forestal y prevenci\u00f3n de incendios en las medidas de prevenci\u00f3n de avenidas.<\/p>\n<p style=\"text-align: justify;\">Desde Juntos por los Bosques, agradecen a todas las formaciones pol\u00edticas su contribuci\u00f3n al resultado final de la ley y especialmente a ERC, que ha negociado la enmienda transaccional que aborda la retribuci\u00f3n de los servicios ambientales antes mencionado, as\u00ed como a Teruel Existe, por las m\u00faltiples enmiendas focalizadas en la actividad forestal. Y, por supuesto, al MITECO por su receptividad a las mismas.<\/p>\n<p>Fuente: Juntos por los Bosques<\/p>\n","protected":false},"excerpt":{"rendered":"<p>La Plataforma &#8216;Juntos por los Bosques&#8216; ha emitido una nota de prensa en la que valora la inclusi\u00f3n de la gesti\u00f3n forestal activa en la Ley de Cambio Clim\u00e1tico y Transici\u00f3n Energ\u00e9tico<a class=\"moretag\" href=\"https:\/\/www.fbycc.org\/index.php\/2021\/04\/11\/el-sector-forestal-valora-la-ley-de-cambio-climatico-y-transicion-energetica\/\">Leer m\u00e1s&#8230;<\/a><\/p>\n","protected":false},"author":2,"featured_media":0,"comment_status":"closed","ping_status":"open","sticky":false,"template":"","format":"standard","meta":{"_monsterinsights_skip_tracking":false,"_monsterinsights_sitenote_active":false,"_monsterinsights_sitenote_note":"","_monsterinsights_sitenote_category":0,"footnotes":""},"categories":[11],"tags":[16,17,97,95,96],"class_list":["post-2159","post","type-post","status-publish","format-standard","hentry","category-noticias","tag-bosques","tag-cambio-climatico","tag-forestal","tag-ley","tag-transicion-energetica"],"_links":{"self":[{"href":"https:\/\/www.fbycc.org\/index.php\/wp-json\/wp\/v2\/posts\/2159","targetHints":{"allow":["GET"]}}],"collection":[{"href":"https:\/\/www.fbycc.org\/index.php\/wp-json\/wp\/v2\/posts"}],"about":[{"href":"https:\/\/www.fbycc.org\/index.php\/wp-json\/wp\/v2\/types\/post"}],"author":[{"embeddable":true,"href":"https:\/\/www.fbycc.org\/index.php\/wp-json\/wp\/v2\/users\/2"}],"replies":[{"embeddable":true,"href":"https:\/\/www.fbycc.org\/index.php\/wp-json\/wp\/v2\/comments?post=2159"}],"version-history":[{"count":13,"href":"https:\/\/www.fbycc.org\/index.php\/wp-json\/wp\/v2\/posts\/2159\/revisions"}],"predecessor-version":[{"id":2172,"href":"https:\/\/www.fbycc.org\/index.php\/wp-json\/wp\/v2\/posts\/2159\/revisions\/2172"}],"wp:attachment":[{"href":"https:\/\/www.fbycc.org\/index.php\/wp-json\/wp\/v2\/media?parent=2159"}],"wp:term":[{"taxonomy":"category","embeddable":true,"href":"https:\/\/www.fbycc.org\/index.php\/wp-json\/wp\/v2\/categories?post=2159"},{"taxonomy":"post_tag","embeddable":true,"href":"https:\/\/www.fbycc.org\/index.php\/wp-json\/wp\/v2\/tags?post=2159"}],"curies":[{"name":"wp","href":"https:\/\/api.w.org\/{rel}","templated":true}]}}