{"id":2056,"date":"2021-03-11T16:28:45","date_gmt":"2021-03-11T16:28:45","guid":{"rendered":"http:\/\/www.fbycc.org\/?p=2056"},"modified":"2021-12-04T12:25:39","modified_gmt":"2021-12-04T12:25:39","slug":"el-papel-de-los-bosques-como-sumideros-de-carbono","status":"publish","type":"post","link":"https:\/\/www.fbycc.org\/index.php\/2021\/03\/11\/el-papel-de-los-bosques-como-sumideros-de-carbono\/","title":{"rendered":"El papel de los bosques como sumideros de carbono"},"content":{"rendered":"<h1 class=\"legacy\" style=\"text-align: center;\"><span style=\"font-size: 36pt;\">El papel de los bosques como sumideros de carbono<\/span><\/h1>\n<p style=\"text-align: center;\"><a href=\"https:\/\/theconversation.com\/profiles\/agustin-rubio-sanchez-693585\">Agust\u00edn Rubio S\u00e1nchez<\/a>, <em><a href=\"https:\/\/theconversation.com\/institutions\/universidad-politecnica-de-madrid-upm-1649\">Universidad Polit\u00e9cnica de Madrid (UPM)<\/a><\/em> y<br \/>\n<a href=\"https:\/\/theconversation.com\/profiles\/rafael-calama-sainz-1187295\">Rafael Calama Sainz<\/a>, <em><a href=\"https:\/\/theconversation.com\/institutions\/instituto-nacional-de-investigacion-y-tecnologia-agraria-y-alimentaria-inia-4139\">Instituto Nacional de Investigaci\u00f3n y Tecnolog\u00eda Agraria y Alimentaria (INIA)<\/a><\/em><\/p>\n<figure><img loading=\"lazy\" decoding=\"async\" class=\"aligncenter\" src=\"https:\/\/images.theconversation.com\/files\/388782\/original\/file-20210310-17-14lku10.jpg?ixlib=rb-1.1.0&amp;rect=7%2C0%2C4985%2C2604&amp;q=45&amp;auto=format&amp;w=754&amp;fit=clip\" width=\"511\" height=\"267\" \/><figcaption><span style=\"font-size: 10pt;\">Reforestaci\u00f3n en el Valle de Miera (Cantabria, Espa\u00f1a).<\/span><span class=\"attribution\"><span style=\"font-size: 10pt;\"><a class=\"source\" href=\"https:\/\/www.shutterstock.com\/es\/image-photo\/native-trees-reforestation-miera-valley-within-1883314402\"> Shutterstock \/ Juan Carlos Munoz<\/a><\/span><br \/>\n<\/span><\/figcaption><\/figure>\n<p>&nbsp;<\/p>\n<p>Los sistemas forestales tienen la capacidad de captar el CO\u2082 de la atm\u00f3sfera gracias a la energ\u00eda del sol. Las plantas transforman las mol\u00e9culas inorg\u00e1nicas en mol\u00e9culas org\u00e1nicas que usan en la construcci\u00f3n de sus estructuras vitales: flores, frutos, ramas, troncos, ra\u00edces, hojas, etc.<\/p>\n<p>Estos productos elaborados ser\u00e1n consumidos por los animales herb\u00edvoros, que los integran as\u00ed en eslabones de las cadenas tr\u00f3ficas de los ecosistemas terrestres. En ese mismo proceso, las plantas generan un subproducto vital: el ox\u00edgeno.<\/p>\n<h2>Los bosques, almacenes de CO\u2082<\/h2>\n<p>Al respirar, los seres vivos emitimos CO\u2082 como subproducto metab\u00f3lico de nuestro funcionamiento vital. Y al morirnos, nuestros cuerpos se descomponen en el suelo gracias a bacterias aer\u00f3bicas que transforman las mol\u00e9culas org\u00e1nicas en CO\u2082 (que es emitido a la atm\u00f3sfera) y en otras mol\u00e9culas que contienen carbono y que se incorporan a uno de los reservorios m\u00e1s importantes del ciclo del carbono, el suelo.<\/p>\n<p>As\u00ed, los bosques retiran di\u00f3xido de carbono de la atm\u00f3sfera e incorporan carbono a su biomasa. Al menos temporalmente, mientras los \u00e1rboles (y arbustos, etc.) est\u00e1n vivos.<\/p>\n<p>Seg\u00fan <a href=\"https:\/\/www.ipcc.ch\/site\/assets\/uploads\/2018\/02\/WG1AR5_Chapter06_FINAL.pdf\">el <em>Quinto Informe de Evaluaci\u00f3n<\/em> del IPCC<\/a>, se estima que a nivel global la cantidad de carbono presente en la biomasa viva de la vegetaci\u00f3n es de entre 450 y 650 gigatoneladas. Aparte del carbono retenido en la vegetaci\u00f3n, los suelos de los bosques son capaces de almacenar entre 1\u00a0500 y 2\u00a0400\u00a0Gt.<\/p>\n<p>Cuando un \u00e1rbol se corta, y su madera es utilizada en la fabricaci\u00f3n de muebles, elementos constructivos u otros, el carbono permanece retenido fuera de la atm\u00f3sfera durante la vida \u00fatil del producto. Por el contrario, cuando un \u00e1rbol se quema en el bosque, el carbono almacenado es devuelto a la atm\u00f3sfera de manera casi inmediata.<\/p>\n<figure class=\"align-center zoomable\"><a href=\"https:\/\/images.theconversation.com\/files\/388584\/original\/file-20210309-23-9gxmcv.jpg?ixlib=rb-1.1.0&amp;q=45&amp;auto=format&amp;w=1000&amp;fit=clip\"><img loading=\"lazy\" decoding=\"async\" class=\"aligncenter\" src=\"https:\/\/images.theconversation.com\/files\/388584\/original\/file-20210309-23-9gxmcv.jpg?ixlib=rb-1.1.0&amp;q=45&amp;auto=format&amp;w=754&amp;fit=clip\" sizes=\"auto, (min-width: 1466px) 754px, (max-width: 599px) 100vw, (min-width: 600px) 600px, 237px\" srcset=\"https:\/\/images.theconversation.com\/files\/388584\/original\/file-20210309-23-9gxmcv.jpg?ixlib=rb-1.1.0&amp;q=45&amp;auto=format&amp;w=600&amp;h=450&amp;fit=crop&amp;dpr=1 600w, https:\/\/images.theconversation.com\/files\/388584\/original\/file-20210309-23-9gxmcv.jpg?ixlib=rb-1.1.0&amp;q=30&amp;auto=format&amp;w=600&amp;h=450&amp;fit=crop&amp;dpr=2 1200w, https:\/\/images.theconversation.com\/files\/388584\/original\/file-20210309-23-9gxmcv.jpg?ixlib=rb-1.1.0&amp;q=15&amp;auto=format&amp;w=600&amp;h=450&amp;fit=crop&amp;dpr=3 1800w, https:\/\/images.theconversation.com\/files\/388584\/original\/file-20210309-23-9gxmcv.jpg?ixlib=rb-1.1.0&amp;q=45&amp;auto=format&amp;w=754&amp;h=566&amp;fit=crop&amp;dpr=1 754w, https:\/\/images.theconversation.com\/files\/388584\/original\/file-20210309-23-9gxmcv.jpg?ixlib=rb-1.1.0&amp;q=30&amp;auto=format&amp;w=754&amp;h=566&amp;fit=crop&amp;dpr=2 1508w, https:\/\/images.theconversation.com\/files\/388584\/original\/file-20210309-23-9gxmcv.jpg?ixlib=rb-1.1.0&amp;q=15&amp;auto=format&amp;w=754&amp;h=566&amp;fit=crop&amp;dpr=3 2262w\" alt=\"\" width=\"477\" height=\"358\" \/><\/a><figcaption><span class=\"caption\" style=\"font-size: 10pt;\">Los sistemas forestales fijan carbono tanto en la biomasa viva como en el suelo. Dehesa de encina en San Sebasti\u00e1n de los Reyes, Madrid. <\/span><span class=\"attribution\" style=\"font-size: 10pt;\"><span class=\"license\">Author provided<\/span><\/span><\/figcaption><\/figure>\n<h2>Mitigadores del cambio clim\u00e1tico<\/h2>\n<p>Sin embargo, no siempre hay un balance positivo entre entradas y salidas de carbono en los ecosistemas terrestres. El uso de la tierra, incluida la agricultura y los bosques, representa aproximadamente el 10\u00a0% de las emisiones globales de CO\u2082, y casi el 25\u00a0% de todos los gases de efecto invernadero como el CH\u2084 y el N\u2082O. Se estima que la deforestaci\u00f3n es la principal fuente de gases de efecto invernadero en muchos pa\u00edses tropicales.<\/p>\n<p>Al mismo tiempo, aproximadamente un tercio de las emisiones de origen humano de CO\u2082 son absorbidas por los ecosistemas terrestres, principalmente por los bosques. <a href=\"https:\/\/ec.europa.eu\/jrc\/en\/publication\/key-role-forests-meeting-climate-targets-requires-science-credible-mitigation\">Los sumideros forestales son importantes para la mitigaci\u00f3n del cambio clim\u00e1tico<\/a> y en latitudes templadas o boreales los sistemas forestales se comportan como sumideros netos.<\/p>\n<p>La figura 1 muestra que el potencial de mitigaci\u00f3n se centra, por un lado, en la reducci\u00f3n de las emisiones de origen f\u00f3sil y de las debidas al cambio de uso de suelo y, por otro lado, en el fomento de los sumideros terrestres.<\/p>\n<figure class=\"align-center zoomable\"><a href=\"https:\/\/images.theconversation.com\/files\/387193\/original\/file-20210302-15-am7sd2.png?ixlib=rb-1.1.0&amp;q=45&amp;auto=format&amp;w=1000&amp;fit=clip\"><img loading=\"lazy\" decoding=\"async\" class=\"aligncenter\" src=\"https:\/\/images.theconversation.com\/files\/387193\/original\/file-20210302-15-am7sd2.png?ixlib=rb-1.1.0&amp;q=45&amp;auto=format&amp;w=754&amp;fit=clip\" sizes=\"auto, (min-width: 1466px) 754px, (max-width: 599px) 100vw, (min-width: 600px) 600px, 237px\" srcset=\"https:\/\/images.theconversation.com\/files\/387193\/original\/file-20210302-15-am7sd2.png?ixlib=rb-1.1.0&amp;q=45&amp;auto=format&amp;w=600&amp;h=610&amp;fit=crop&amp;dpr=1 600w, https:\/\/images.theconversation.com\/files\/387193\/original\/file-20210302-15-am7sd2.png?ixlib=rb-1.1.0&amp;q=30&amp;auto=format&amp;w=600&amp;h=610&amp;fit=crop&amp;dpr=2 1200w, https:\/\/images.theconversation.com\/files\/387193\/original\/file-20210302-15-am7sd2.png?ixlib=rb-1.1.0&amp;q=15&amp;auto=format&amp;w=600&amp;h=610&amp;fit=crop&amp;dpr=3 1800w, https:\/\/images.theconversation.com\/files\/387193\/original\/file-20210302-15-am7sd2.png?ixlib=rb-1.1.0&amp;q=45&amp;auto=format&amp;w=754&amp;h=766&amp;fit=crop&amp;dpr=1 754w, https:\/\/images.theconversation.com\/files\/387193\/original\/file-20210302-15-am7sd2.png?ixlib=rb-1.1.0&amp;q=30&amp;auto=format&amp;w=754&amp;h=766&amp;fit=crop&amp;dpr=2 1508w, https:\/\/images.theconversation.com\/files\/387193\/original\/file-20210302-15-am7sd2.png?ixlib=rb-1.1.0&amp;q=15&amp;auto=format&amp;w=754&amp;h=766&amp;fit=crop&amp;dpr=3 2262w\" alt=\"\" width=\"408\" height=\"414\" \/><\/a><figcaption><span class=\"caption\" style=\"font-size: 10pt;\">Figura 1. Componentes combinados del presupuesto global de carbono en funci\u00f3n del tiempo.<\/span><span class=\"attribution\" style=\"font-size: 10pt;\"><a class=\"source\" href=\"https:\/\/essd.copernicus.org\/articles\/11\/1783\/2019\/\"> Friedlingstein, P., Jones, M., O&#8217;sullivan, M., Andrew, R., Hauck, J., Peters, G., &#8230; &amp; DBakker, O. (2019). Global carbon budget 2019. Earth System Science Data, 11(4), 1783-1838.<\/a>, <a class=\"license\" href=\"http:\/\/creativecommons.org\/licenses\/by\/4.0\/\">CC BY<\/a><\/span><\/figcaption><\/figure>\n<h2>La importancia de la gesti\u00f3n forestal<\/h2>\n<p>El papel que desempe\u00f1a el uso de la tierra, sus cambios y la selvicultura (UTCUTS o bien LULUCF, por sus siglas en ingl\u00e9s) como fuente o sumidero de gases de efecto invernadero convierte al sector forestal en un actor clave con un gran potencial de mitigaci\u00f3n. En consecuencia, se hace indispensable conocer cu\u00e1nto carbono se almacena en la vegetaci\u00f3n, as\u00ed como los flujos de este elemento que se crean desde y hacia ella.<\/p>\n<p>La contabilizaci\u00f3n de las emisiones y absorciones de CO\u2082 de los diferentes sectores se fue estableciendo en las sucesivas conferencias de las Partes tras la aprobaci\u00f3n del Protocolo de Kioto. Incluir el uso de la tierra en el proceso de la Convenci\u00f3n Marco de Naciones Unidas sobre Cambio Clim\u00e1tico ha sido largo y complejo.<\/p>\n<p><a href=\"https:\/\/ec.europa.eu\/jrc\/en\/publication\/key-role-forests-meeting-climate-targets-requires-science-credible-mitigation\">Para los bosques, las incertidumbres asociadas a las estimaciones de los gases de efecto invernadero<\/a> que absorb\u00edan o emit\u00edan y las \u2013en muchas ocasiones esp\u00fareas\u2013 cuestiones metodol\u00f3gicas han supuesto dificultades para alcanzar compromisos y lo que es peor, han implicado una inacci\u00f3n de coste insospechado.<\/p>\n<p>Uno de los aspectos m\u00e1s pol\u00e9micos ha sido el papel que la gesti\u00f3n forestal desempe\u00f1a en el aumento de la capacidad del bosque para fijar carbono, asumiendo que la \u00fanica manera de incrementar el papel mitigador de los bosques es aumentando su superficie. Esta situaci\u00f3n viene propiciada principalmente por dos motivos:<\/p>\n<ul>\n<li>Por la preocupaci\u00f3n clim\u00e1tica de que la gesti\u00f3n forestal haga que los bosques que ahora son sumideros pasen a ser emisores de gases de efecto invernadero.<\/li>\n<\/ul>\n<ul>\n<li>Ambas preocupaciones son perfectamente entendibles, pero tambi\u00e9n solventables mediante la planificaci\u00f3n, aplicaci\u00f3n y certificaci\u00f3n de sistemas de gesti\u00f3n forestal sostenible, que garanticen la compatibilidad entre la persistencia del bosque, el aumento de su capacidad de fijaci\u00f3n de carbono, y el resto de usos.Por la preocupaci\u00f3n de las organizaciones ambientales que ven en estas pr\u00e1cticas tambi\u00e9n un riesgo para la biodiversidad.<\/li>\n<\/ul>\n<p style=\"text-align: center;\"><a href=\"https:\/\/images.theconversation.com\/files\/388586\/original\/file-20210309-23-6nps3u.jpg?ixlib=rb-1.1.0&amp;q=45&amp;auto=format&amp;w=1000&amp;fit=clip\"><img loading=\"lazy\" decoding=\"async\" class=\"aligncenter\" src=\"https:\/\/images.theconversation.com\/files\/388586\/original\/file-20210309-23-6nps3u.jpg?ixlib=rb-1.1.0&amp;q=45&amp;auto=format&amp;w=237&amp;fit=clip\" sizes=\"auto, (min-width: 1466px) 754px, (max-width: 599px) 100vw, (min-width: 600px) 600px, 237px\" srcset=\"https:\/\/images.theconversation.com\/files\/388586\/original\/file-20210309-23-6nps3u.jpg?ixlib=rb-1.1.0&amp;q=45&amp;auto=format&amp;w=600&amp;h=800&amp;fit=crop&amp;dpr=1 600w, https:\/\/images.theconversation.com\/files\/388586\/original\/file-20210309-23-6nps3u.jpg?ixlib=rb-1.1.0&amp;q=30&amp;auto=format&amp;w=600&amp;h=800&amp;fit=crop&amp;dpr=2 1200w, https:\/\/images.theconversation.com\/files\/388586\/original\/file-20210309-23-6nps3u.jpg?ixlib=rb-1.1.0&amp;q=15&amp;auto=format&amp;w=600&amp;h=800&amp;fit=crop&amp;dpr=3 1800w, https:\/\/images.theconversation.com\/files\/388586\/original\/file-20210309-23-6nps3u.jpg?ixlib=rb-1.1.0&amp;q=45&amp;auto=format&amp;w=754&amp;h=1005&amp;fit=crop&amp;dpr=1 754w, https:\/\/images.theconversation.com\/files\/388586\/original\/file-20210309-23-6nps3u.jpg?ixlib=rb-1.1.0&amp;q=30&amp;auto=format&amp;w=754&amp;h=1005&amp;fit=crop&amp;dpr=2 1508w, https:\/\/images.theconversation.com\/files\/388586\/original\/file-20210309-23-6nps3u.jpg?ixlib=rb-1.1.0&amp;q=15&amp;auto=format&amp;w=754&amp;h=1005&amp;fit=crop&amp;dpr=3 2262w\" alt=\"\" width=\"398\" height=\"530\" \/><\/a><span style=\"font-size: 10pt;\"><span class=\"caption\">La gesti\u00f3n forestal garantiza la persistencia del bosque y su capacidad como sumidero. Pinar de Valsa\u00edn, Segovia. <\/span><span class=\"attribution\"><span class=\"license\">Author provided<\/span><\/span><\/span><\/p>\n<h2>\u00bfCu\u00e1ntas emisiones absorben los bosques?<\/h2>\n<p>Las actividades relacionadas con LULUCF (recordemos: el papel del uso de la tierra, sus cambios y la selvicultura), donde se enmarcan los bosques, no se abordaron definitivamente hasta la Conferencia de las Partes de 2001 (COP7) en la que se aprobaron los <a href=\"https:\/\/unfccc.int\/resource\/docs\/spanish\/cop7\/cp713a02s.pdf\">acuerdos de Marrakech<\/a>. En ellos se fijaron las definiciones, modalidades, normas y directrices relativas a las actividades LULUCF recogidas en el art\u00edculo 3 del Protocolo de Kioto.<\/p>\n<p>Espa\u00f1a informa de sus emisiones de gases de efecto invernadero a la Secretar\u00eda de la Convenci\u00f3n Marco de Naciones Unidas sobre Cambio Clim\u00e1tico. Adem\u00e1s, aporta informaci\u00f3n adicional para cumplir los compromisos asumidos conforme al Protocolo de Kioto, cuyo segundo periodo de aplicaci\u00f3n finaliz\u00f3 en 2020.<\/p>\n<p>La <a href=\"http:\/\/www.climateandlandusealliance.org\/wp-content\/uploads\/2015\/08\/Understanding_Land_Use_in_the_UNFCCC_Spanish_Summary.pdf\">diferencia fundamental entre ambos tipos de informes<\/a> es que el primero tiene un criterio basado en la tierra (asigna categor\u00edas de uso de la tierra a toda la superficie dentro del pa\u00eds) y el segundo tiene un criterio basado en las actividades humanas.<\/p>\n<p>El \u00faltimo inventario nacional de gases de efecto invernadero recoge las cifras para el a\u00f1o 2018. El valor neto es muy aproximado (ver tabla 1), ya que Espa\u00f1a considera toda la superficie forestal bajo gesti\u00f3n regulada, cuando en realidad <a href=\"https:\/\/www.mapa.gob.es\/es\/desarrollo-rural\/estadisticas\/forestal_anuario_2018.aspx\">solo el 18,5\u00a0% de la superficie forestal espa\u00f1ola dispone de proyectos de ordenaci\u00f3n forestal<\/a> que regulan y controlan su aprovechamiento de manera sostenible.<\/p>\n<figure class=\"align-center zoomable\"><a href=\"https:\/\/images.theconversation.com\/files\/387195\/original\/file-20210302-23-z47rq2.png?ixlib=rb-1.1.0&amp;q=45&amp;auto=format&amp;w=1000&amp;fit=clip\"><img loading=\"lazy\" decoding=\"async\" class=\"aligncenter\" src=\"https:\/\/images.theconversation.com\/files\/387195\/original\/file-20210302-23-z47rq2.png?ixlib=rb-1.1.0&amp;q=45&amp;auto=format&amp;w=754&amp;fit=clip\" sizes=\"auto, (min-width: 1466px) 754px, (max-width: 599px) 100vw, (min-width: 600px) 600px, 237px\" srcset=\"https:\/\/images.theconversation.com\/files\/387195\/original\/file-20210302-23-z47rq2.png?ixlib=rb-1.1.0&amp;q=45&amp;auto=format&amp;w=600&amp;h=116&amp;fit=crop&amp;dpr=1 600w, https:\/\/images.theconversation.com\/files\/387195\/original\/file-20210302-23-z47rq2.png?ixlib=rb-1.1.0&amp;q=30&amp;auto=format&amp;w=600&amp;h=116&amp;fit=crop&amp;dpr=2 1200w, https:\/\/images.theconversation.com\/files\/387195\/original\/file-20210302-23-z47rq2.png?ixlib=rb-1.1.0&amp;q=15&amp;auto=format&amp;w=600&amp;h=116&amp;fit=crop&amp;dpr=3 1800w, https:\/\/images.theconversation.com\/files\/387195\/original\/file-20210302-23-z47rq2.png?ixlib=rb-1.1.0&amp;q=45&amp;auto=format&amp;w=754&amp;h=146&amp;fit=crop&amp;dpr=1 754w, https:\/\/images.theconversation.com\/files\/387195\/original\/file-20210302-23-z47rq2.png?ixlib=rb-1.1.0&amp;q=30&amp;auto=format&amp;w=754&amp;h=146&amp;fit=crop&amp;dpr=2 1508w, https:\/\/images.theconversation.com\/files\/387195\/original\/file-20210302-23-z47rq2.png?ixlib=rb-1.1.0&amp;q=15&amp;auto=format&amp;w=754&amp;h=146&amp;fit=crop&amp;dpr=3 2262w\" alt=\"\" width=\"467\" height=\"90\" \/><\/a><figcaption><span class=\"caption\" style=\"font-size: 10pt;\">Tabla 1. Absorciones netas del sector LULUCF en Espa\u00f1a bajo el criterio de la CMNUCC y el Protocolo de Kioto.<\/span><span class=\"attribution\"><span style=\"font-size: 10pt;\"><a class=\"source\" href=\"https:\/\/www.miteco.gob.es\/es\/calidad-y-evaluacion-ambiental\/temas\/sistema-espanol-de-inventario-sei-\/Inventario-GEI.aspx\"> Inventario nacional de emisiones de gases de efecto invernadero 1990 \u2013 2018 (edici\u00f3n 2020)<\/a><\/span><br \/>\n<\/span><\/figcaption><\/figure>\n<p><a href=\"https:\/\/www.mapa.gob.es\/es\/desarrollo-rural\/publicaciones\/publicaciones-de-desarrollo-rural\/librobiomasadigital_tcm30-538563.pdf\">Estudios detallados del Centro de Investigaci\u00f3n Forestal del Instituto Nacional de Investigaci\u00f3n y Tecnolog\u00eda Agraria y Alimentaria (CIFOR-INIA)<\/a> estiman una fijaci\u00f3n neta anual en terreno forestal en Espa\u00f1a de 116\u00a0Mt\u00a0CO\u2082eq (megatoneladas de CO\u2082 equivalente), de los cuales 94\u00a0Mt\u00a0CO\u2082eq se atribuyen a la superficie forestal arbolada y 22\u00a0Mt\u00a0CO\u2082eq a formaciones de arbustos y matorrales de talla media-alta.<\/p>\n<figure class=\"align-center zoomable\"><a href=\"https:\/\/images.theconversation.com\/files\/388591\/original\/file-20210309-17-zjkeht.jpg?ixlib=rb-1.1.0&amp;q=45&amp;auto=format&amp;w=1000&amp;fit=clip\"><img loading=\"lazy\" decoding=\"async\" class=\"aligncenter\" src=\"https:\/\/images.theconversation.com\/files\/388591\/original\/file-20210309-17-zjkeht.jpg?ixlib=rb-1.1.0&amp;q=45&amp;auto=format&amp;w=754&amp;fit=clip\" sizes=\"auto, (min-width: 1466px) 754px, (max-width: 599px) 100vw, (min-width: 600px) 600px, 237px\" srcset=\"https:\/\/images.theconversation.com\/files\/388591\/original\/file-20210309-17-zjkeht.jpg?ixlib=rb-1.1.0&amp;q=45&amp;auto=format&amp;w=600&amp;h=450&amp;fit=crop&amp;dpr=1 600w, https:\/\/images.theconversation.com\/files\/388591\/original\/file-20210309-17-zjkeht.jpg?ixlib=rb-1.1.0&amp;q=30&amp;auto=format&amp;w=600&amp;h=450&amp;fit=crop&amp;dpr=2 1200w, https:\/\/images.theconversation.com\/files\/388591\/original\/file-20210309-17-zjkeht.jpg?ixlib=rb-1.1.0&amp;q=15&amp;auto=format&amp;w=600&amp;h=450&amp;fit=crop&amp;dpr=3 1800w, https:\/\/images.theconversation.com\/files\/388591\/original\/file-20210309-17-zjkeht.jpg?ixlib=rb-1.1.0&amp;q=45&amp;auto=format&amp;w=754&amp;h=566&amp;fit=crop&amp;dpr=1 754w, https:\/\/images.theconversation.com\/files\/388591\/original\/file-20210309-17-zjkeht.jpg?ixlib=rb-1.1.0&amp;q=30&amp;auto=format&amp;w=754&amp;h=566&amp;fit=crop&amp;dpr=2 1508w, https:\/\/images.theconversation.com\/files\/388591\/original\/file-20210309-17-zjkeht.jpg?ixlib=rb-1.1.0&amp;q=15&amp;auto=format&amp;w=754&amp;h=566&amp;fit=crop&amp;dpr=3 2262w\" alt=\"\" width=\"449\" height=\"337\" \/><\/a><figcaption><span style=\"font-size: 10pt;\"><span class=\"caption\">La madera mantiene el carbono fijado a lo largo del ciclo de vida de sus productos. <\/span><span class=\"attribution\"><span class=\"license\">Author provided<\/span><\/span><\/span><\/figcaption><\/figure>\n<h2>Las masas forestales en el c\u00f3mputo estatal de CO\u2082<\/h2>\n<p>En la UE, la primera vinculaci\u00f3n entre las pol\u00edticas clim\u00e1ticas y los <em>stocks<\/em> de carbono forestal se produjo tras el Acuerdo de Par\u00eds. Para cumplir los compromisos, el Parlamento y el Consejo europeos adoptaron el <a href=\"https:\/\/eur-lex.europa.eu\/legal-content\/ES\/TXT\/?uri=CELEX%3A32018R0841\">Reglamento 2018\/841<\/a> sobre la inclusi\u00f3n de las emisiones y absorciones del sector LULUCF para reducir las emisiones de gases de efecto invernadero para el per\u00edodo de 2021 a 2030, modificando el reglamento anterior de 2013. Se espera una nueva revisi\u00f3n de este reglamento para 2021 conforme al <a href=\"https:\/\/eur-lex.europa.eu\/legal-content\/EN\/TXT\/?uri=COM:2020:562:FIN\">plan de objetivos clim\u00e1ticos para 2030 que propone actualmente la Comisi\u00f3n.<\/a><\/p>\n<p>Hay que destacar que <a href=\"https:\/\/www.revistamontes.net\/Buscador.aspx?id=14765\">el sector LULUCF en Espa\u00f1a es el \u00fanico con efecto sumidero neto<\/a>. Sus absorciones ayudan a compensar el 11,4\u00a0% de las emisiones de otros sectores, tanto los sujetos al comercio de derechos de emisi\u00f3n (industria y generaci\u00f3n el\u00e9ctrica), como los sectores difusos (como el transporte, residencial, agr\u00edcola y ganadero, y gesti\u00f3n de residuos).<\/p>\n<figure class=\"align-center zoomable\"><a href=\"https:\/\/images.theconversation.com\/files\/387198\/original\/file-20210302-19-1dovaog.png?ixlib=rb-1.1.0&amp;q=45&amp;auto=format&amp;w=1000&amp;fit=clip\"><img loading=\"lazy\" decoding=\"async\" class=\"aligncenter\" src=\"https:\/\/images.theconversation.com\/files\/387198\/original\/file-20210302-19-1dovaog.png?ixlib=rb-1.1.0&amp;q=45&amp;auto=format&amp;w=754&amp;fit=clip\" sizes=\"auto, (min-width: 1466px) 754px, (max-width: 599px) 100vw, (min-width: 600px) 600px, 237px\" srcset=\"https:\/\/images.theconversation.com\/files\/387198\/original\/file-20210302-19-1dovaog.png?ixlib=rb-1.1.0&amp;q=45&amp;auto=format&amp;w=600&amp;h=116&amp;fit=crop&amp;dpr=1 600w, https:\/\/images.theconversation.com\/files\/387198\/original\/file-20210302-19-1dovaog.png?ixlib=rb-1.1.0&amp;q=30&amp;auto=format&amp;w=600&amp;h=116&amp;fit=crop&amp;dpr=2 1200w, https:\/\/images.theconversation.com\/files\/387198\/original\/file-20210302-19-1dovaog.png?ixlib=rb-1.1.0&amp;q=15&amp;auto=format&amp;w=600&amp;h=116&amp;fit=crop&amp;dpr=3 1800w, https:\/\/images.theconversation.com\/files\/387198\/original\/file-20210302-19-1dovaog.png?ixlib=rb-1.1.0&amp;q=45&amp;auto=format&amp;w=754&amp;h=146&amp;fit=crop&amp;dpr=1 754w, https:\/\/images.theconversation.com\/files\/387198\/original\/file-20210302-19-1dovaog.png?ixlib=rb-1.1.0&amp;q=30&amp;auto=format&amp;w=754&amp;h=146&amp;fit=crop&amp;dpr=2 1508w, https:\/\/images.theconversation.com\/files\/387198\/original\/file-20210302-19-1dovaog.png?ixlib=rb-1.1.0&amp;q=15&amp;auto=format&amp;w=754&amp;h=146&amp;fit=crop&amp;dpr=3 2262w\" alt=\"\" width=\"493\" height=\"95\" \/><\/a><figcaption><span style=\"font-size: 10pt;\"><span class=\"caption\">Tabla 2. Distribuci\u00f3n de emisiones del 2018 (ktCO\u2082-eq). <\/span><span class=\"attribution\"><span class=\"source\">Inventario nacional de emisiones de gases de efecto invernadero 1990 \u2013 2018 (edici\u00f3n 2020)<\/span>, <span class=\"license\">Author provided<\/span><\/span><\/span><\/figcaption><\/figure>\n<p>&nbsp;<\/p>\n<p>Bajo el <a href=\"https:\/\/www.boe.es\/doue\/2018\/156\/L00001-00025.pdf\">reglamento actual<\/a>, se consideran dentro de la contabilidad del sector LULUCF las absorciones y emisiones debidas a tierras forestadas, las tierras deforestadas, los cultivos gestionados, los pastos gestionados y la tierra forestal gestionada.<\/p>\n<p>En la categor\u00edas de la tierra forestal gestionada, para poder diferenciar las absorciones derivadas de la gesti\u00f3n forestal de las debidas al crecimiento natural de los bosques, el reglamento establece un nivel forestal de referencia que debe proponer cada pa\u00eds dentro de su Plan de Contabilidad Forestal Nacional. Solo podr\u00e1n contabilizarse las absorciones que sobrepasen este nivel.<\/p>\n<p>Estas absorciones se utilizar\u00e1n para cumplir con el compromiso de que las emisiones del conjunto del sector LULUCF no superen sus absorciones (norma de deuda cero). Cumplido este requisito, las absorciones sobrantes debidas al sector podr\u00edan utilizarse para compensar las emisiones del resto de sectores difusos, hasta un m\u00e1ximo de 29,1\u00a0Mt\u00a0CO\u2082\u00a0eq para todo el per\u00edodo 2021-2030.<\/p>\n<p>Analizando el sistema de contabilidad actual, observamos que se favorece la utilizaci\u00f3n de las absorciones asociadas a las repoblaciones, mientras que se relegan a un segundo plano las absorciones originadas por las masas forestales existentes y consideradas bajo gesti\u00f3n. En este punto, es necesario volver a resaltar la importancia de la gesti\u00f3n forestal y la necesidad de contar con instrumentos adecuados que garanticen su aplicaci\u00f3n y seguimiento.<\/p>\n<p>Lo cierto es que no cuadran las cifras. Seg\u00fan <a href=\"https:\/\/www.nature.com\/articles\/s41558-018-0283-x\">estudios del Joint Research Centre de la Comisi\u00f3n Europea<\/a>, hay una discrepancia a nivel global de unos 4\u00a0Gt de CO\u2082 anuales en las emisiones antropog\u00e9nicas netas del uso de la tierra entre los modelos globales del V Informe de Evaluaci\u00f3n del IPCC y los datos agregados de los inventarios nacionales de gases de efecto invernadero. La mayor parte de esta diferencia es atribuible a las superficies forestales consideradas bajo gesti\u00f3n.<\/p>\n<p>A pesar de todo, el planteamiento general tiene sentido y es coherente con las l\u00edneas adoptadas desde Europa para seguir fomentando la reducci\u00f3n de emisiones en todos los sectores.<\/p>\n<p>No se puede caer en un triunfalismo simplista que asuma que las emisiones antropog\u00e9nicas pueden ser compensadas por los sumideros forestales, desincentivando as\u00ed cualquier esfuerzo por atacar la ra\u00edz del problema: el uso masivo de combustibles f\u00f3siles como fuentes de energ\u00eda y el incesante cambio de uso del suelo.<\/p>\n<p>Todo ello reconociendo la necesidad de implementar pol\u00edticas que apoyen una gesti\u00f3n forestal sostenible a futuro. Y por futuro hay que reconocer horizontes m\u00e1s all\u00e1 del a\u00f1o 2050 que permitan articular los amplios plazos de gesti\u00f3n de los sistemas forestales.<\/p>\n<hr \/>\n<p><em>Este art\u00edculo ha sido escrito en colaboraci\u00f3n con Sergio de la Cruz, director t\u00e9cnico del <a href=\"http:\/\/www.fbycc.org\/\">Foro de Bosques y Cambio Clim\u00e1tico<\/a>.<\/em><\/p>\n<hr \/>\n<p><em>Esta es la segunda entrega de <a href=\"https:\/\/theconversation.com\/maneras-de-mirar-un-bosque-152426\">una serie<\/a> de art\u00edculos centrada en los bosques, su importante papel como sumideros de carbono y su relaci\u00f3n con el cambio clim\u00e1tico.<\/em><\/p>\n<hr \/>\n<p><a href=\"https:\/\/theconversation.com\/profiles\/agustin-rubio-sanchez-693585\">Agust\u00edn Rubio S\u00e1nchez<\/a>, Catedr\u00e1tico de Ecolog\u00eda y Edafolog\u00eda, <em><a href=\"https:\/\/theconversation.com\/institutions\/universidad-politecnica-de-madrid-upm-1649\">Universidad Polit\u00e9cnica de Madrid (UPM)<\/a><\/em> y <a href=\"https:\/\/theconversation.com\/profiles\/rafael-calama-sainz-1187295\">Rafael Calama Sainz<\/a>, Cient\u00edfico Titular en Centro de Investigaci\u00f3n Forestal, <em><a href=\"https:\/\/theconversation.com\/institutions\/instituto-nacional-de-investigacion-y-tecnologia-agraria-y-alimentaria-inia-4139\">Instituto Nacional de Investigaci\u00f3n y Tecnolog\u00eda Agraria y Alimentaria (INIA)<\/a><\/em><\/p>\n<p>Este art\u00edculo fue publicado originalmente en <a href=\"https:\/\/theconversation.com\">The Conversation<\/a>. Lea el <a href=\"https:\/\/theconversation.com\/el-papel-de-los-bosques-como-sumideros-de-carbono-155997\">original<\/a>.<script type=\"text\/javascript\" src=\"https:\/\/theconversation.com\/javascripts\/lib\/content_tracker_hook.js\" id=\"theconversation_tracker_hook\" data-counter=\"https:\/\/counter.theconversation.com\/content\/155997\/count?distributor=republish-lightbox-advanced\" async=\"async\"><\/script><\/p>\n","protected":false},"excerpt":{"rendered":"<p>El papel de los bosques como sumideros de carbono Agust\u00edn Rubio S\u00e1nchez, Universidad Polit\u00e9cnica de Madrid (UPM) y Rafael Calama Sainz, Instituto Nacional de Investigaci\u00f3n y Tecnolog\u00eda Agraria y Alimentaria (INIA) Reforestaci\u00f3n<a class=\"moretag\" href=\"https:\/\/www.fbycc.org\/index.php\/2021\/03\/11\/el-papel-de-los-bosques-como-sumideros-de-carbono\/\">Leer m\u00e1s&#8230;<\/a><\/p>\n","protected":false},"author":2,"featured_media":0,"comment_status":"closed","ping_status":"open","sticky":false,"template":"","format":"standard","meta":{"_monsterinsights_skip_tracking":false,"_monsterinsights_sitenote_active":false,"_monsterinsights_sitenote_note":"","_monsterinsights_sitenote_category":0,"footnotes":""},"categories":[11],"tags":[124,16,17,28,27,29],"class_list":["post-2056","post","type-post","status-publish","format-standard","hentry","category-noticias","tag-afolu","tag-bosques","tag-cambio-climatico","tag-contabilidad","tag-lulucf","tag-reduccion-de-emisiones"],"_links":{"self":[{"href":"https:\/\/www.fbycc.org\/index.php\/wp-json\/wp\/v2\/posts\/2056","targetHints":{"allow":["GET"]}}],"collection":[{"href":"https:\/\/www.fbycc.org\/index.php\/wp-json\/wp\/v2\/posts"}],"about":[{"href":"https:\/\/www.fbycc.org\/index.php\/wp-json\/wp\/v2\/types\/post"}],"author":[{"embeddable":true,"href":"https:\/\/www.fbycc.org\/index.php\/wp-json\/wp\/v2\/users\/2"}],"replies":[{"embeddable":true,"href":"https:\/\/www.fbycc.org\/index.php\/wp-json\/wp\/v2\/comments?post=2056"}],"version-history":[{"count":21,"href":"https:\/\/www.fbycc.org\/index.php\/wp-json\/wp\/v2\/posts\/2056\/revisions"}],"predecessor-version":[{"id":2074,"href":"https:\/\/www.fbycc.org\/index.php\/wp-json\/wp\/v2\/posts\/2056\/revisions\/2074"}],"wp:attachment":[{"href":"https:\/\/www.fbycc.org\/index.php\/wp-json\/wp\/v2\/media?parent=2056"}],"wp:term":[{"taxonomy":"category","embeddable":true,"href":"https:\/\/www.fbycc.org\/index.php\/wp-json\/wp\/v2\/categories?post=2056"},{"taxonomy":"post_tag","embeddable":true,"href":"https:\/\/www.fbycc.org\/index.php\/wp-json\/wp\/v2\/tags?post=2056"}],"curies":[{"name":"wp","href":"https:\/\/api.w.org\/{rel}","templated":true}]}}