{"id":2027,"date":"2021-02-04T19:08:11","date_gmt":"2021-02-04T19:08:11","guid":{"rendered":"http:\/\/www.fbycc.org\/?p=2027"},"modified":"2021-12-04T12:25:28","modified_gmt":"2021-12-04T12:25:28","slug":"articulo-maneras-de-mirar-un-bosque","status":"publish","type":"post","link":"https:\/\/www.fbycc.org\/index.php\/2021\/02\/04\/articulo-maneras-de-mirar-un-bosque\/","title":{"rendered":"Art\u00edculo &#8216;Maneras de mirar un bosque&#8217;"},"content":{"rendered":"<h1 class=\"legacy\" style=\"text-align: center;\">Maneras de mirar un bosque<\/h1>\n<p style=\"text-align: center;\"><a href=\"https:\/\/theconversation.com\/profiles\/agustin-rubio-sanchez-693585\">Agust\u00edn Rubio S\u00e1nchez<\/a>, <em><a href=\"https:\/\/theconversation.com\/institutions\/universidad-politecnica-de-madrid-upm-1649\">Universidad Polit\u00e9cnica de Madrid (UPM)<\/a><\/em> y<br \/>\n<a href=\"https:\/\/theconversation.com\/profiles\/rafael-calama-sainz-1187295\">Rafael Calama Sainz<\/a>, <em><a href=\"https:\/\/theconversation.com\/institutions\/instituto-nacional-de-investigacion-y-tecnologia-agraria-y-alimentaria-inia-4139\">Instituto Nacional de Investigaci\u00f3n y Tecnolog\u00eda Agraria y Alimentaria (INIA)<\/a><\/em><\/p>\n<figure><img decoding=\"async\" class=\"aligncenter\" src=\"https:\/\/images.theconversation.com\/files\/381179\/original\/file-20210128-15-6liwkh.jpg?ixlib=rb-1.1.0&amp;rect=0%2C0%2C4992%2C1758&amp;q=45&amp;auto=format&amp;w=754&amp;fit=clip\" \/><figcaption><span style=\"font-size: 10pt;\">Bosque de Oma, en la Reserva de la Biosfera Urdaibai, Bizkaia. Las pinturas son obra de Agust\u00edn Ibarrola entre los a\u00f1os 1982 y 1985.\u200b<\/span><span class=\"attribution\" style=\"font-size: 10pt;\"><a class=\"source\" href=\"https:\/\/www.shutterstock.com\/es\/image-photo\/painted-forest-oma-valley-urdaibai-biosphere-1779836510\"> Shutterstock \/ Juan Carlos Mu\u00f1oz<\/a><\/span><\/figcaption><\/figure>\n<p>La palabra <em>bosque<\/em> nos trae a la cabeza diferentes conceptos, diferentes im\u00e1genes en funci\u00f3n de cu\u00e1l sea nuestra experiencia personal con este elemento natural.<\/p>\n<p style=\"text-align: justify;\">Para el urbanita medio, un bosque siempre evoca im\u00e1genes de grandes \u00e1rboles, normalmente de hoja ancha y caduca, en cuyo buc\u00f3lico interior hay setas de bonitos colores, grandes y llamativas flores.<\/p>\n<p style=\"text-align: justify;\">Los habitantes de las ciudades tienden a identificar estas masas con un aspecto general siempre verde, frondoso, al que el oto\u00f1o a\u00f1ade elementos que aumentan su belleza, con una diversidad de colores \u2013del rojo al amarillo, pasando por todo tipo de pardos\u2013 asociada a la ca\u00edda de la hoja. Estas potentes im\u00e1genes visuales aumentan la sensaci\u00f3n de que los bosques son un potente im\u00e1n al que no solo nos gustar\u00eda acudir alg\u00fan d\u00eda del fin de semana, sino continuamente.<\/p>\n<p style=\"text-align: justify;\">Sin embargo, los habitantes del medio rural, que extraen de los bosques los recursos que necesitan para vivir, ven en ellos un medio duro, fr\u00edo en unas \u00e9pocas, muy caluroso en otras. Es el lugar donde pueden acarrear le\u00f1as para calentarse o para cocinar; maderas para construir sus viviendas o los habit\u00e1culos para su ganado, delimitar los prados para este ganado, o elaborar toneles u otras herramientas necesarias para su quehacer diario.<\/p>\n<p style=\"text-align: justify;\">Estas personas perciben el bosque como un lugar donde poder recoger casta\u00f1as, nueces, bellotas, setas u otros productos, bien para consumo propio, para venta a terceros, o para alimento y cama de su ganado. Ven animales que pueden ser amenazas para ellos o su familia o piezas fundamentales para su supervivencia.<\/p>\n<figure class=\"align-center zoomable\"><a href=\"https:\/\/images.theconversation.com\/files\/381146\/original\/file-20210128-13-br6ahp.jpg?ixlib=rb-1.1.0&amp;q=45&amp;auto=format&amp;w=1000&amp;fit=clip\"><img loading=\"lazy\" decoding=\"async\" class=\"aligncenter\" src=\"https:\/\/images.theconversation.com\/files\/381146\/original\/file-20210128-13-br6ahp.jpg?ixlib=rb-1.1.0&amp;q=45&amp;auto=format&amp;w=754&amp;fit=clip\" sizes=\"auto, (min-width: 1466px) 754px, (max-width: 599px) 100vw, (min-width: 600px) 600px, 237px\" srcset=\"https:\/\/images.theconversation.com\/files\/381146\/original\/file-20210128-13-br6ahp.jpg?ixlib=rb-1.1.0&amp;q=45&amp;auto=format&amp;w=600&amp;h=400&amp;fit=crop&amp;dpr=1 600w, https:\/\/images.theconversation.com\/files\/381146\/original\/file-20210128-13-br6ahp.jpg?ixlib=rb-1.1.0&amp;q=30&amp;auto=format&amp;w=600&amp;h=400&amp;fit=crop&amp;dpr=2 1200w, https:\/\/images.theconversation.com\/files\/381146\/original\/file-20210128-13-br6ahp.jpg?ixlib=rb-1.1.0&amp;q=15&amp;auto=format&amp;w=600&amp;h=400&amp;fit=crop&amp;dpr=3 1800w, https:\/\/images.theconversation.com\/files\/381146\/original\/file-20210128-13-br6ahp.jpg?ixlib=rb-1.1.0&amp;q=45&amp;auto=format&amp;w=754&amp;h=503&amp;fit=crop&amp;dpr=1 754w, https:\/\/images.theconversation.com\/files\/381146\/original\/file-20210128-13-br6ahp.jpg?ixlib=rb-1.1.0&amp;q=30&amp;auto=format&amp;w=754&amp;h=503&amp;fit=crop&amp;dpr=2 1508w, https:\/\/images.theconversation.com\/files\/381146\/original\/file-20210128-13-br6ahp.jpg?ixlib=rb-1.1.0&amp;q=15&amp;auto=format&amp;w=754&amp;h=503&amp;fit=crop&amp;dpr=3 2262w\" alt=\"\" width=\"458\" height=\"306\" \/><\/a><\/figure>\n<p><span class=\"caption\" style=\"font-size: 10pt;\">Imagen de un hayedo del norte de la pen\u00ednsula ib\u00e9rica.<\/span><span class=\"attribution\" style=\"font-size: 10pt;\"><a class=\"source\" href=\"https:\/\/www.flickr.com\/photos\/oscarfh\/44743210560\/\"> Oscar F. Hevia \/ Flickr<\/a>, <a class=\"license\" href=\"http:\/\/creativecommons.org\/licenses\/by-nc-nd\/4.0\/\">CC BY-NC-ND<\/a><\/span><\/p>\n<h2 style=\"text-align: justify;\">Los bosques en el entorno rural mediterr\u00e1neo<\/h2>\n<p style=\"text-align: justify;\">Las personas que viven en el medio rural espa\u00f1ol, adem\u00e1s, introducen unos muy particulares, pero muy diferentes, matices. En el mundo mediterr\u00e1neo, los \u00e1rboles mayoritariamente no son de hoja ancha ni caduca \u2013al menos anualmente\u2013. Los \u00e1rboles, perfectamente adaptados a los rigores del entorno, no suelen presentar portes muy grandes, ni ser muy derechos.<\/p>\n<p style=\"text-align: justify;\">Las setas en realidad no suelen ser muy llamativas. Las plantas tienen un per\u00edodo de floraci\u00f3n muy breve. Y lo que es m\u00e1s perentorio de todo, la mayor\u00eda de estas plantas est\u00e1n verdes unas semanas en primavera y otras pocas en oto\u00f1o. La intensa sequ\u00eda del verano y los fr\u00edos del invierno imponen dos parones en la actividad vegetativa que ralentiza los procesos y mantiene apagado el fulgor de los bosques mediterr\u00e1neos.<\/p>\n<p style=\"text-align: justify;\">La poblaci\u00f3n rural en Espa\u00f1a siente el \u00e1mbito forestal, a\u00fan en estas circunstancias, como una oportunidad para trabajar y obtener ingresos. Variables que todo el mundo entiende como imprescindibles para subsistir.<\/p>\n<p style=\"text-align: justify;\">El conocimiento que tiene del territorio y de los usos culturales del mismo, la convierten en un valioso capital humano para aprovechar los recursos de manera local y sostenible, y por tanto en los principales valedores del territorio.<\/p>\n<p style=\"text-align: justify;\">Las personas que tienen una segunda residencia en un bosque o en sus inmediaciones lo entienden como un elemento paisaj\u00edstico que forma parte de su personal relaci\u00f3n con la naturaleza de una manera muy intensa. Una vez instalados, se convierten en robustos defensores del entorno, muy concernidos porque no se lleven a cabo nuevas tropel\u00edas y que se mantenga ese <em>statu quo<\/em> que han elegido para formar parte de su particular historia. Cuando llega el verano, sienten la continua amenaza de los grandes incendios que tan complicados son de detener a tiempo.<\/p>\n<h2 style=\"text-align: justify;\">Distintas percepciones<\/h2>\n<p style=\"text-align: justify;\">Por lo tanto, si preguntamos a una persona que regenta la alcald\u00eda de un pueblo, a un profesional vinculado a la extracci\u00f3n de madera de la zona, a un ganadero o ganadera, a un agente tur\u00edstico, a un propietario o propietaria de una finca de caza, o a un habitante de la ciudad aficionado al senderismo sus visiones de lo que es un bosque pueden ser radicalmente diferentes.<\/p>\n<p style=\"text-align: justify;\">Todos ellos forman parte de la misma sociedad que, en el a\u00f1o 2021, desea que los est\u00e1ndares de calidad de vida en el medio rural sean los mismos que los de los habitantes de las ciudades. <a href=\"https:\/\/www.un.org\/development\/desa\/es\/news\/population\/2018-world-urbanization-prospects.html#:%7E:text=El%20Departamento%20de%20Asuntos%20Econ%C3%B3micos,urbanas%20de%20cara%20a%202050.\">Seg\u00fan proyecciones de Naciones Unidas<\/a>, en 2050 el 68\u00a0% de la poblaci\u00f3n mundial acabar\u00e1 por concentrarse en las urbes, si no hay pol\u00edticas que reviertan la tendencia.<\/p>\n<p style=\"text-align: justify;\">Adem\u00e1s, en esta sociedad del siglo XXI est\u00e1n apareciendo nuevas \u00e1reas de inter\u00e9s asociadas a los bosques como son formas distintas del uso recreativo, la preservaci\u00f3n y conservaci\u00f3n de la biodiversidad y la capacidad de actuar como sumideros de carbono. Aspectos emergentes que han aparecido y se van a quedar integrados de manera indefectible ya para siempre en la gesti\u00f3n de estos espacios.<\/p>\n<figure class=\"align-center zoomable\"><a href=\"https:\/\/images.theconversation.com\/files\/381149\/original\/file-20210128-17-6ptfd8.jpg?ixlib=rb-1.1.0&amp;q=45&amp;auto=format&amp;w=1000&amp;fit=clip\"><img loading=\"lazy\" decoding=\"async\" class=\"aligncenter\" src=\"https:\/\/images.theconversation.com\/files\/381149\/original\/file-20210128-17-6ptfd8.jpg?ixlib=rb-1.1.0&amp;q=45&amp;auto=format&amp;w=754&amp;fit=clip\" sizes=\"auto, (min-width: 1466px) 754px, (max-width: 599px) 100vw, (min-width: 600px) 600px, 237px\" srcset=\"https:\/\/images.theconversation.com\/files\/381149\/original\/file-20210128-17-6ptfd8.jpg?ixlib=rb-1.1.0&amp;q=45&amp;auto=format&amp;w=600&amp;h=338&amp;fit=crop&amp;dpr=1 600w, https:\/\/images.theconversation.com\/files\/381149\/original\/file-20210128-17-6ptfd8.jpg?ixlib=rb-1.1.0&amp;q=30&amp;auto=format&amp;w=600&amp;h=338&amp;fit=crop&amp;dpr=2 1200w, https:\/\/images.theconversation.com\/files\/381149\/original\/file-20210128-17-6ptfd8.jpg?ixlib=rb-1.1.0&amp;q=15&amp;auto=format&amp;w=600&amp;h=338&amp;fit=crop&amp;dpr=3 1800w, https:\/\/images.theconversation.com\/files\/381149\/original\/file-20210128-17-6ptfd8.jpg?ixlib=rb-1.1.0&amp;q=45&amp;auto=format&amp;w=754&amp;h=424&amp;fit=crop&amp;dpr=1 754w, https:\/\/images.theconversation.com\/files\/381149\/original\/file-20210128-17-6ptfd8.jpg?ixlib=rb-1.1.0&amp;q=30&amp;auto=format&amp;w=754&amp;h=424&amp;fit=crop&amp;dpr=2 1508w, https:\/\/images.theconversation.com\/files\/381149\/original\/file-20210128-17-6ptfd8.jpg?ixlib=rb-1.1.0&amp;q=15&amp;auto=format&amp;w=754&amp;h=424&amp;fit=crop&amp;dpr=3 2262w\" alt=\"\" width=\"469\" height=\"264\" \/><\/a><figcaption><span class=\"caption\" style=\"font-size: 10pt;\">Bosques en La Gomera (islas Canarias). <\/span><span class=\"attribution\" style=\"font-size: 10pt;\"><span class=\"source\">J\u00f6rg Bergmann \/ Flickr<\/span>, <a class=\"license\" href=\"http:\/\/creativecommons.org\/licenses\/by-nc-nd\/4.0\/\">CC BY-NC-ND<\/a><\/span><\/figcaption><\/figure>\n<h2 style=\"text-align: justify;\">Diferentes miradas, un mismo bosque<\/h2>\n<p style=\"text-align: justify;\">A pesar de tan distintas concepciones, el bosque \u2013entendido en sentido amplio como sitio poblado de \u00e1rboles, arbustos, matas y herb\u00e1ceas\u2013, o el monte \u2013siguiendo la terminolog\u00eda latina que divid\u00eda el territorio en <em>urbs<\/em>, <em>ager<\/em> y <em>mons<\/em>\u2013 es uno solo.<\/p>\n<p style=\"text-align: justify;\">Como ocurre desde el inicio de las culturas que han poblado el planeta, el bosque sigue siendo una reserva de alimentos, de fibras, materiales constructivos y energ\u00e9ticos, que las distintas sociedades han ido extrayendo con mejor o peor fortuna, seg\u00fan les han ido haciendo falta unos u otros recursos naturales. Hasta el punto de que, hist\u00f3ricamente, la superficie ocupada por los bosques ha ido cediendo su territorio en favor de la superficie agr\u00edcola, tal y como hoy sigue ocurriendo en determinados lugares del planeta.<\/p>\n<p style=\"text-align: justify;\">Seg\u00fan datos de la Evaluaci\u00f3n de los recursos forestales mundiales 2020 realizada por la <a href=\"http:\/\/www.fao.org\/documents\/card\/en\/c\/ca9825en\">FAO <\/a>, los bosques cubren un tercio de la superficie terrestre, lo que equivale a 4\u00a0060 millones de hect\u00e1reas. El orden de magnitud de esta cifra deber\u00eda bastar para darnos cuenta de la importancia que tienen los bosques como moduladores del ciclo hidrol\u00f3gico, como retenedores de suelo frente a la erosi\u00f3n, o como h\u00e1bitats para la biodiversidad.<\/p>\n<p style=\"text-align: justify;\">Las masas forestales contienen 60\u00a0000 especies de \u00e1rboles diferentes, albergan el 80\u00a0% de las especies de anfibios, el 75\u00a0% de las especies de aves y el 68\u00a0% de las especies de mam\u00edferos de la Tierra. Constituyen pues uno de los elementos m\u00e1s importantes de la biosfera y el principal reservorio de biodiversidad de este planeta.<\/p>\n<p style=\"text-align: justify;\">Pero los bosques tambi\u00e9n resultan fundamentales desde un punto de vista socio-econ\u00f3mico. Cerca de 1\u00a0600 millones de personas \u2013 m\u00e1s del 25\u00a0% de la poblaci\u00f3n mundial\u2013 dependen directamente de los recursos forestales para subsistir. Obtienen de los bosques alimento, materias primas e ingresos econ\u00f3micos. Por ejemplo, uno de cada tres hogares del mundo depende de la le\u00f1a como combustible para cocinar y unos 764 millones de personas utilizan combustible de le\u00f1a para hervir el agua y depurarla.<\/p>\n<h2 style=\"text-align: justify;\">Cambios en los bosques causados por el hombre<\/h2>\n<p style=\"text-align: justify;\">El principal riesgo al que se enfrentan los bosques a nivel mundial es la deforestaci\u00f3n. Si bien es verdad que determinadas regiones tropicales sufren altas tasas de deforestaci\u00f3n (principalmente por la conversi\u00f3n de sus \u00e1reas en terrenos agr\u00edcolas), en regiones templadas, y debido al abandono del medio rural, se est\u00e1 produciendo un aumento de la superficie forestal, por lo que en global <a href=\"https:\/\/doi.org\/10.4060\/ca9825en\">la tasa de deforestaci\u00f3n se est\u00e1 reduciendo<\/a>.<\/p>\n<p style=\"text-align: justify;\">En Espa\u00f1a, la superficie forestal (es decir, lo que estrictamente no es agr\u00edcola ni urbano) ocupa 26,28 millones de hect\u00e1reas, lo que supone el 52\u00a0% del territorio nacional. Su superficie arbolada aumenta con una tasa anual de 2,19\u00a0%. Despu\u00e9s de Suecia y Finlandia, <a href=\"https:\/\/ec.europa.eu\/eurostat\/statistics-explained\/index.php\/Forests,_forestry_and_logging#Forests_and_other_wooded_land\">Espa\u00f1a es el tercer pa\u00eds de Europa con mayor superficie forestal arbolada<\/a> (en torno a 18 millones de hect\u00e1reas).<\/p>\n<p style=\"text-align: justify;\">El resto de la superficie espa\u00f1ola, aunque desarbolada, presenta formaciones vegetales (matorrales, herb\u00e1ceas, etc.) de importancia por su biodiversidad, por su biomasa o por la labor de fijaci\u00f3n de carbono que realizan.<\/p>\n<p style=\"text-align: justify;\">Seg\u00fan el avance del <em>Informe de la situaci\u00f3n de los bosques y el sector forestal en Espa\u00f1a<\/em> <a href=\"http:\/\/secforestales.org\/content\/informe-isfe\">(ISFE 2017)<\/a>, en nuestro pa\u00eds apenas existen bosques primarios (no intervenidos) debido a actividad humana sobre el territorio durante siglos.<\/p>\n<p style=\"text-align: justify;\">En cuanto a las especies que nos encontramos, el 55,5\u00a0% de la superficie forestal arbolada est\u00e1 ocupada por especies de frondosas, el 37\u00a0% por especies de con\u00edferas y el 7,5\u00a0% restante est\u00e1 ocupado por masas mixtas.<\/p>\n<p style=\"text-align: justify;\">Los bosques y otras formaciones vegetales en Espa\u00f1a constituyen un importante h\u00e1bitat para la biodiversidad, ocupando el 68\u00a0% de la superficie terrestre protegida y albergando 615 especies silvestres bajo el r\u00e9gimen de protecci\u00f3n especial (40,2\u00a0% de ellas son aves y 27,6\u00a0% son especies de flora).<\/p>\n<h2 style=\"text-align: justify;\">Aprovechamiento forestal y econ\u00f3mico<\/h2>\n<p style=\"text-align: justify;\">En los bosques espa\u00f1oles <a href=\"http:\/\/secforestales.org\/content\/informe-isfe\">crecen anualmente 45 millones de metros c\u00fabicos de madera<\/a>; cifra tres veces superior a la cuant\u00eda que es aprovechada (15 M\u00a0m\u00b3\/a\u00f1o). Estos datos se contraponen con las necesidades de importaci\u00f3n que tiene Espa\u00f1a en pr\u00e1cticamente todos los productos forestales de origen maderable (carb\u00f3n vegetal, astillas, madera aserrada, residuos de madera, pasta de papel, etc.).<\/p>\n<p style=\"text-align: justify;\">Desde el punto de visto econ\u00f3mico, el aprovechamiento maderero de los bosques supone un ingreso cercano a los 840\u00a0M\u20ac\/a\u00f1o, y con gran potencialidad de expansi\u00f3n.<\/p>\n<p style=\"text-align: justify;\">Adem\u00e1s, aparte de la madera, <a href=\"http:\/\/libros.inia.es\/libros\/product_info.php?products_id=1010\">los bosques espa\u00f1oles son proveedores de otros productos de gran valor econ\u00f3mico<\/a>, como el corcho, la resina, pi\u00f1ones y casta\u00f1a, o los hongos, que llegan a suponer ingresos en torno a 500\u00a0M\u20ac\/a\u00f1o. Por \u00faltimo, los bosques son generadores de otros servicios, como el recreo, paisaje, la fijaci\u00f3n de suelos y la protecci\u00f3n de cabeceras de cuenca.<\/p>\n<hr \/>\n<p style=\"text-align: justify;\"><em>Este art\u00edculo ha sido escrito en colaboraci\u00f3n con Sergio de la Cruz, director t\u00e9cnico del <a href=\"http:\/\/www.fbycc.org\/\">Foro de Bosques y Cambio Clim\u00e1tico<\/a>.<\/em><\/p>\n<hr \/>\n<p style=\"text-align: justify;\"><em>Esta es la primera entrega de una serie de art\u00edculos centrada en los bosques, su importante papel como sumideros de carbono y su relaci\u00f3n con el cambio clim\u00e1tico.<\/em><!-- Below is The Conversation's page counter tag. Please DO NOT REMOVE. --><img loading=\"lazy\" decoding=\"async\" style=\"border: none !important; box-shadow: none !important; margin: 0 !important; max-height: 1px !important; max-width: 1px !important; min-height: 1px !important; min-width: 1px !important; opacity: 0 !important; outline: none !important; padding: 0 !important; text-shadow: none !important;\" src=\"https:\/\/counter.theconversation.com\/content\/152426\/count.gif?distributor=republish-lightbox-basic\" alt=\"The Conversation\" width=\"1\" height=\"1\" \/><!-- Fin del c\u00f3digo. Si no ve ning\u00fan c\u00f3digo arriba, por favor, obtenga el nuevo c\u00f3digo de la pesta\u00f1a Avanzado despu\u00e9s de hacer clic en el bot\u00f3n de republicar. El contador de p\u00e1ginas no recoge ning\u00fan dato personal. M\u00e1s informaci\u00f3n: http:\/\/theconversation.com\/es\/republishing-guidelines --><\/p>\n<hr \/>\n<p style=\"text-align: justify;\"><a href=\"https:\/\/theconversation.com\/profiles\/agustin-rubio-sanchez-693585\">Agust\u00edn Rubio S\u00e1nchez<\/a>, Catedr\u00e1tico de Ecolog\u00eda y Edafolog\u00eda, <em><a href=\"https:\/\/theconversation.com\/institutions\/universidad-politecnica-de-madrid-upm-1649\">Universidad Polit\u00e9cnica de Madrid (UPM)<\/a><\/em> y <a href=\"https:\/\/theconversation.com\/profiles\/rafael-calama-sainz-1187295\">Rafael Calama Sainz<\/a>, Cient\u00edfico Titular en Centro de Investigaci\u00f3n Forestal, <em><a href=\"https:\/\/theconversation.com\/institutions\/instituto-nacional-de-investigacion-y-tecnologia-agraria-y-alimentaria-inia-4139\">Instituto Nacional de Investigaci\u00f3n y Tecnolog\u00eda Agraria y Alimentaria (INIA)<\/a><\/em><\/p>\n<p style=\"text-align: justify;\">Este art\u00edculo fue publicado originalmente en <a href=\"https:\/\/theconversation.com\">The Conversation<\/a>. Lea el <a href=\"https:\/\/theconversation.com\/maneras-de-mirar-un-bosque-152426\">original<\/a>.<\/p>\n","protected":false},"excerpt":{"rendered":"<p>Maneras de mirar un bosque Agust\u00edn Rubio S\u00e1nchez, Universidad Polit\u00e9cnica de Madrid (UPM) y Rafael Calama Sainz, Instituto Nacional de Investigaci\u00f3n y Tecnolog\u00eda Agraria y Alimentaria (INIA) Bosque de Oma, en la<a class=\"moretag\" href=\"https:\/\/www.fbycc.org\/index.php\/2021\/02\/04\/articulo-maneras-de-mirar-un-bosque\/\">Leer m\u00e1s&#8230;<\/a><\/p>\n","protected":false},"author":2,"featured_media":0,"comment_status":"closed","ping_status":"open","sticky":false,"template":"","format":"standard","meta":{"_monsterinsights_skip_tracking":false,"_monsterinsights_sitenote_active":false,"_monsterinsights_sitenote_note":"","_monsterinsights_sitenote_category":0,"footnotes":""},"categories":[11],"tags":[124,87,16,17,27],"class_list":["post-2027","post","type-post","status-publish","format-standard","hentry","category-noticias","tag-afolu","tag-bioeconomia","tag-bosques","tag-cambio-climatico","tag-lulucf"],"_links":{"self":[{"href":"https:\/\/www.fbycc.org\/index.php\/wp-json\/wp\/v2\/posts\/2027","targetHints":{"allow":["GET"]}}],"collection":[{"href":"https:\/\/www.fbycc.org\/index.php\/wp-json\/wp\/v2\/posts"}],"about":[{"href":"https:\/\/www.fbycc.org\/index.php\/wp-json\/wp\/v2\/types\/post"}],"author":[{"embeddable":true,"href":"https:\/\/www.fbycc.org\/index.php\/wp-json\/wp\/v2\/users\/2"}],"replies":[{"embeddable":true,"href":"https:\/\/www.fbycc.org\/index.php\/wp-json\/wp\/v2\/comments?post=2027"}],"version-history":[{"count":13,"href":"https:\/\/www.fbycc.org\/index.php\/wp-json\/wp\/v2\/posts\/2027\/revisions"}],"predecessor-version":[{"id":2081,"href":"https:\/\/www.fbycc.org\/index.php\/wp-json\/wp\/v2\/posts\/2027\/revisions\/2081"}],"wp:attachment":[{"href":"https:\/\/www.fbycc.org\/index.php\/wp-json\/wp\/v2\/media?parent=2027"}],"wp:term":[{"taxonomy":"category","embeddable":true,"href":"https:\/\/www.fbycc.org\/index.php\/wp-json\/wp\/v2\/categories?post=2027"},{"taxonomy":"post_tag","embeddable":true,"href":"https:\/\/www.fbycc.org\/index.php\/wp-json\/wp\/v2\/tags?post=2027"}],"curies":[{"name":"wp","href":"https:\/\/api.w.org\/{rel}","templated":true}]}}