{"id":1968,"date":"2020-12-18T07:51:47","date_gmt":"2020-12-18T07:51:47","guid":{"rendered":"http:\/\/www.fbycc.org\/?p=1968"},"modified":"2020-12-18T07:51:47","modified_gmt":"2020-12-18T07:51:47","slug":"acuerdo-de-colaboracion-con-el-proyecto-life-forest-co2","status":"publish","type":"post","link":"https:\/\/www.fbycc.org\/index.php\/2020\/12\/18\/acuerdo-de-colaboracion-con-el-proyecto-life-forest-co2\/","title":{"rendered":"Acuerdo de colaboraci\u00f3n con el proyecto LIFE FOREST CO2"},"content":{"rendered":"<p>&nbsp;<\/p>\n<p style=\"text-align: justify;\">Recientemente el Presidente del Foro de Bosques y Cambio Clim\u00e1tico, Francisco M. Rodr\u00edguez Mart\u00edn, firm\u00f3 un acuerdo con Miguel Cham\u00f3n Fern\u00e1ndez, coordinador del proyecto, para la replicaci\u00f3n de resultados del proyecto LIFE FOREST CO2.<\/p>\n<p style=\"text-align: justify;\">La Direcci\u00f3n General de Medio Natural de la Regi\u00f3n de Murcia, entidad impulsora de la iniciativa, tiene el objetivo de crear una red de difusi\u00f3n y generaci\u00f3n de conocimiento relacionado con las tem\u00e1ticas objeto del proyecto, especialmente fomentar los sumideros de carbono entre propietarios forestales y promover la generaci\u00f3n de cr\u00e9ditos de carbono forestal para la transferencia al mercado voluntario.<a href=\"http:\/\/www.fbycc.org\/wp-content\/uploads\/2020\/12\/captura.jpg\"><img loading=\"lazy\" decoding=\"async\" class=\"aligncenter wp-image-1969 size-full\" src=\"http:\/\/www.fbycc.org\/wp-content\/uploads\/2020\/12\/captura.jpg\" alt=\"\" width=\"640\" height=\"230\" srcset=\"https:\/\/www.fbycc.org\/wp-content\/uploads\/2020\/12\/captura.jpg 640w, https:\/\/www.fbycc.org\/wp-content\/uploads\/2020\/12\/captura-300x108.jpg 300w\" sizes=\"auto, (max-width: 640px) 100vw, 640px\" \/><\/a><\/p>\n<p style=\"text-align: justify;\">El FByCC, que ven\u00eda colaborando en los \u00faltimos a\u00f1os con el proyecto LIFE en la organizaci\u00f3n de jornadas, se adhiere por tanto a la red de compromisos para garantizar que las metodolog\u00edas y el conocimiento generado, as\u00ed como las lecciones aprendidas sobre sostenibilidad y gesti\u00f3n forestal, contribuyen a una gobernanza en el sector enfocada a la mitigaci\u00f3n del cambio clim\u00e1tico.<\/p>\n<blockquote>\n<p style=\"text-align: center;\"><span style=\"font-size: 18pt;\"><strong><a href=\"http:\/\/lifeforestco2.eu\/\" target=\"_blank\" rel=\"noopener noreferrer\">&gt;&gt;\u00a0 LIFE FOREST CO2\u00a0 &lt;&lt;<\/a><\/strong><\/span><\/p>\n<\/blockquote>\n<p>&nbsp;<\/p>\n","protected":false},"excerpt":{"rendered":"<p>&nbsp; Recientemente el Presidente del Foro de Bosques y Cambio Clim\u00e1tico, Francisco M. Rodr\u00edguez Mart\u00edn, firm\u00f3 un acuerdo con Miguel Cham\u00f3n Fern\u00e1ndez, coordinador del proyecto, para la replicaci\u00f3n de resultados del proyecto<a class=\"moretag\" href=\"https:\/\/www.fbycc.org\/index.php\/2020\/12\/18\/acuerdo-de-colaboracion-con-el-proyecto-life-forest-co2\/\">Leer m\u00e1s&#8230;<\/a><\/p>\n","protected":false},"author":2,"featured_media":0,"comment_status":"closed","ping_status":"open","sticky":false,"template":"","format":"standard","meta":{"_monsterinsights_skip_tracking":false,"_monsterinsights_sitenote_active":false,"_monsterinsights_sitenote_note":"","_monsterinsights_sitenote_category":0,"footnotes":""},"categories":[11],"tags":[16,101,102,100,99],"class_list":["post-1968","post","type-post","status-publish","format-standard","hentry","category-noticias","tag-bosques","tag-life","tag-life-forest-co2","tag-mercado-voluntario","tag-sumidero"],"_links":{"self":[{"href":"https:\/\/www.fbycc.org\/index.php\/wp-json\/wp\/v2\/posts\/1968","targetHints":{"allow":["GET"]}}],"collection":[{"href":"https:\/\/www.fbycc.org\/index.php\/wp-json\/wp\/v2\/posts"}],"about":[{"href":"https:\/\/www.fbycc.org\/index.php\/wp-json\/wp\/v2\/types\/post"}],"author":[{"embeddable":true,"href":"https:\/\/www.fbycc.org\/index.php\/wp-json\/wp\/v2\/users\/2"}],"replies":[{"embeddable":true,"href":"https:\/\/www.fbycc.org\/index.php\/wp-json\/wp\/v2\/comments?post=1968"}],"version-history":[{"count":4,"href":"https:\/\/www.fbycc.org\/index.php\/wp-json\/wp\/v2\/posts\/1968\/revisions"}],"predecessor-version":[{"id":1973,"href":"https:\/\/www.fbycc.org\/index.php\/wp-json\/wp\/v2\/posts\/1968\/revisions\/1973"}],"wp:attachment":[{"href":"https:\/\/www.fbycc.org\/index.php\/wp-json\/wp\/v2\/media?parent=1968"}],"wp:term":[{"taxonomy":"category","embeddable":true,"href":"https:\/\/www.fbycc.org\/index.php\/wp-json\/wp\/v2\/categories?post=1968"},{"taxonomy":"post_tag","embeddable":true,"href":"https:\/\/www.fbycc.org\/index.php\/wp-json\/wp\/v2\/tags?post=1968"}],"curies":[{"name":"wp","href":"https:\/\/api.w.org\/{rel}","templated":true}]}}