{"id":1886,"date":"2020-03-01T12:10:49","date_gmt":"2020-03-01T12:10:49","guid":{"rendered":"http:\/\/www.fbycc.org\/?p=1886"},"modified":"2020-03-01T12:10:49","modified_gmt":"2020-03-01T12:10:49","slug":"propuestas-de-los-estados-para-niveles-de-referencia","status":"publish","type":"post","link":"https:\/\/www.fbycc.org\/index.php\/2020\/03\/01\/propuestas-de-los-estados-para-niveles-de-referencia\/","title":{"rendered":"Propuestas de los Estados para niveles de referencia"},"content":{"rendered":"<div class=\"field field-name-title-field field-type-text field-label-hidden\">\n<div class=\"field-items\">\n<div class=\"field-item even\"><\/div>\n<\/div>\n<\/div>\n<div class=\"field field-name-field-nems-core-image field-type-image field-label-hidden\">\n<div class=\"field-items\">\n<div class=\"field-item even\" style=\"text-align: justify;\"><strong>El Reglamento (UE) 2018\/841, adoptado en mayo de 2018, exige que los Estados miembros se aseguren de que las emisiones de gases de efecto invernadero del uso de la tierra, el cambio de uso de la tierra y la silvicultura se equilibren con al menos una eliminaci\u00f3n equivalente de CO\u00a0<sub>2<\/sub>\u00a0de la atm\u00f3sfera en el per\u00edodo de 2021 a 2030.<\/strong><\/div>\n<\/div>\n<\/div>\n<div class=\"field field-name-body field-type-text-with-summary field-label-hidden\">\n<div class=\"field-items\">\n<div class=\"field-item even\">\n<p style=\"text-align: justify;\"><span><br \/>\nEl Art\u00edculo 8 del Reglamento establece el proceso y los requisitos para la presentaci\u00f3n de los Planes Nacionales de Contabilidad Forestal que contienen los Niveles de Referencia Forestal (LRF) propuestos, para contabilizar este equilibrio en los bosques.<\/span><\/p>\n<p style=\"text-align: justify;\"><span>Este proceso comenz\u00f3 en 2018 con una serie de consultas, el desarrollo de documentaci\u00f3n de orientaci\u00f3n y la presentaci\u00f3n por parte de todos los Estados miembros de un\u00a0<\/span><b><span>borrador<\/span><\/b><span>\u00a0del Plan Nacional de Contabilidad Forestal y FRL.\u00a0Estos borradores fueron evaluados en 2019 por un grupo de expertos (incluidos los Estados miembros, expertos independientes y diversas partes interesadas, incluidas las ONG).\u00a0En respuesta a esto, la Comisi\u00f3n hizo recomendaciones t\u00e9cnicas en\u00a0<\/span><a href=\"https:\/\/eur-lex.europa.eu\/legal-content\/EN\/TXT\/?uri=CELEX:52019SC0213\"><span>SWD (2019) 213<\/span><\/a><span>\u00a0(junio de 2019).<\/span><\/p>\n<p style=\"text-align: justify;\"><span>El\u00a0<\/span><b><span>Art\u00edculo 8 (7) del<\/span><\/b><span>\u00a0Reglamento LULUCF\u00a0tambi\u00e9n requiere que los Estados miembros presenten\u00a0Planes\u00a0<\/span><b><span>revisados<\/span><\/b><span>\u00a0y, si es necesario, recalculen el Nivel de referencia forestal (LRF), teniendo en cuenta el grupo de expertos y las recomendaciones de la Comisi\u00f3n.<\/span><\/p>\n<p style=\"text-align: justify;\"><span>De conformidad con el Art\u00edculo 8 (7), la Comisi\u00f3n ha\u00a0<\/span><a href=\"https:\/\/ec.europa.eu\/clima\/sites\/clima\/files\/forests\/lulucf\/docs\/frl_proposed_by_ms_en.pdf\"><span>publicado una tabla <\/span><\/a><span>de los Niveles de Referencia Forestal revisados \u200b\u200by propuestos que le han sido comunicados por los Estados Miembros.<\/span><\/p>\n<p style=\"text-align: justify;\"><span>Actualmente, la Comisi\u00f3n est\u00e1 revisando los planes revisados \u200b\u200by los LRF presentados en el cuadro, con miras a adoptarlos por ley (acto delegado) antes de finales de octubre de 2020. De conformidad con el Art\u00edculo 8 (8) y 8 (9) del Reglamento LULUCF, la Comisi\u00f3n puede establecer niveles de referencia forestal diferentes de los propuestos por los Estados miembros.\u00a0La propuesta de la Comisi\u00f3n para el acto delegado se presentar\u00e1 al\u00a0<\/span><a href=\"https:\/\/ec.europa.eu\/transparency\/regexpert\/index.cfm?do=groupDetail.groupDetail&amp;groupID=3638&amp;news=1\"><span>grupo de expertos de<\/span><\/a><span>\u00a0la\u00a0<a href=\"https:\/\/ec.europa.eu\/transparency\/regexpert\/index.cfm?do=groupDetail.groupDetail&amp;groupID=3638&amp;news=1\">Comisi\u00f3n sobre uso de la tierra, cambio de uso de la tierra y silvicultura (LULUCF) (E03638)<\/a>\u00a0, previsto para principios de mayo de 2020.<\/span><\/p>\n<p><span style=\"font-size: 8pt;\">Fuente: Comisi\u00f3n Europea (CC\u00a0BY 4.0)\u00a0<\/span><\/p>\n<\/div>\n<\/div>\n<\/div>\n","protected":false},"excerpt":{"rendered":"<p>El Reglamento (UE) 2018\/841, adoptado en mayo de 2018, exige que los Estados miembros se aseguren de que las emisiones de gases de efecto invernadero del uso de la tierra, el cambio<a class=\"moretag\" href=\"https:\/\/www.fbycc.org\/index.php\/2020\/03\/01\/propuestas-de-los-estados-para-niveles-de-referencia\/\">Leer m\u00e1s&#8230;<\/a><\/p>\n","protected":false},"author":2,"featured_media":0,"comment_status":"closed","ping_status":"open","sticky":false,"template":"","format":"standard","meta":{"_monsterinsights_skip_tracking":false,"_monsterinsights_sitenote_active":false,"_monsterinsights_sitenote_note":"","_monsterinsights_sitenote_category":0,"footnotes":""},"categories":[11],"tags":[],"class_list":["post-1886","post","type-post","status-publish","format-standard","hentry","category-noticias"],"_links":{"self":[{"href":"https:\/\/www.fbycc.org\/index.php\/wp-json\/wp\/v2\/posts\/1886","targetHints":{"allow":["GET"]}}],"collection":[{"href":"https:\/\/www.fbycc.org\/index.php\/wp-json\/wp\/v2\/posts"}],"about":[{"href":"https:\/\/www.fbycc.org\/index.php\/wp-json\/wp\/v2\/types\/post"}],"author":[{"embeddable":true,"href":"https:\/\/www.fbycc.org\/index.php\/wp-json\/wp\/v2\/users\/2"}],"replies":[{"embeddable":true,"href":"https:\/\/www.fbycc.org\/index.php\/wp-json\/wp\/v2\/comments?post=1886"}],"version-history":[{"count":6,"href":"https:\/\/www.fbycc.org\/index.php\/wp-json\/wp\/v2\/posts\/1886\/revisions"}],"predecessor-version":[{"id":1892,"href":"https:\/\/www.fbycc.org\/index.php\/wp-json\/wp\/v2\/posts\/1886\/revisions\/1892"}],"wp:attachment":[{"href":"https:\/\/www.fbycc.org\/index.php\/wp-json\/wp\/v2\/media?parent=1886"}],"wp:term":[{"taxonomy":"category","embeddable":true,"href":"https:\/\/www.fbycc.org\/index.php\/wp-json\/wp\/v2\/categories?post=1886"},{"taxonomy":"post_tag","embeddable":true,"href":"https:\/\/www.fbycc.org\/index.php\/wp-json\/wp\/v2\/tags?post=1886"}],"curies":[{"name":"wp","href":"https:\/\/api.w.org\/{rel}","templated":true}]}}