{"id":1844,"date":"2020-01-25T09:55:28","date_gmt":"2020-01-25T09:55:28","guid":{"rendered":"http:\/\/www.fbycc.org\/?p=1844"},"modified":"2020-01-25T10:45:56","modified_gmt":"2020-01-25T10:45:56","slug":"exito-de-la-jornada-bosques-mecanismos-de-mercado-y-oportunidades","status":"publish","type":"post","link":"https:\/\/www.fbycc.org\/index.php\/2020\/01\/25\/exito-de-la-jornada-bosques-mecanismos-de-mercado-y-oportunidades\/","title":{"rendered":"\u00c9xito de la jornada \u00abBosques, mecanismos de mercado y oportunidades\u00bb"},"content":{"rendered":"<p style=\"text-align: justify;\"><img loading=\"lazy\" decoding=\"async\" class=\"size-medium wp-image-1859 alignright\" src=\"http:\/\/www.fbycc.org\/wp-content\/uploads\/2020\/01\/frm-300x226.jpg\" alt=\"\" width=\"300\" height=\"226\" srcset=\"https:\/\/www.fbycc.org\/wp-content\/uploads\/2020\/01\/frm-300x226.jpg 300w, https:\/\/www.fbycc.org\/wp-content\/uploads\/2020\/01\/frm.jpg 712w\" sizes=\"auto, (max-width: 300px) 100vw, 300px\" \/>El Foro de Bosques y Cambio Clim\u00e1tico organiz\u00f3 el pasado 16 de enero, en el sal\u00f3n de actos del Instituto de la Ingenier\u00eda de Espa\u00f1a, la jornada <em><strong>\u00abBosques, Mecanismos de Mercado y Oportunidades\u00bb<\/strong><\/em>, que cont\u00f3 con cerca de 100 asistentes. Una jornada en la que se analizaron los mecanismos de mercado de carbono\u00a0forestal que existen a nivel mundial.<\/p>\n<p style=\"text-align: justify;\">\u201cLa raz\u00f3n de esta jornada es para hablar sobre los mercados internacionales que existen en torno al carbono forestal, y como se articulan a trav\u00e9s del mecanismo REDD+ en los pa\u00edses en desarrollo\u201d, expuso en la presentaci\u00f3n del encuentro <strong><em>Francisco Rodr\u00edguez, presidente del Foro de los Bosques y Cambio Clim\u00e1tico<\/em><\/strong>. <em>\u201cEsperamos con esta jornada poder trasladar a los asistentes una visi\u00f3n global de la situaci\u00f3n de los bosques y el carbono que almacenan, as\u00ed como de las oportunidades que se pueden generar tanto a profesionales como a empresas. Poniendo los bosques en una situaci\u00f3n de mayor relevancia<\/em>\u201d, a\u00f1adi\u00f3.<\/p>\n<p style=\"text-align: justify;\"><a href=\"http:\/\/www.fbycc.org\/wp-content\/uploads\/2020\/01\/abem2.jpg\"><img loading=\"lazy\" decoding=\"async\" class=\"size-medium wp-image-1864 alignleft\" src=\"http:\/\/www.fbycc.org\/wp-content\/uploads\/2020\/01\/abem2-300x225.jpg\" alt=\"\" width=\"300\" height=\"225\" srcset=\"https:\/\/www.fbycc.org\/wp-content\/uploads\/2020\/01\/abem2-300x225.jpg 300w, https:\/\/www.fbycc.org\/wp-content\/uploads\/2020\/01\/abem2-1024x768.jpg 1024w, https:\/\/www.fbycc.org\/wp-content\/uploads\/2020\/01\/abem2-768x576.jpg 768w, https:\/\/www.fbycc.org\/wp-content\/uploads\/2020\/01\/abem2-800x600.jpg 800w, https:\/\/www.fbycc.org\/wp-content\/uploads\/2020\/01\/abem2-1536x1152.jpg 1536w, https:\/\/www.fbycc.org\/wp-content\/uploads\/2020\/01\/abem2-2048x1536.jpg 2048w\" sizes=\"auto, (max-width: 300px) 100vw, 300px\" \/><\/a>La jornada comenz\u00f3 con la intervenci\u00f3n de <em><strong>Andr\u00e9s Espejo<\/strong><\/em>, especialista Senior en Finanzas de Carbono del Banco Mundial, quien dio una introducci\u00f3n a los mercados internacionales de carbono forestal, el apoyo que el Banco Mundial provee a los pa\u00edses en v\u00edas de desarrollo para participar en los mercados de carbono forestal por medio de programas de reducci\u00f3n de emisiones, y las oportunidades existentes para participar en este proceso. <em>\u201cEl Banco Mundial apoya el desarrollo de los mercados de carbono forestal y la implementaci\u00f3n de las Contribuciones Nacionalmente Determinadas por medio del pilotaje de Programas de Reducci\u00f3n de Emisiones jurisdiccionales. Actulamente manejamos 1.7 millardos de d\u00f3lares en dos fondos que cubren REDD+ y el sector AFOLU, pero para incrementar el nivel de aspiraci\u00f3n nuestro apoyo aumentar\u00e1 en ambici\u00f3n, escala y alcance<\/em>\u201d, se\u00f1al\u00f3.<\/p>\n<p style=\"text-align: justify;\"><strong><em>Jos\u00e9 Luis Tom\u00e9<\/em><\/strong> y <strong><em>Mar\u00eda Jes\u00fas Toledo<\/em><\/strong>, de Agresta, explicaron las tecnolog\u00edas para el monitoreo de bosques y carbono forestal, indicando que en los \u00faltimos a\u00f1os \u201cha habido una revoluci\u00f3n enorme al respecto\u201d.<\/p>\n<p style=\"text-align: justify;\"><em><strong>Javier Cano<\/strong><\/em>, experto en sistemas MRV, habl\u00f3 del caso de Chile en la reducci\u00f3n de las emisiones debidas a la deforestaci\u00f3n y la degradaci\u00f3n de los bosques (REDD+), as\u00ed como de su mercado dom\u00e9stico y oportunidades asociadas. Mientras que Jos\u00e9 Luis Fuentes, gerente del Cambio Clim\u00e1tico-Sostenibilidad de AENOR, realiz\u00f3 una ponencia sobre la validaci\u00f3n y verificaci\u00f3n de proyectos de carbono fores<span style=\"text-align: justify;\">tal.<\/span><\/p>\n<p style=\"text-align: justify;\"><em><strong><a href=\"http:\/\/www.fbycc.org\/wp-content\/uploads\/2020\/01\/pav.jpg\"><img loading=\"lazy\" decoding=\"async\" class=\"size-medium wp-image-1866 alignright\" src=\"http:\/\/www.fbycc.org\/wp-content\/uploads\/2020\/01\/pav-300x225.jpg\" alt=\"\" width=\"300\" height=\"225\" srcset=\"https:\/\/www.fbycc.org\/wp-content\/uploads\/2020\/01\/pav-300x225.jpg 300w, https:\/\/www.fbycc.org\/wp-content\/uploads\/2020\/01\/pav-1024x768.jpg 1024w, https:\/\/www.fbycc.org\/wp-content\/uploads\/2020\/01\/pav-768x576.jpg 768w, https:\/\/www.fbycc.org\/wp-content\/uploads\/2020\/01\/pav-800x600.jpg 800w, https:\/\/www.fbycc.org\/wp-content\/uploads\/2020\/01\/pav.jpg 1205w\" sizes=\"auto, (max-width: 300px) 100vw, 300px\" \/><\/a>Pedro Alcanda<\/strong><\/em>, experto en Planificaci\u00f3n Forestal Estrat\u00e9gica de Tragsatec, perteneciente al Grupo Tragsa, en su ponencia <em>\u201cLas oportunidades de los bosques de Espa\u00f1a<\/em>\u201d, quiso poner en valor el trabajo de los selvicultores. <em>\u201cEn los bosques espa\u00f1oles ya muy expandidos se aumentar\u00eda m\u00e1s la captura de carbono mediante una adecuada selvicultura inteligente que incentivando solamente las repoblaciones forestales\u201d<\/em>, apunt\u00f3.<\/p>\n<p style=\"text-align: justify;\">En este sentido, mostr\u00f3 c\u00f3mo en los cuatro a\u00f1os posteriores a la intervenci\u00f3n selv\u00edcola, un \u00e1rbol puede crecer m\u00e1s del doble que en sus primeros diez a\u00f1os, al eliminar la competencia arb\u00f3rea a su alrededor. \u201c<em>La dosificaci\u00f3n de la competencia arb\u00f3rea procura el adecuado estado de salud y vigor del arbolado, favoreciendo su crecimiento y la captura de carbono, as\u00ed como la conservaci\u00f3n y resilencia de la masa forestal\u201d<\/em>, explic\u00f3.<\/p>\n<p style=\"text-align: justify;\">Alcanda tambi\u00e9n a\u00f1adi\u00f3 en su ponencia, que fue la encargada de cerrar la jornada, que <em>\u201cla superficie arbolada se ha duplicado en la segunda mitad del siglo XX, venimos a cortar poco m\u00e1s de un tercio del crecimiento de las masas forestales espa\u00f1olas. Un contexto donde la selvicultura se hace indispensable\u201d<\/em>.<\/p>\n<p style=\"text-align: justify;\">Durante el posterior debate se puso de manifiesto la falta de reconocimiento de los actores que con su gesti\u00f3n forestal contribuyen al mantenimiento y aumento de los stocks de carbono y la necesidad de contar con recursos financieros y medios suficientes para poner en marcha un mercado de capturas de carbono que incentive la mejora de nuestros bosques y su acci\u00f3n sumidero. La gesti\u00f3n forestal, y en especial la selvicultura, puede y debe jugar un papel activo en la mitigaci\u00f3n del cambio clim\u00e1tico.<\/p>\n<p><img loading=\"lazy\" decoding=\"async\" class=\"wp-image-1847 size-large aligncenter\" src=\"http:\/\/www.fbycc.org\/wp-content\/uploads\/2020\/01\/bmmo-1024x589.jpg\" alt=\"\" width=\"604\" height=\"347\" srcset=\"https:\/\/www.fbycc.org\/wp-content\/uploads\/2020\/01\/bmmo-1024x589.jpg 1024w, https:\/\/www.fbycc.org\/wp-content\/uploads\/2020\/01\/bmmo-300x172.jpg 300w, https:\/\/www.fbycc.org\/wp-content\/uploads\/2020\/01\/bmmo-768x441.jpg 768w, https:\/\/www.fbycc.org\/wp-content\/uploads\/2020\/01\/bmmo-1536x883.jpg 1536w, https:\/\/www.fbycc.org\/wp-content\/uploads\/2020\/01\/bmmo-2048x1177.jpg 2048w\" sizes=\"auto, (max-width: 604px) 100vw, 604px\" \/><\/p>\n<p>&gt;&gt; <a href=\"http:\/\/www.fbycc.org\/index.php\/jornadas\/jornada-bosques-mecanismos-de-mercado-y-oportunidades\/\">Accede al v\u00eddeo y las presentaciones de la jornada<\/a><\/p>\n","protected":false},"excerpt":{"rendered":"<p>El Foro de Bosques y Cambio Clim\u00e1tico organiz\u00f3 el pasado 16 de enero, en el sal\u00f3n de actos del Instituto de la Ingenier\u00eda de Espa\u00f1a, la jornada \u00abBosques, Mecanismos de Mercado y<a class=\"moretag\" href=\"https:\/\/www.fbycc.org\/index.php\/2020\/01\/25\/exito-de-la-jornada-bosques-mecanismos-de-mercado-y-oportunidades\/\">Leer m\u00e1s&#8230;<\/a><\/p>\n","protected":false},"author":2,"featured_media":0,"comment_status":"closed","ping_status":"open","sticky":false,"template":"","format":"standard","meta":{"_monsterinsights_skip_tracking":false,"_monsterinsights_sitenote_active":false,"_monsterinsights_sitenote_note":"","_monsterinsights_sitenote_category":0,"footnotes":""},"categories":[12],"tags":[],"class_list":["post-1844","post","type-post","status-publish","format-standard","hentry","category-jornadas"],"_links":{"self":[{"href":"https:\/\/www.fbycc.org\/index.php\/wp-json\/wp\/v2\/posts\/1844","targetHints":{"allow":["GET"]}}],"collection":[{"href":"https:\/\/www.fbycc.org\/index.php\/wp-json\/wp\/v2\/posts"}],"about":[{"href":"https:\/\/www.fbycc.org\/index.php\/wp-json\/wp\/v2\/types\/post"}],"author":[{"embeddable":true,"href":"https:\/\/www.fbycc.org\/index.php\/wp-json\/wp\/v2\/users\/2"}],"replies":[{"embeddable":true,"href":"https:\/\/www.fbycc.org\/index.php\/wp-json\/wp\/v2\/comments?post=1844"}],"version-history":[{"count":21,"href":"https:\/\/www.fbycc.org\/index.php\/wp-json\/wp\/v2\/posts\/1844\/revisions"}],"predecessor-version":[{"id":1875,"href":"https:\/\/www.fbycc.org\/index.php\/wp-json\/wp\/v2\/posts\/1844\/revisions\/1875"}],"wp:attachment":[{"href":"https:\/\/www.fbycc.org\/index.php\/wp-json\/wp\/v2\/media?parent=1844"}],"wp:term":[{"taxonomy":"category","embeddable":true,"href":"https:\/\/www.fbycc.org\/index.php\/wp-json\/wp\/v2\/categories?post=1844"},{"taxonomy":"post_tag","embeddable":true,"href":"https:\/\/www.fbycc.org\/index.php\/wp-json\/wp\/v2\/tags?post=1844"}],"curies":[{"name":"wp","href":"https:\/\/api.w.org\/{rel}","templated":true}]}}