{"id":1665,"date":"2019-11-28T17:48:45","date_gmt":"2019-11-28T17:48:45","guid":{"rendered":"http:\/\/www.fbycc.org\/?p=1665"},"modified":"2019-12-09T16:40:17","modified_gmt":"2019-12-09T16:40:17","slug":"bosques-y-cambio-climatico-durante-la-cop25","status":"publish","type":"post","link":"https:\/\/www.fbycc.org\/index.php\/2019\/11\/28\/bosques-y-cambio-climatico-durante-la-cop25\/","title":{"rendered":"AGENDA DEL SECTOR FORESTAL ESPA\u00d1OL EN APOYO A LA COP25"},"content":{"rendered":"<p style=\"text-align: center;\"><img loading=\"lazy\" decoding=\"async\" class=\"alignnone wp-image-1660 size-full\" src=\"http:\/\/www.fbycc.org\/wp-content\/uploads\/2019\/11\/cop25.png\" alt=\"\" width=\"745\" height=\"172\" srcset=\"https:\/\/www.fbycc.org\/wp-content\/uploads\/2019\/11\/cop25.png 745w, https:\/\/www.fbycc.org\/wp-content\/uploads\/2019\/11\/cop25-300x69.png 300w\" sizes=\"auto, (max-width: 745px) 100vw, 745px\" \/><\/p>\n<p style=\"text-align: justify;\">La <strong>cumbre del clima (COP25)<\/strong> se celebrar\u00e1 en el IFEMA de Madrid entre los d\u00edas<strong> 2 y 13 de diciembre<\/strong>. La primera semana ser\u00e1 de car\u00e1cter t\u00e9cnico, pero durante los \u00faltimos d\u00edas de la cumbre, que se conocen como el \u00abtramo ministerial\u00bb, se dar\u00e1n cita numerosos jefes de Estado y ministros responsables de cambio clim\u00e1tico de decenas de pa\u00edses.<\/p>\n<p style=\"text-align: justify;\">La cumbre de este a\u00f1o es especialmente trascendente, ya que constituye la \u00faltima reuni\u00f3n para activar el Acuerdo de Par\u00eds, concebido como el primer pacto mundial vinculante en defensa del clima del planeta, que tiene que estar plenamente vigente en enero de 2020.<\/p>\n<p style=\"text-align: justify;\">Los pa\u00edses deben presentar nuevos planes, las llamadas NDCs, que garanticen el objetivo principal de mantener la temperatura del planeta por debajo de los 2 \u00b0C respecto a la era preindustrial haciendo esfuerzos para que no ascienda por encima de 1,5 \u00b0C.<\/p>\n<p style=\"text-align: justify;\">La COP25 ser\u00e1 la \u00faltima conferencia antes de que esto suceda. Por eso, las Partes tienen la obligaci\u00f3n, ya impostergable, de establecer un reglamente claro para que las medidas firmadas en el acuerdo comiencen a rodar.<\/p>\n<p style=\"text-align: justify;\">Uno de los puntos cr\u00edticos y m\u00e1s dif\u00edciles de resolver de la COP25 ser\u00e1 la definici\u00f3n del Art\u00edculo 6 del Acuerdo de Par\u00eds, un art\u00edculo en el que la participaci\u00f3n del sector privado ser\u00e1 crucial.<\/p>\n<p style=\"text-align: justify;\">M\u00e1s de 25.000 representantes de 200 pa\u00edses se reunir\u00e1n en Madrid para alcanzar acuerdos y compromisos entre naciones para combatir los efectos del cambio clim\u00e1tico.<\/p>\n<p style=\"text-align: justify;\"><strong>Diferentes agentes del sector forestal espa\u00f1ol mostrar\u00e1n su apoyo a la COP25, con una serie de eventos y jornadas que pondr\u00e1n de manifiesto el papel que juegan los bosques en la lucha contra el cambio clim\u00e1tico.<\/strong><\/p>\n<p style=\"text-align: justify;\"><strong>Varios de estos actos tendr\u00e1n lugar en la \u00abZONA VERDE\u00bb que la organizaci\u00f3n ha habilitado para la participaci\u00f3n por parte de la sociedad civil.<\/strong><\/p>\n<div class=\"tx-cta\" style=\"\"><div class=\"tx-cta-text\">\u00abLa gesti\u00f3n activa de los espacios forestales como recurso estrat\u00e9gico para alcanzar los objetivos clim\u00e1ticos y de desarrollo sostenible\u00bb &lt;strong&gt;&lt;span style=&quot;font-size: 10pt;&quot;&gt;&lt;em&gt;(esMonta\u00f1as, Juntos por los Bosques)&lt;\/em&gt;&lt;\/span&gt;&lt;\/strong&gt;<\/div><a href=\"http:\/\/www.fbycc.org\/index.php\/events\/la-gestion-activa-de-los-espacios-forestales-como-recurso-estrategico-para-alcanzar-los-objetivos-climaticos-y-de-desarrollo-sostenible\/\" class=\"cta-button\">   2 de DICIEMBRE<\/a><div class=\"clear\"><\/div><\/div>\n<div class=\"tx-cta\" style=\"\"><div class=\"tx-cta-text\">\u00abFeria de Emprendimiento Sostenible\u00bb&lt;strong&gt;&lt;span style=&quot;font-size: 10pt;&quot;&gt;&lt;em&gt; (Universidad Polit\u00e9cnica de Madrid)&lt;\/em&gt;&lt;\/span&gt;&lt;\/strong&gt;<\/div><a href=\"https:\/\/www.udoe.es\/fes\/\" class=\"cta-button\">4 al 5 de DICIEMBRE<\/a><div class=\"clear\"><\/div><\/div>\n<div class=\"tx-cta\" style=\"\"><div class=\"tx-cta-text\">\u00abContribuci\u00f3n del bosques urbano de Madrid a la adaptaci\u00f3n y mitigaci\u00f3n del cambio clim\u00e1tico\u00bb&lt;em&gt;&lt;span style=&quot;font-size: 10pt;&quot;&gt;&lt;strong&gt; (Colegio de Ingenieros de Montes en Madrid)&lt;\/strong&gt;&lt;\/span&gt;&lt;\/em&gt;<\/div><a href=\"http:\/\/madrid.ingenierosdemontes.org\/2019\/11\/19\/jornada-4-de-diciembre-2019\/\" class=\"cta-button\">    4 de DICIEMBRE    <\/a><div class=\"clear\"><\/div><\/div>\n<div class=\"tx-cta\" style=\"\"><div class=\"tx-cta-text\">\u00abSelvicultura del Carbono y Gesti\u00f3n Forestal Sostenible para la Mitigaci\u00f3n del Cambio Clim\u00e1tico\u00bb &lt;strong&gt;&lt;span style=&quot;font-size: 10pt;&quot;&gt;&lt;em&gt;(Proyecto LIFE FOREST CO2)&lt;\/em&gt;&lt;\/span&gt;&lt;\/strong&gt;<\/div><a href=\"https:\/\/app.box.com\/s\/5dmp1tdq0j5l55g9dxcdv0xe5kqzwlme\" class=\"cta-button\">    4 de DICIEMBRE    <\/a><div class=\"clear\"><\/div><\/div>\n<div class=\"tx-cta\" style=\"\"><div class=\"tx-cta-text\">\u00abLa sostenibilidad de nuestros suelos, el futuro del planeta\u00bb &lt;strong&gt;&lt;span style=&quot;font-size: 10pt;&quot;&gt;&lt;em&gt;(AENOR)&lt;\/em&gt;&lt;\/span&gt;&lt;\/strong&gt;<\/div><a href=\"http:\/\/www.fbycc.org\/index.php\/events\/la-sostenibilidad-de-nuestros-suelos-el-futuro-del-planeta\/\" class=\"cta-button\">   4 de DICIEMBRE   <\/a><div class=\"clear\"><\/div><\/div>\n<div class=\"tx-cta\" style=\"\"><div class=\"tx-cta-text\">\u00abLa lucha contra la deforestaci\u00f3n a nivel mundial. Tr\u00e1fico ilegal de maderas tropicales. Presentaci\u00f3n de la Gu\u00eda Macrosc\u00f3pica de alerta temprana de maderas tropicales\u00bb &lt;strong&gt;&lt;span style=&quot;font-size: 10pt;&quot;&gt;&lt;em&gt;(ETSI Montes, Forestal y del Medio Natural, UPM)&lt;\/em&gt;&lt;\/span&gt;&lt;\/strong&gt;<\/div><a href=\"https:\/\/www.montesymedionatural.upm.es\/sfs\/montesymedionatural\/Portada\/Articulo\/2019-12-05-Presentacion-guia_maderas\/Presentaci%C3%B3n%20Gu%C3%ADa%20CITES_COP25-1.pdf#nuevaventana\" class=\"cta-button\">   5 de DICIEMBRE   <\/a><div class=\"clear\"><\/div><\/div>\n<div class=\"tx-cta\" style=\"\"><div class=\"tx-cta-text\">\u00abEmisiones de gases de efecto invernadero en los sectores agr\u00edcola y forestal. Contexto europeo y nacional\u00bb &lt;strong&gt;&lt;span style=&quot;font-size: 10pt;&quot;&gt;&lt;em&gt;(CIFOR-INIA)&lt;\/em&gt;&lt;\/span&gt;&lt;\/strong&gt;<\/div><a href=\"http:\/\/wwwsp.inia.es\/Comunicacion\/NoticiasHome\/Lists\/Noticias%20Home\/Attachments\/921\/Difusi%C3%B3n%20INIACOP25.pdf#nuevaventana\" class=\"cta-button\">   5 de DICIEMBRE   <\/a><div class=\"clear\"><\/div><\/div>\n<div class=\"tx-cta\" style=\"\"><div class=\"tx-cta-text\">\u00abMesa de debate: Los bosques ante el cambio clim\u00e1tico\u00bb &lt;strong&gt;&lt;span style=&quot;font-size: 10pt;&quot;&gt;&lt;em&gt;(CIFOR-INIA)&lt;\/em&gt;&lt;\/span&gt;&lt;\/strong&gt;<\/div><a href=\"http:\/\/wwwsp.inia.es\/Comunicacion\/NoticiasHome\/Lists\/Noticias%20Home\/Attachments\/921\/Difusi%C3%B3n%20INIACOP25.pdf#nuevaventana\" class=\"cta-button\">   5 de DICIEMBRE   <\/a><div class=\"clear\"><\/div><\/div>\n<div class=\"tx-cta\" style=\"\"><div class=\"tx-cta-text\">\u00abLos bosques y su gesti\u00f3n como recurso estrat\u00e9gico en la lucha contra el cambio clim\u00e1tico y para alcanzar los ODS. Casos pr\u00e1cticos\u00bb &lt;strong&gt;&lt;span style=&quot;font-size: 10pt;&quot;&gt;&lt;em&gt;(Juntos por los Bosques)&lt;\/em&gt;&lt;\/span&gt;&lt;\/strong&gt;<\/div><a href=\"http:\/\/agendaverde.cop25.cl\/eventos\/los-bosques-y-su-gestion-como-recurso-estrategico-en-la-lucha-contra-el-cambio-climatico-y-para-alcanzar-los-ods-casos-practicos-forests-and-their-management-as-a-strategic-resource-in-the-fight-a\" class=\"cta-button\">   6 de DICIEMBRE   <\/a><div class=\"clear\"><\/div><\/div>\n<div class=\"tx-cta\" style=\"\"><div class=\"tx-cta-text\">\u00abLos bosques y el cambio clim\u00e1tico\u00bb &lt;strong&gt;&lt;span style=&quot;font-size: 10pt;&quot;&gt;&lt;em&gt;(Colegio Oficial de Ingenieros T\u00e9cnicos Forestales)&lt;\/em&gt;&lt;\/span&gt;&lt;\/strong&gt;<\/div><a href=\"https:\/\/www.forestales.net\/Canales\/Ficha.aspx?IdMenu=bb2956d3-46d1-46a1-bbc0-bc2f3507d54d&#038;Cod=71e7df86-a3ec-4db9-88a2-6cbcac375c20&#038;Idioma=es-ES\" class=\"cta-button\">   10 de DICIEMBRE   <\/a><div class=\"clear\"><\/div><\/div>\n<div class=\"tx-cta\" style=\"\"><div class=\"tx-cta-text\">\u00abCOP25, INCENDIOS FORESTALES Y CAMBIO CLIM\u00c1TICO: COOPERACI\u00d3N Y GOBERNANZA PARA LA INNOVACI\u00d3N EN LA PREVENCI\u00d3N, LUCHA CONTRA INCENDIOS Y RESTAURACI\u00d3N DE ESPACIOS QUEMADOS\u00bb &lt;strong&gt;&lt;span style=&quot;font-size: 10pt;&quot;&gt;&lt;em&gt;(Participar\u00e1 el GRUPO TRAGSA y el FORO DE BOSQUES y CAMBIO CLIM\u00c1TICO entre otros )&lt;\/em&gt;&lt;\/span&gt;&lt;\/strong&gt;<\/div><a href=\"http:\/\/www.fbycc.org\/wp-content\/uploads\/2019\/12\/COP25-MESA-Incendios-Forestales-y-CC-17h-11.12.19.pdf\" class=\"cta-button\">   11 de DICIEMBRE   <\/a><div class=\"clear\"><\/div><\/div>\n","protected":false},"excerpt":{"rendered":"<p>La cumbre del clima (COP25) se celebrar\u00e1 en el IFEMA de Madrid entre los d\u00edas 2 y 13 de diciembre. La primera semana ser\u00e1 de car\u00e1cter t\u00e9cnico, pero durante los \u00faltimos d\u00edas<a class=\"moretag\" href=\"https:\/\/www.fbycc.org\/index.php\/2019\/11\/28\/bosques-y-cambio-climatico-durante-la-cop25\/\">Leer m\u00e1s&#8230;<\/a><\/p>\n","protected":false},"author":2,"featured_media":0,"comment_status":"closed","ping_status":"open","sticky":false,"template":"","format":"standard","meta":{"_monsterinsights_skip_tracking":false,"_monsterinsights_sitenote_active":false,"_monsterinsights_sitenote_note":"","_monsterinsights_sitenote_category":0,"footnotes":""},"categories":[12,11],"tags":[92,93,16,17,90,91],"class_list":["post-1665","post","type-post","status-publish","format-standard","hentry","category-jornadas","category-noticias","tag-cop25madrid","tag-madridgreencapital","tag-bosques","tag-cambio-climatico","tag-cop","tag-cop25"],"_links":{"self":[{"href":"https:\/\/www.fbycc.org\/index.php\/wp-json\/wp\/v2\/posts\/1665","targetHints":{"allow":["GET"]}}],"collection":[{"href":"https:\/\/www.fbycc.org\/index.php\/wp-json\/wp\/v2\/posts"}],"about":[{"href":"https:\/\/www.fbycc.org\/index.php\/wp-json\/wp\/v2\/types\/post"}],"author":[{"embeddable":true,"href":"https:\/\/www.fbycc.org\/index.php\/wp-json\/wp\/v2\/users\/2"}],"replies":[{"embeddable":true,"href":"https:\/\/www.fbycc.org\/index.php\/wp-json\/wp\/v2\/comments?post=1665"}],"version-history":[{"count":40,"href":"https:\/\/www.fbycc.org\/index.php\/wp-json\/wp\/v2\/posts\/1665\/revisions"}],"predecessor-version":[{"id":1743,"href":"https:\/\/www.fbycc.org\/index.php\/wp-json\/wp\/v2\/posts\/1665\/revisions\/1743"}],"wp:attachment":[{"href":"https:\/\/www.fbycc.org\/index.php\/wp-json\/wp\/v2\/media?parent=1665"}],"wp:term":[{"taxonomy":"category","embeddable":true,"href":"https:\/\/www.fbycc.org\/index.php\/wp-json\/wp\/v2\/categories?post=1665"},{"taxonomy":"post_tag","embeddable":true,"href":"https:\/\/www.fbycc.org\/index.php\/wp-json\/wp\/v2\/tags?post=1665"}],"curies":[{"name":"wp","href":"https:\/\/api.w.org\/{rel}","templated":true}]}}