{"id":1602,"date":"2019-05-10T17:36:08","date_gmt":"2019-05-10T17:36:08","guid":{"rendered":"http:\/\/www.fbycc.org\/?p=1602"},"modified":"2019-05-12T19:18:20","modified_gmt":"2019-05-12T19:18:20","slug":"conferencia-our-forest-our-future","status":"publish","type":"post","link":"https:\/\/www.fbycc.org\/index.php\/2019\/05\/10\/conferencia-our-forest-our-future\/","title":{"rendered":"Conferencia \u00abOUR FORESTS, OUR FUTURE\u00bb"},"content":{"rendered":"<p>&nbsp;<\/p>\n<div id=\"attachment_1606\" style=\"width: 410px\" class=\"wp-caption alignright\"><img loading=\"lazy\" decoding=\"async\" aria-describedby=\"caption-attachment-1606\" class=\"wp-image-1606\" src=\"http:\/\/www.fbycc.org\/wp-content\/uploads\/2019\/05\/ofof1.jpg\" alt=\"\" width=\"400\" height=\"267\" srcset=\"https:\/\/www.fbycc.org\/wp-content\/uploads\/2019\/05\/ofof1.jpg 600w, https:\/\/www.fbycc.org\/wp-content\/uploads\/2019\/05\/ofof1-300x200.jpg 300w, https:\/\/www.fbycc.org\/wp-content\/uploads\/2019\/05\/ofof1-272x182.jpg 272w\" sizes=\"auto, (max-width: 400px) 100vw, 400px\" \/><p id=\"caption-attachment-1606\" class=\"wp-caption-text\">Comisario Phil Hogan durante la sesi\u00f3n de apertura. Fuente: EC<\/p><\/div>\n<p style=\"text-align: justify;\">Los d\u00edas 25 y 26 de abril de 2019 tuvo lugar en Bruselas la conferencia <strong><em>\u201cOUR FORESTS, OUR FUTURE\u201d<\/em><\/strong>. Organizado por el Departamento de Agricultura y Desarrollo Rural de la Comisi\u00f3n Europea, cont\u00f3 con la participaci\u00f3n de los comisarios Phil Hogan, Miguel Arias Ca\u00f1ete y Neven Mimica, el secretario de Estado rumano Daniel Constantin Coroama y la ministra eslovena Aleksandra Pivec. La conferencia cubri\u00f3 aspectos clave del sector forestal a nivel mundial y de la UE, y permiti\u00f3 un amplio intercambio de opiniones sobre los principales desaf\u00edos y oportunidades que enfrentan los bosques y el sector.<\/p>\n<p style=\"text-align: justify;\">El primer d\u00eda comenz\u00f3 con la sesi\u00f3n de apertura: <em>\u201cSetting the scene: the contribution of forests and the forest-based sector to EU priorities and targets. Taking stock of the review of the EU Forest Strategy\u201d<\/em> seguido de la primera sesi\u00f3n <em>\u201cContribution of forests and the forest-based sector to innovation, growth and jobs: opportunities and challenges for the bioeconomy\u201d<\/em>. En la discusi\u00f3n del panel se discuti\u00f3 el aumento de la demanda de energ\u00eda renovable basada en la madera, la b\u00fasqueda de materiales de origen biol\u00f3gico en la industria y el sector qu\u00edmico y el impulso hacia edificios de energ\u00eda casi nula.<\/p>\n<p style=\"text-align: justify;\">La segunda sesi\u00f3n llev\u00f3 por nombre <em>\u00abForests and the Paris Agreement: opportunities and challenges for forests and the forest-based sector\u00bb<\/em>. Durante la discusi\u00f3n del panel se puso de manifiesto que el Acuerdo de Par\u00eds est\u00e1 reduciendo los bosques a un simple almacenamiento de CO2, sin considerar el importante papel de los bosques y la selvicultura en el almacenamiento a largo plazo del carbono a trav\u00e9s de productos basados en el uso de la madera.<\/p>\n<p style=\"text-align: justify;\">El primer d\u00eda de la Conferencia termin\u00f3 con la tercera sesi\u00f3n: <em>\u00abForests and the health of the Earth\u00bb<\/em>. Los ecosistemas de bosques saludables proporcionan h\u00e1bitats para animales y plantas, desempe\u00f1an un papel importante en la adaptaci\u00f3n al cambio clim\u00e1tico, en la conservaci\u00f3n de la biodiversidad y en la prevenci\u00f3n y la lucha contra la desertificaci\u00f3n, proporcionando tambi\u00e9n agua y protecci\u00f3n del suelo, as\u00ed como frente a otros riesgos naturales, adem\u00e1s de prestar otros muchos servicios ambientales. Los bosques tambi\u00e9n proporcionan m\u00faltiples beneficios para la sociedad, incluyendo los que aportan para la salud humana, el recreo y el turismo. La mesa redonda trat\u00f3 sobre los mecanismos para salvaguardar y mejorar la prestaci\u00f3n de servicios de los ecosistemas a trav\u00e9s de los bosques, y de como fomentar los mercados de servicios ambientales.<\/p>\n<div id=\"attachment_1607\" style=\"width: 410px\" class=\"wp-caption alignleft\"><img loading=\"lazy\" decoding=\"async\" aria-describedby=\"caption-attachment-1607\" class=\"wp-image-1607\" src=\"http:\/\/www.fbycc.org\/wp-content\/uploads\/2019\/05\/ofof2.jpg\" alt=\"\" width=\"400\" height=\"267\" srcset=\"https:\/\/www.fbycc.org\/wp-content\/uploads\/2019\/05\/ofof2.jpg 600w, https:\/\/www.fbycc.org\/wp-content\/uploads\/2019\/05\/ofof2-300x200.jpg 300w, https:\/\/www.fbycc.org\/wp-content\/uploads\/2019\/05\/ofof2-272x182.jpg 272w\" sizes=\"auto, (max-width: 400px) 100vw, 400px\" \/><p id=\"caption-attachment-1607\" class=\"wp-caption-text\">Comisario Miguel Arias Ca\u00f1ete durante la segunda sesi\u00f3n. Fuente: EC<\/p><\/div>\n<p style=\"text-align: justify;\">La Cuarta Sesi\u00f3n se celebr\u00f3 el 26 de abril: <em>\u00abProtecting forests and promoting sustainable forest management at global level\u00bb.<\/em> A trav\u00e9s de diferentes iniciativas (REDD +, FLEGT, Reglamento de la madera), la UE y los Estados miembros est\u00e1n contribuyendo a combatir la deforestaci\u00f3n y la degradaci\u00f3n de los bosques a nivel mundial, aspectos para los que la Comisi\u00f3n est\u00e1 preparando acciones adicionales. Posteriormente sigui\u00f3 una mesa redonda sobre el desarrollo e implementaci\u00f3n de acciones y medidas efectivas para combatir la deforestaci\u00f3n y la degradaci\u00f3n de los bosques.<\/p>\n<p style=\"text-align: justify;\">La conferencia finaliz\u00f3 con una ceremonia de plantaci\u00f3n de \u00e1rboles encabezada por el Comisario de Agricultura y Desarrollo Rural Phil Hogan.<\/p>\n<p>&nbsp;<\/p>\n<p>&nbsp;<\/p>\n<p style=\"text-align: justify;\">&gt;&gt; <a href=\"https:\/\/ec.europa.eu\/info\/sites\/info\/files\/food-farming-fisheries\/events\/documents\/forestry-conference-2019-agenda_en.pdf\" target=\"_blank\" rel=\"noopener noreferrer\">Programa de la conferencia<\/a><br \/>\n&gt;&gt; <a href=\"https:\/\/ec.europa.eu\/info\/sites\/info\/files\/food-farming-fisheries\/events\/documents\/forestry-conference-2019-particpants_en.pdf\" target=\"_blank\" rel=\"noopener noreferrer\">Listado de participantes<\/a><\/p>\n","protected":false},"excerpt":{"rendered":"<p>&nbsp; Los d\u00edas 25 y 26 de abril de 2019 tuvo lugar en Bruselas la conferencia \u201cOUR FORESTS, OUR FUTURE\u201d. Organizado por el Departamento de Agricultura y Desarrollo Rural de la Comisi\u00f3n<a class=\"moretag\" href=\"https:\/\/www.fbycc.org\/index.php\/2019\/05\/10\/conferencia-our-forest-our-future\/\">Leer m\u00e1s&#8230;<\/a><\/p>\n","protected":false},"author":2,"featured_media":0,"comment_status":"closed","ping_status":"open","sticky":false,"template":"","format":"standard","meta":{"_monsterinsights_skip_tracking":false,"_monsterinsights_sitenote_active":false,"_monsterinsights_sitenote_note":"","_monsterinsights_sitenote_category":0,"footnotes":""},"categories":[11],"tags":[19,16,86,55,41],"class_list":["post-1602","post","type-post","status-publish","format-standard","hentry","category-noticias","tag-acuerdo-de-paris","tag-bosques","tag-comision-europea","tag-europa","tag-union-europea"],"_links":{"self":[{"href":"https:\/\/www.fbycc.org\/index.php\/wp-json\/wp\/v2\/posts\/1602","targetHints":{"allow":["GET"]}}],"collection":[{"href":"https:\/\/www.fbycc.org\/index.php\/wp-json\/wp\/v2\/posts"}],"about":[{"href":"https:\/\/www.fbycc.org\/index.php\/wp-json\/wp\/v2\/types\/post"}],"author":[{"embeddable":true,"href":"https:\/\/www.fbycc.org\/index.php\/wp-json\/wp\/v2\/users\/2"}],"replies":[{"embeddable":true,"href":"https:\/\/www.fbycc.org\/index.php\/wp-json\/wp\/v2\/comments?post=1602"}],"version-history":[{"count":16,"href":"https:\/\/www.fbycc.org\/index.php\/wp-json\/wp\/v2\/posts\/1602\/revisions"}],"predecessor-version":[{"id":1620,"href":"https:\/\/www.fbycc.org\/index.php\/wp-json\/wp\/v2\/posts\/1602\/revisions\/1620"}],"wp:attachment":[{"href":"https:\/\/www.fbycc.org\/index.php\/wp-json\/wp\/v2\/media?parent=1602"}],"wp:term":[{"taxonomy":"category","embeddable":true,"href":"https:\/\/www.fbycc.org\/index.php\/wp-json\/wp\/v2\/categories?post=1602"},{"taxonomy":"post_tag","embeddable":true,"href":"https:\/\/www.fbycc.org\/index.php\/wp-json\/wp\/v2\/tags?post=1602"}],"curies":[{"name":"wp","href":"https:\/\/api.w.org\/{rel}","templated":true}]}}