{"id":1536,"date":"2019-01-09T16:51:07","date_gmt":"2019-01-09T16:51:07","guid":{"rendered":"http:\/\/www.fbycc.org\/?p=1536"},"modified":"2019-11-19T17:01:58","modified_gmt":"2019-11-19T17:01:58","slug":"reportaje-casas-de-madera","status":"publish","type":"post","link":"https:\/\/www.fbycc.org\/index.php\/2019\/01\/09\/reportaje-casas-de-madera\/","title":{"rendered":"Reportaje: \u00abCasas de madera\u00bb"},"content":{"rendered":"<div style=\"text-align: justify;\">La madera es el material de moda en la construcci\u00f3n. La sociedad espa\u00f1ola se resiste a abandonar la cultura del hormig\u00f3n, pero la madera es m\u00e1s ligera, m\u00e1s aislante y m\u00e1s sostenible. Cada metro c\u00fabico de madera absorbe una tonelada de CO2 de la atm\u00f3sfera. En el siguiente reportaje del programa \u00abLa aventura del saber \u00abde TVE conocer\u00e1s las posibilidades de este material como materia prima para una construcci\u00f3n y arquitectura sostenibles.<\/div>\n<div style=\"width: 100%; padding-top: 64%; position: relative; border-bottom: 1px solid #aaa; display: inline-block; background: rgba(255,255,255,0.9);\"><iframe style=\"width: 100%; height: 90%; position: absolute; left: 0; top: 0; overflow: hidden;\" src=\"http:\/\/www.rtve.es\/drmn\/embed\/video\/4645332\" name=\"Arquitectura sostenible en madera contralaminada.\" frameborder=\"0\" scrolling=\"no\" allowfullscreen=\"allowfullscreen\"><\/iframe><\/p>\n<div style=\"position: absolute; bottom: 0; left: 0; font-family: arial,helvetica,sans-serif; font-size: 12px; line-height: 1.833; display: inline-block; padding: 5px 0 5px 10px;\"><span style=\"float: left; margin-right: 10px;\"><br \/>\n<img decoding=\"async\" style=\"height: 20px; width: auto; background: transparent; padding: 0; margin: 0;\" src=\"http:\/\/img.irtve.es\/css\/rtve.commons\/rtve.header.footer\/i\/logoRTVEes.png\"><br \/>\n<\/span><br \/>\n<a style=\"color: #333; font-weight: bold;\" title=\"Arquitectura sostenible en madera contralaminada.\" href=\"http:\/\/www.rtve.es\/alacarta\/videos\/la-aventura-del-saber\/aventurarqui\/4645332\/\"><br \/>\n<strong>Arquitectura sostenible en madera contralaminada.<\/strong><br \/>\n<\/a><\/div>\n<\/div>\n","protected":false},"excerpt":{"rendered":"<p>La madera es el material de moda en la construcci\u00f3n. La sociedad espa\u00f1ola se resiste a abandonar la cultura del hormig\u00f3n, pero la madera es m\u00e1s ligera, m\u00e1s aislante y m\u00e1s sostenible.<a class=\"moretag\" href=\"https:\/\/www.fbycc.org\/index.php\/2019\/01\/09\/reportaje-casas-de-madera\/\">Leer m\u00e1s&#8230;<\/a><\/p>\n","protected":false},"author":2,"featured_media":0,"comment_status":"closed","ping_status":"open","sticky":false,"template":"","format":"standard","meta":{"_monsterinsights_skip_tracking":false,"_monsterinsights_sitenote_active":false,"_monsterinsights_sitenote_note":"","_monsterinsights_sitenote_category":0,"footnotes":""},"categories":[11,77],"tags":[87,16,88],"class_list":["post-1536","post","type-post","status-publish","format-standard","hentry","category-noticias","category-recurso","tag-bioeconomia","tag-bosques","tag-madera"],"_links":{"self":[{"href":"https:\/\/www.fbycc.org\/index.php\/wp-json\/wp\/v2\/posts\/1536","targetHints":{"allow":["GET"]}}],"collection":[{"href":"https:\/\/www.fbycc.org\/index.php\/wp-json\/wp\/v2\/posts"}],"about":[{"href":"https:\/\/www.fbycc.org\/index.php\/wp-json\/wp\/v2\/types\/post"}],"author":[{"embeddable":true,"href":"https:\/\/www.fbycc.org\/index.php\/wp-json\/wp\/v2\/users\/2"}],"replies":[{"embeddable":true,"href":"https:\/\/www.fbycc.org\/index.php\/wp-json\/wp\/v2\/comments?post=1536"}],"version-history":[{"count":6,"href":"https:\/\/www.fbycc.org\/index.php\/wp-json\/wp\/v2\/posts\/1536\/revisions"}],"predecessor-version":[{"id":1543,"href":"https:\/\/www.fbycc.org\/index.php\/wp-json\/wp\/v2\/posts\/1536\/revisions\/1543"}],"wp:attachment":[{"href":"https:\/\/www.fbycc.org\/index.php\/wp-json\/wp\/v2\/media?parent=1536"}],"wp:term":[{"taxonomy":"category","embeddable":true,"href":"https:\/\/www.fbycc.org\/index.php\/wp-json\/wp\/v2\/categories?post=1536"},{"taxonomy":"post_tag","embeddable":true,"href":"https:\/\/www.fbycc.org\/index.php\/wp-json\/wp\/v2\/tags?post=1536"}],"curies":[{"name":"wp","href":"https:\/\/api.w.org\/{rel}","templated":true}]}}