{"id":1516,"date":"2018-12-23T19:07:37","date_gmt":"2018-12-23T19:07:37","guid":{"rendered":"http:\/\/www.fbycc.org\/?p=1516"},"modified":"2019-03-12T19:18:39","modified_gmt":"2019-03-12T19:18:39","slug":"declaracion-ministerial-de-katowice-forests-for-the-climate","status":"publish","type":"post","link":"https:\/\/www.fbycc.org\/index.php\/2018\/12\/23\/declaracion-ministerial-de-katowice-forests-for-the-climate\/","title":{"rendered":"Declaraci\u00f3n Ministerial de Katowice \u00abForests for the Climate\u00bb"},"content":{"rendered":"<p style=\"text-align: justify;\"><img loading=\"lazy\" decoding=\"async\" class=\"wp-image-1522 size-full alignright\" src=\"http:\/\/www.fbycc.org\/wp-content\/uploads\/2018\/12\/DuSzXZeWwAAahjq-e1545591750791.jpg\" alt=\"\" width=\"600\" height=\"400\" \/>Los ministros que asistieron a la 24\u00aa sesi\u00f3n de la Conferencia de las Partes (COP 24) de la CMNUCC adoptaron la \u00abDeclaraci\u00f3n Ministerial de Katowice sobre Bosques para el Clima\u00bb. La Declaraci\u00f3n destaca el papel de la gesti\u00f3n forestal sostenible en el logro de la neutralidad clim\u00e1tica.<\/p>\n<p style=\"text-align: justify;\">La Presidencia polaca de la COP 24 organiz\u00f3 un evento especial para ministros y jefes de delegaciones sobre \u00abBosques para el clima\u00bb para destacar el papel de los bosques en el logro del Acuerdo de Par\u00eds sobre el cambio clim\u00e1tico. Durante el evento el Ministro de Medio Ambiente de Polonia, Henryk Kowalczyk, explic\u00f3 que la cobertura forestal de Polonia se ha expandido sistem\u00e1ticamente, aumentando en 504.000 hect\u00e1reas entre 1995 y 2004. Tambi\u00e9n hizo hincapi\u00e9 en el compromiso y esfuerzo de la Presidencia polaca por lograr un equilibrio entre la emisi\u00f3n y absorci\u00f3n de gases de efecto invernadero (GEI) \u00aba trav\u00e9s de la aplicaci\u00f3n de soluciones innovadoras en el campo de la gesti\u00f3n forestal y los procesos naturales de absorci\u00f3n de di\u00f3xido de carbono por el suelo y los bosques\u00bb. Tras el respectivo debate, los ministros adoptaron la Declaraci\u00f3n con entusiasmo.<\/p>\n<p style=\"text-align: justify;\">En la Declaraci\u00f3n, los ministros se comprometen a acelerar las acciones para garantizar que la contribuci\u00f3n mundial de los bosques y los productos forestales se mantenga, respalde y aumente en 2050 para apoyar el logro del Acuerdo de Par\u00eds. Los ministros alientan a la comunidad cient\u00edfica a continuar explorando y cuantificando la contribuci\u00f3n de los sumideros y reservorios de GEI en los terrenos forestales gestionados, incluidos los bosques, para lograr un equilibrio entre las emisiones antropog\u00e9nicas de GEI por fuentes y las extracciones por sumideros en la segunda mitad de este siglo, as\u00ed como explorar nuevas t\u00e9cnica de aumentar esta aportaci\u00f3n. Los ministros adem\u00e1s alientan a las partes interesadas que no son Partes, incluidas ciudades, regiones, empresas e inversionistas, a que sigan mostrando su ambici\u00f3n y compromisos en sus acciones clim\u00e1ticas relacionadas con la selvicultura a trav\u00e9s de la Asociaci\u00f3n de Marrakech para la Acci\u00f3n Clim\u00e1tica Global y la Plataforma NAZCA.<\/p>\n<p style=\"text-align: justify;\">La Declaraci\u00f3n se basa en la Agenda 2030 para el Desarrollo Sostenible y sus ODS, la CMNUCC y los instrumentos relacionados, el Marco de Varsovia para REDD +, el Convenio sobre la Diversidad Biol\u00f3gica (CDB) y las Metas de Aichi para la Biodiversidad, el Plan Estrat\u00e9gico para los Bosques de la ONU y otros Iniciativas regionales sobre gesti\u00f3n forestal sostenible. La Declaraci\u00f3n tambi\u00e9n destaca la importancia de fortalecer las sinergias entre estos instrumentos cuando as\u00ed se considere necesario.<\/p>\n<p>\u00a0 \u00a0 \u00a0 &gt;&gt; <a href=\"https:\/\/cop24.gov.pl\/fileadmin\/user_upload\/Ministerial_Katowice_Declaration_on_Forests_for_Climate_OFFICIAL_ENG.pdf\" target=\"_blank\" rel=\"noopener noreferrer\">Declaraci\u00f3n<\/a><br \/>\u00a0 \u00a0 \u00a0 &gt;&gt; <a href=\"https:\/\/cop24.gov.pl\/fileadmin\/user_upload\/files\/Forest_for_climate_declaration_list_of_countries_supporting_declaration.pdf\" target=\"_blank\" rel=\"noopener noreferrer\">Partes que apoyan la declaraci\u00f3n<\/a><\/p>\n\n\n<p><\/p>\n","protected":false},"excerpt":{"rendered":"<p>Los ministros que asistieron a la 24\u00aa sesi\u00f3n de la Conferencia de las Partes (COP 24) de la CMNUCC adoptaron la \u00abDeclaraci\u00f3n Ministerial de Katowice sobre Bosques para el Clima\u00bb. La Declaraci\u00f3n<a class=\"moretag\" href=\"https:\/\/www.fbycc.org\/index.php\/2018\/12\/23\/declaracion-ministerial-de-katowice-forests-for-the-climate\/\">Leer m\u00e1s&#8230;<\/a><\/p>\n","protected":false},"author":2,"featured_media":0,"comment_status":"closed","ping_status":"closed","sticky":false,"template":"","format":"standard","meta":{"_monsterinsights_skip_tracking":false,"_monsterinsights_sitenote_active":false,"_monsterinsights_sitenote_note":"","_monsterinsights_sitenote_category":0,"footnotes":""},"categories":[11],"tags":[19,16,84,85],"class_list":["post-1516","post","type-post","status-publish","format-standard","hentry","category-noticias","tag-acuerdo-de-paris","tag-bosques","tag-cop24","tag-katowice"],"_links":{"self":[{"href":"https:\/\/www.fbycc.org\/index.php\/wp-json\/wp\/v2\/posts\/1516","targetHints":{"allow":["GET"]}}],"collection":[{"href":"https:\/\/www.fbycc.org\/index.php\/wp-json\/wp\/v2\/posts"}],"about":[{"href":"https:\/\/www.fbycc.org\/index.php\/wp-json\/wp\/v2\/types\/post"}],"author":[{"embeddable":true,"href":"https:\/\/www.fbycc.org\/index.php\/wp-json\/wp\/v2\/users\/2"}],"replies":[{"embeddable":true,"href":"https:\/\/www.fbycc.org\/index.php\/wp-json\/wp\/v2\/comments?post=1516"}],"version-history":[{"count":14,"href":"https:\/\/www.fbycc.org\/index.php\/wp-json\/wp\/v2\/posts\/1516\/revisions"}],"predecessor-version":[{"id":1547,"href":"https:\/\/www.fbycc.org\/index.php\/wp-json\/wp\/v2\/posts\/1516\/revisions\/1547"}],"wp:attachment":[{"href":"https:\/\/www.fbycc.org\/index.php\/wp-json\/wp\/v2\/media?parent=1516"}],"wp:term":[{"taxonomy":"category","embeddable":true,"href":"https:\/\/www.fbycc.org\/index.php\/wp-json\/wp\/v2\/categories?post=1516"},{"taxonomy":"post_tag","embeddable":true,"href":"https:\/\/www.fbycc.org\/index.php\/wp-json\/wp\/v2\/tags?post=1516"}],"curies":[{"name":"wp","href":"https:\/\/api.w.org\/{rel}","templated":true}]}}