{"id":1484,"date":"2018-03-24T16:19:28","date_gmt":"2018-03-24T16:19:28","guid":{"rendered":"http:\/\/www.fbycc.org\/?p=1484"},"modified":"2019-11-19T17:00:37","modified_gmt":"2019-11-19T17:00:37","slug":"reportaje-bosques-para-el-futuro","status":"publish","type":"post","link":"https:\/\/www.fbycc.org\/index.php\/2018\/03\/24\/reportaje-bosques-para-el-futuro\/","title":{"rendered":"Reportaje \u00abBosques para el futuro\u00bb"},"content":{"rendered":"<p style=\"text-align: justify;\">Para conmemorar el 21 de marzo, <strong>D\u00eda Internacional de los Bosques<\/strong>, el programa de TVE El Escarabajo Verde emite un programa especial sobre el futuro y el estado de salud de los bosques que nos rodean. Espa\u00f1a es el segundo pa\u00eds con mayor superficie forestal y contiene casi la mitad de los matorrales y pastizales de la Uni\u00f3n Europea. Adem\u00e1s, en 25 a\u00f1os ha visto aumentar la superficie arbolada un 33 %. Pero m\u00e1s masa forestal no es necesariamente algo positivo.<\/p>\n<div style=\"width: 100%; padding-top: 64%; position: relative; border-bottom: 1px solid #aaa; display: inline-block; background: rgba(255,255,255,0.9);\">\n<p><iframe loading=\"lazy\" style=\"width: 100%; height: 90%; position: absolute; left: 0; top: 0; overflow: hidden;\" src=\"http:\/\/www.rtve.es\/drmn\/embed\/video\/4536279\" name=\"Bosques para el futuro\" width=\"300\" height=\"150\" frameborder=\"0\" scrolling=\"no\" allowfullscreen=\"allowfullscreen\"><\/iframe><\/p>\n<div style=\"position: absolute; bottom: 0; left: 0; font-family: arial,helvetica,sans-serif; font-size: 12px; line-height: 1.833; display: inline-block; padding: 5px 0 5px 10px;\"><span style=\"float: left; margin-right: 10px;\"><br \/>\n<img decoding=\"async\" style=\"height: 20px; width: auto; background: transparent; padding: 0; margin: 0;\" src=\"http:\/\/img.irtve.es\/css\/rtve.commons\/rtve.header.footer\/i\/logoRTVEes.png\" \/><br \/>\n<\/span><br \/>\n<a style=\"color: #333; font-weight: bold;\" title=\"Bosques para el futuro\" href=\"http:\/\/www.rtve.es\/alacarta\/videos\/el-escarabajo-verde\/escarabajo-verde-bosques-para-futuro\/4536279\/\"><br \/>\n<strong>Bosques para el futuro<\/strong><br \/>\n<\/a><\/div>\n<\/div>\n","protected":false},"excerpt":{"rendered":"<p>Para conmemorar el 21 de marzo, D\u00eda Internacional de los Bosques, el programa de TVE El Escarabajo Verde emite un programa especial sobre el futuro y el estado de salud de los<a class=\"moretag\" href=\"https:\/\/www.fbycc.org\/index.php\/2018\/03\/24\/reportaje-bosques-para-el-futuro\/\">Leer m\u00e1s&#8230;<\/a><\/p>\n","protected":false},"author":2,"featured_media":0,"comment_status":"closed","ping_status":"open","sticky":false,"template":"","format":"standard","meta":{"_monsterinsights_skip_tracking":false,"_monsterinsights_sitenote_active":false,"_monsterinsights_sitenote_note":"","_monsterinsights_sitenote_category":0,"footnotes":""},"categories":[11,77],"tags":[87,16],"class_list":["post-1484","post","type-post","status-publish","format-standard","hentry","category-noticias","category-recurso","tag-bioeconomia","tag-bosques"],"_links":{"self":[{"href":"https:\/\/www.fbycc.org\/index.php\/wp-json\/wp\/v2\/posts\/1484","targetHints":{"allow":["GET"]}}],"collection":[{"href":"https:\/\/www.fbycc.org\/index.php\/wp-json\/wp\/v2\/posts"}],"about":[{"href":"https:\/\/www.fbycc.org\/index.php\/wp-json\/wp\/v2\/types\/post"}],"author":[{"embeddable":true,"href":"https:\/\/www.fbycc.org\/index.php\/wp-json\/wp\/v2\/users\/2"}],"replies":[{"embeddable":true,"href":"https:\/\/www.fbycc.org\/index.php\/wp-json\/wp\/v2\/comments?post=1484"}],"version-history":[{"count":7,"href":"https:\/\/www.fbycc.org\/index.php\/wp-json\/wp\/v2\/posts\/1484\/revisions"}],"predecessor-version":[{"id":1639,"href":"https:\/\/www.fbycc.org\/index.php\/wp-json\/wp\/v2\/posts\/1484\/revisions\/1639"}],"wp:attachment":[{"href":"https:\/\/www.fbycc.org\/index.php\/wp-json\/wp\/v2\/media?parent=1484"}],"wp:term":[{"taxonomy":"category","embeddable":true,"href":"https:\/\/www.fbycc.org\/index.php\/wp-json\/wp\/v2\/categories?post=1484"},{"taxonomy":"post_tag","embeddable":true,"href":"https:\/\/www.fbycc.org\/index.php\/wp-json\/wp\/v2\/tags?post=1484"}],"curies":[{"name":"wp","href":"https:\/\/api.w.org\/{rel}","templated":true}]}}